{"id":3360,"date":"2019-06-01T19:37:39","date_gmt":"2019-06-01T17:37:39","guid":{"rendered":"http:\/\/spp3.slawno.pl\/?p=3360"},"modified":"2019-06-03T19:43:49","modified_gmt":"2019-06-03T17:43:49","slug":"dzien-dziecka-w-lebie","status":"publish","type":"post","link":"http:\/\/spp3.slawno.pl\/?p=3360","title":{"rendered":"Dzie\u0144 Dziecka w \u0141ebie"},"content":{"rendered":"<p>Klasy I a, I b, I c i III a na Dzie\u0144 Dziecka wybra\u0142y si\u0119 do Parku Dinozaur\u00f3w w \u0141ebie. Mimo, \u017ce pogoda okaza\u0142a si\u0119 kapry\u015bna, to zabawa by\u0142a wy\u015bmienita.<\/p>\n<p><img loading=\"lazy\" decoding=\"async\" class=\"alignnone  wp-image-3362\" src=\"http:\/\/spp3.slawno.pl\/wp-content\/uploads\/2019\/06\/Dzie\u0144-Dziecka-\u0141eba1.jpg\" alt=\"\" width=\"522\" height=\"602\" srcset=\"http:\/\/spp3.slawno.pl\/wp-content\/uploads\/2019\/06\/Dzie\u0144-Dziecka-\u0141eba1.jpg 832w, http:\/\/spp3.slawno.pl\/wp-content\/uploads\/2019\/06\/Dzie\u0144-Dziecka-\u0141eba1-260x300.jpg 260w, http:\/\/spp3.slawno.pl\/wp-content\/uploads\/2019\/06\/Dzie\u0144-Dziecka-\u0141eba1-768x886.jpg 768w\" sizes=\"(max-width: 522px) 100vw, 522px\" \/> <img loading=\"lazy\" decoding=\"async\" class=\"alignnone  wp-image-3363\" src=\"http:\/\/spp3.slawno.pl\/wp-content\/uploads\/2019\/06\/Dzie\u0144-Dziecka-\u0141eba2.jpg\" alt=\"\" width=\"523\" height=\"754\" srcset=\"http:\/\/spp3.slawno.pl\/wp-content\/uploads\/2019\/06\/Dzie\u0144-Dziecka-\u0141eba2.jpg 666w, http:\/\/spp3.slawno.pl\/wp-content\/uploads\/2019\/06\/Dzie\u0144-Dziecka-\u0141eba2-208x300.jpg 208w\" sizes=\"(max-width: 523px) 100vw, 523px\" \/> <img loading=\"lazy\" decoding=\"async\" class=\"alignnone  wp-image-3364\" src=\"http:\/\/spp3.slawno.pl\/wp-content\/uploads\/2019\/06\/Dzie\u0144-Dziecka-\u0141eba3.jpg\" alt=\"\" width=\"525\" height=\"655\" srcset=\"http:\/\/spp3.slawno.pl\/wp-content\/uploads\/2019\/06\/Dzie\u0144-Dziecka-\u0141eba3.jpg 770w, http:\/\/spp3.slawno.pl\/wp-content\/uploads\/2019\/06\/Dzie\u0144-Dziecka-\u0141eba3-241x300.jpg 241w, http:\/\/spp3.slawno.pl\/wp-content\/uploads\/2019\/06\/Dzie\u0144-Dziecka-\u0141eba3-768x958.jpg 768w\" sizes=\"(max-width: 525px) 100vw, 525px\" \/> <img loading=\"lazy\" decoding=\"async\" class=\"alignnone  wp-image-3365\" src=\"http:\/\/spp3.slawno.pl\/wp-content\/uploads\/2019\/06\/Dzie\u0144-Dziecka-\u0141eba4.jpg\" alt=\"\" width=\"721\" height=\"701\" srcset=\"http:\/\/spp3.slawno.pl\/wp-content\/uploads\/2019\/06\/Dzie\u0144-Dziecka-\u0141eba4.jpg 960w, http:\/\/spp3.slawno.pl\/wp-content\/uploads\/2019\/06\/Dzie\u0144-Dziecka-\u0141eba4-300x292.jpg 300w, http:\/\/spp3.slawno.pl\/wp-content\/uploads\/2019\/06\/Dzie\u0144-Dziecka-\u0141eba4-768x747.jpg 768w\" sizes=\"(max-width: 721px) 100vw, 721px\" \/> <img loading=\"lazy\" decoding=\"async\" class=\"alignnone  wp-image-3366\" src=\"http:\/\/spp3.slawno.pl\/wp-content\/uploads\/2019\/06\/Dzie\u0144-Dziecka-\u0141eba5.jpg\" alt=\"\" width=\"719\" height=\"432\" srcset=\"http:\/\/spp3.slawno.pl\/wp-content\/uploads\/2019\/06\/Dzie\u0144-Dziecka-\u0141eba5.jpg 960w, http:\/\/spp3.slawno.pl\/wp-content\/uploads\/2019\/06\/Dzie\u0144-Dziecka-\u0141eba5-300x180.jpg 300w, http:\/\/spp3.slawno.pl\/wp-content\/uploads\/2019\/06\/Dzie\u0144-Dziecka-\u0141eba5-768x462.jpg 768w\" sizes=\"(max-width: 719px) 100vw, 719px\" \/> <img loading=\"lazy\" decoding=\"async\" class=\"alignnone  wp-image-3367\" src=\"http:\/\/spp3.slawno.pl\/wp-content\/uploads\/2019\/06\/Dzie\u0144-Dziecka-\u0141eba6.jpg\" alt=\"\" width=\"721\" height=\"541\" srcset=\"http:\/\/spp3.slawno.pl\/wp-content\/uploads\/2019\/06\/Dzie\u0144-Dziecka-\u0141eba6.jpg 960w, http:\/\/spp3.slawno.pl\/wp-content\/uploads\/2019\/06\/Dzie\u0144-Dziecka-\u0141eba6-300x225.jpg 300w, http:\/\/spp3.slawno.pl\/wp-content\/uploads\/2019\/06\/Dzie\u0144-Dziecka-\u0141eba6-768x576.jpg 768w, http:\/\/spp3.slawno.pl\/wp-content\/uploads\/2019\/06\/Dzie\u0144-Dziecka-\u0141eba6-678x509.jpg 678w, http:\/\/spp3.slawno.pl\/wp-content\/uploads\/2019\/06\/Dzie\u0144-Dziecka-\u0141eba6-326x245.jpg 326w, http:\/\/spp3.slawno.pl\/wp-content\/uploads\/2019\/06\/Dzie\u0144-Dziecka-\u0141eba6-80x60.jpg 80w\" sizes=\"(max-width: 721px) 100vw, 721px\" \/> <img loading=\"lazy\" decoding=\"async\" class=\"alignnone  wp-image-3368\" src=\"http:\/\/spp3.slawno.pl\/wp-content\/uploads\/2019\/06\/Dzie\u0144-Dziecka-\u0141eba7.jpg\" alt=\"\" width=\"726\" height=\"544\" srcset=\"http:\/\/spp3.slawno.pl\/wp-content\/uploads\/2019\/06\/Dzie\u0144-Dziecka-\u0141eba7.jpg 960w, http:\/\/spp3.slawno.pl\/wp-content\/uploads\/2019\/06\/Dzie\u0144-Dziecka-\u0141eba7-300x225.jpg 300w, http:\/\/spp3.slawno.pl\/wp-content\/uploads\/2019\/06\/Dzie\u0144-Dziecka-\u0141eba7-768x576.jpg 768w, http:\/\/spp3.slawno.pl\/wp-content\/uploads\/2019\/06\/Dzie\u0144-Dziecka-\u0141eba7-678x509.jpg 678w, http:\/\/spp3.slawno.pl\/wp-content\/uploads\/2019\/06\/Dzie\u0144-Dziecka-\u0141eba7-326x245.jpg 326w, http:\/\/spp3.slawno.pl\/wp-content\/uploads\/2019\/06\/Dzie\u0144-Dziecka-\u0141eba7-80x60.jpg 80w\" sizes=\"(max-width: 726px) 100vw, 726px\" \/> <img loading=\"lazy\" decoding=\"async\" class=\"alignnone  wp-image-3369\" src=\"http:\/\/spp3.slawno.pl\/wp-content\/uploads\/2019\/06\/Dzie\u0144-Dziecka-\u0141eba8.jpg\" alt=\"\" width=\"731\" height=\"771\" srcset=\"http:\/\/spp3.slawno.pl\/wp-content\/uploads\/2019\/06\/Dzie\u0144-Dziecka-\u0141eba8.jpg 910w, http:\/\/spp3.slawno.pl\/wp-content\/uploads\/2019\/06\/Dzie\u0144-Dziecka-\u0141eba8-284x300.jpg 284w, http:\/\/spp3.slawno.pl\/wp-content\/uploads\/2019\/06\/Dzie\u0144-Dziecka-\u0141eba8-768x810.jpg 768w\" sizes=\"(max-width: 731px) 100vw, 731px\" \/><\/p>\n","protected":false},"excerpt":{"rendered":"<div class=\"mh-excerpt\"><p>Klasy I a, I b, I c i III a na Dzie\u0144 Dziecka wybra\u0142y si\u0119 do Parku Dinozaur\u00f3w w \u0141ebie. Mimo, \u017ce pogoda okaza\u0142a si\u0119 <a class=\"mh-excerpt-more\" href=\"http:\/\/spp3.slawno.pl\/?p=3360\" title=\"Dzie\u0144 Dziecka w \u0141ebie\">[&#8230;]<\/a><\/p>\n<\/div>","protected":false},"author":2,"featured_media":3361,"comment_status":"closed","ping_status":"open","sticky":false,"template":"","format":"standard","meta":{"footnotes":""},"categories":[8],"tags":[],"class_list":["post-3360","post","type-post","status-publish","format-standard","has-post-thumbnail","hentry","category-wydarzenia"],"_links":{"self":[{"href":"http:\/\/spp3.slawno.pl\/index.php?rest_route=\/wp\/v2\/posts\/3360"}],"collection":[{"href":"http:\/\/spp3.slawno.pl\/index.php?rest_route=\/wp\/v2\/posts"}],"about":[{"href":"http:\/\/spp3.slawno.pl\/index.php?rest_route=\/wp\/v2\/types\/post"}],"author":[{"embeddable":true,"href":"http:\/\/spp3.slawno.pl\/index.php?rest_route=\/wp\/v2\/users\/2"}],"replies":[{"embeddable":true,"href":"http:\/\/spp3.slawno.pl\/index.php?rest_route=%2Fwp%2Fv2%2Fcomments&post=3360"}],"version-history":[{"count":1,"href":"http:\/\/spp3.slawno.pl\/index.php?rest_route=\/wp\/v2\/posts\/3360\/revisions"}],"predecessor-version":[{"id":3370,"href":"http:\/\/spp3.slawno.pl\/index.php?rest_route=\/wp\/v2\/posts\/3360\/revisions\/3370"}],"wp:featuredmedia":[{"embeddable":true,"href":"http:\/\/spp3.slawno.pl\/index.php?rest_route=\/wp\/v2\/media\/3361"}],"wp:attachment":[{"href":"http:\/\/spp3.slawno.pl\/index.php?rest_route=%2Fwp%2Fv2%2Fmedia&parent=3360"}],"wp:term":[{"taxonomy":"category","embeddable":true,"href":"http:\/\/spp3.slawno.pl\/index.php?rest_route=%2Fwp%2Fv2%2Fcategories&post=3360"},{"taxonomy":"post_tag","embeddable":true,"href":"http:\/\/spp3.slawno.pl\/index.php?rest_route=%2Fwp%2Fv2%2Ftags&post=3360"}],"curies":[{"name":"wp","href":"https:\/\/api.w.org\/{rel}","templated":true}]}}