{"id":3371,"date":"2019-06-01T19:45:08","date_gmt":"2019-06-01T17:45:08","guid":{"rendered":"http:\/\/spp3.slawno.pl\/?p=3371"},"modified":"2019-06-03T19:53:44","modified_gmt":"2019-06-03T17:53:44","slug":"chatka-zagadka-dzien-dziecka","status":"publish","type":"post","link":"http:\/\/spp3.slawno.pl\/?p=3371","title":{"rendered":"Chatka Zagadka &#8211; Dzie\u0144 Dziecka"},"content":{"rendered":"<p>Nauczyciele i uczniowie naszej szko\u0142y brali czynny udzia\u0142 w Miejskim Dniu Dziecka.<\/p>\n<p><img loading=\"lazy\" decoding=\"async\" class=\"alignnone  wp-image-3373\" src=\"http:\/\/spp3.slawno.pl\/wp-content\/uploads\/2019\/06\/Chatka-Zagadka1.jpg\" alt=\"\" width=\"495\" height=\"660\" srcset=\"http:\/\/spp3.slawno.pl\/wp-content\/uploads\/2019\/06\/Chatka-Zagadka1.jpg 720w, http:\/\/spp3.slawno.pl\/wp-content\/uploads\/2019\/06\/Chatka-Zagadka1-225x300.jpg 225w\" sizes=\"(max-width: 495px) 100vw, 495px\" \/> <img loading=\"lazy\" decoding=\"async\" class=\"alignnone  wp-image-3374\" src=\"http:\/\/spp3.slawno.pl\/wp-content\/uploads\/2019\/06\/Chatka-Zagadka2.jpg\" alt=\"\" width=\"498\" height=\"664\" srcset=\"http:\/\/spp3.slawno.pl\/wp-content\/uploads\/2019\/06\/Chatka-Zagadka2.jpg 720w, http:\/\/spp3.slawno.pl\/wp-content\/uploads\/2019\/06\/Chatka-Zagadka2-225x300.jpg 225w\" sizes=\"(max-width: 498px) 100vw, 498px\" \/><\/p>\n","protected":false},"excerpt":{"rendered":"<div class=\"mh-excerpt\"><p>Nauczyciele i uczniowie naszej szko\u0142y brali czynny udzia\u0142 w Miejskim Dniu Dziecka.<\/p>\n<\/div>","protected":false},"author":2,"featured_media":3372,"comment_status":"closed","ping_status":"open","sticky":false,"template":"","format":"standard","meta":{"footnotes":""},"categories":[8],"tags":[],"class_list":["post-3371","post","type-post","status-publish","format-standard","has-post-thumbnail","hentry","category-wydarzenia"],"_links":{"self":[{"href":"http:\/\/spp3.slawno.pl\/index.php?rest_route=\/wp\/v2\/posts\/3371"}],"collection":[{"href":"http:\/\/spp3.slawno.pl\/index.php?rest_route=\/wp\/v2\/posts"}],"about":[{"href":"http:\/\/spp3.slawno.pl\/index.php?rest_route=\/wp\/v2\/types\/post"}],"author":[{"embeddable":true,"href":"http:\/\/spp3.slawno.pl\/index.php?rest_route=\/wp\/v2\/users\/2"}],"replies":[{"embeddable":true,"href":"http:\/\/spp3.slawno.pl\/index.php?rest_route=%2Fwp%2Fv2%2Fcomments&post=3371"}],"version-history":[{"count":1,"href":"http:\/\/spp3.slawno.pl\/index.php?rest_route=\/wp\/v2\/posts\/3371\/revisions"}],"predecessor-version":[{"id":3375,"href":"http:\/\/spp3.slawno.pl\/index.php?rest_route=\/wp\/v2\/posts\/3371\/revisions\/3375"}],"wp:featuredmedia":[{"embeddable":true,"href":"http:\/\/spp3.slawno.pl\/index.php?rest_route=\/wp\/v2\/media\/3372"}],"wp:attachment":[{"href":"http:\/\/spp3.slawno.pl\/index.php?rest_route=%2Fwp%2Fv2%2Fmedia&parent=3371"}],"wp:term":[{"taxonomy":"category","embeddable":true,"href":"http:\/\/spp3.slawno.pl\/index.php?rest_route=%2Fwp%2Fv2%2Fcategories&post=3371"},{"taxonomy":"post_tag","embeddable":true,"href":"http:\/\/spp3.slawno.pl\/index.php?rest_route=%2Fwp%2Fv2%2Ftags&post=3371"}],"curies":[{"name":"wp","href":"https:\/\/api.w.org\/{rel}","templated":true}]}}