{"id":3700,"date":"2019-10-09T17:57:54","date_gmt":"2019-10-09T15:57:54","guid":{"rendered":"http:\/\/spp3.slawno.pl\/?p=3700"},"modified":"2019-10-09T17:57:54","modified_gmt":"2019-10-09T15:57:54","slug":"warzywno-owocowe-czary-mary","status":"publish","type":"post","link":"http:\/\/spp3.slawno.pl\/?p=3700","title":{"rendered":",,Warzywno-owocowe Czary Mary&#8221;"},"content":{"rendered":"<p>Uczniowie klasy III a wzi\u0119li udzia\u0142 w warsztatach kulinarnych ,,Warzywno-owocowe Czary Mary&#8221;. Zaj\u0119cia odby\u0142y si\u0119 w dworku Golikowo.<\/p>\n<p><img loading=\"lazy\" decoding=\"async\" class=\"alignnone  wp-image-3701\" src=\"http:\/\/spp3.slawno.pl\/wp-content\/uploads\/2019\/10\/Golikowo.jpg\" alt=\"\" width=\"396\" height=\"528\" srcset=\"http:\/\/spp3.slawno.pl\/wp-content\/uploads\/2019\/10\/Golikowo.jpg 620w, http:\/\/spp3.slawno.pl\/wp-content\/uploads\/2019\/10\/Golikowo-225x300.jpg 225w\" sizes=\"(max-width: 396px) 100vw, 396px\" \/>\u00a0<img loading=\"lazy\" decoding=\"async\" class=\"alignnone  wp-image-3702\" src=\"http:\/\/spp3.slawno.pl\/wp-content\/uploads\/2019\/10\/Golikowo1.jpg\" alt=\"\" width=\"593\" height=\"444\" srcset=\"http:\/\/spp3.slawno.pl\/wp-content\/uploads\/2019\/10\/Golikowo1.jpg 960w, http:\/\/spp3.slawno.pl\/wp-content\/uploads\/2019\/10\/Golikowo1-300x225.jpg 300w, http:\/\/spp3.slawno.pl\/wp-content\/uploads\/2019\/10\/Golikowo1-768x576.jpg 768w, http:\/\/spp3.slawno.pl\/wp-content\/uploads\/2019\/10\/Golikowo1-678x509.jpg 678w, http:\/\/spp3.slawno.pl\/wp-content\/uploads\/2019\/10\/Golikowo1-326x245.jpg 326w, http:\/\/spp3.slawno.pl\/wp-content\/uploads\/2019\/10\/Golikowo1-80x60.jpg 80w\" sizes=\"(max-width: 593px) 100vw, 593px\" \/> <img loading=\"lazy\" decoding=\"async\" class=\"alignnone  wp-image-3703\" src=\"http:\/\/spp3.slawno.pl\/wp-content\/uploads\/2019\/10\/Golikowo2.jpg\" alt=\"\" width=\"719\" height=\"540\" srcset=\"http:\/\/spp3.slawno.pl\/wp-content\/uploads\/2019\/10\/Golikowo2.jpg 960w, http:\/\/spp3.slawno.pl\/wp-content\/uploads\/2019\/10\/Golikowo2-300x225.jpg 300w, http:\/\/spp3.slawno.pl\/wp-content\/uploads\/2019\/10\/Golikowo2-768x576.jpg 768w, http:\/\/spp3.slawno.pl\/wp-content\/uploads\/2019\/10\/Golikowo2-678x509.jpg 678w, http:\/\/spp3.slawno.pl\/wp-content\/uploads\/2019\/10\/Golikowo2-326x245.jpg 326w, http:\/\/spp3.slawno.pl\/wp-content\/uploads\/2019\/10\/Golikowo2-80x60.jpg 80w\" sizes=\"(max-width: 719px) 100vw, 719px\" \/> <img loading=\"lazy\" decoding=\"async\" class=\"alignnone  wp-image-3704\" src=\"http:\/\/spp3.slawno.pl\/wp-content\/uploads\/2019\/10\/Golikowo3.jpg\" alt=\"\" width=\"493\" height=\"657\" srcset=\"http:\/\/spp3.slawno.pl\/wp-content\/uploads\/2019\/10\/Golikowo3.jpg 720w, http:\/\/spp3.slawno.pl\/wp-content\/uploads\/2019\/10\/Golikowo3-225x300.jpg 225w\" sizes=\"(max-width: 493px) 100vw, 493px\" \/> <img loading=\"lazy\" decoding=\"async\" class=\"alignnone  wp-image-3705\" src=\"http:\/\/spp3.slawno.pl\/wp-content\/uploads\/2019\/10\/Golikowo4.jpg\" alt=\"\" width=\"475\" height=\"633\" srcset=\"http:\/\/spp3.slawno.pl\/wp-content\/uploads\/2019\/10\/Golikowo4.jpg 720w, http:\/\/spp3.slawno.pl\/wp-content\/uploads\/2019\/10\/Golikowo4-225x300.jpg 225w\" sizes=\"(max-width: 475px) 100vw, 475px\" \/> <img loading=\"lazy\" decoding=\"async\" class=\"alignnone  wp-image-3706\" src=\"http:\/\/spp3.slawno.pl\/wp-content\/uploads\/2019\/10\/Golikowo5.jpg\" alt=\"\" width=\"496\" height=\"661\" srcset=\"http:\/\/spp3.slawno.pl\/wp-content\/uploads\/2019\/10\/Golikowo5.jpg 720w, http:\/\/spp3.slawno.pl\/wp-content\/uploads\/2019\/10\/Golikowo5-225x300.jpg 225w\" sizes=\"(max-width: 496px) 100vw, 496px\" \/> <img loading=\"lazy\" decoding=\"async\" class=\"alignnone  wp-image-3708\" src=\"http:\/\/spp3.slawno.pl\/wp-content\/uploads\/2019\/10\/Golikowo7.jpg\" alt=\"\" width=\"487\" height=\"649\" srcset=\"http:\/\/spp3.slawno.pl\/wp-content\/uploads\/2019\/10\/Golikowo7.jpg 720w, http:\/\/spp3.slawno.pl\/wp-content\/uploads\/2019\/10\/Golikowo7-225x300.jpg 225w\" sizes=\"(max-width: 487px) 100vw, 487px\" \/> <img loading=\"lazy\" decoding=\"async\" class=\"alignnone  wp-image-3709\" src=\"http:\/\/spp3.slawno.pl\/wp-content\/uploads\/2019\/10\/Golikowo8.jpg\" alt=\"\" width=\"495\" height=\"660\" srcset=\"http:\/\/spp3.slawno.pl\/wp-content\/uploads\/2019\/10\/Golikowo8.jpg 720w, http:\/\/spp3.slawno.pl\/wp-content\/uploads\/2019\/10\/Golikowo8-225x300.jpg 225w\" sizes=\"(max-width: 495px) 100vw, 495px\" \/><\/p>\n","protected":false},"excerpt":{"rendered":"<div class=\"mh-excerpt\"><p>Uczniowie klasy III a wzi\u0119li udzia\u0142 w warsztatach kulinarnych ,,Warzywno-owocowe Czary Mary&#8221;. Zaj\u0119cia odby\u0142y si\u0119 w dworku Golikowo. \u00a0<\/p>\n<\/div>","protected":false},"author":2,"featured_media":3707,"comment_status":"closed","ping_status":"open","sticky":false,"template":"","format":"standard","meta":{"footnotes":""},"categories":[22,8],"tags":[],"class_list":["post-3700","post","type-post","status-publish","format-standard","has-post-thumbnail","hentry","category-lekcje-w-naszej-szkole-nie-sa-nudne","category-wydarzenia"],"_links":{"self":[{"href":"http:\/\/spp3.slawno.pl\/index.php?rest_route=\/wp\/v2\/posts\/3700"}],"collection":[{"href":"http:\/\/spp3.slawno.pl\/index.php?rest_route=\/wp\/v2\/posts"}],"about":[{"href":"http:\/\/spp3.slawno.pl\/index.php?rest_route=\/wp\/v2\/types\/post"}],"author":[{"embeddable":true,"href":"http:\/\/spp3.slawno.pl\/index.php?rest_route=\/wp\/v2\/users\/2"}],"replies":[{"embeddable":true,"href":"http:\/\/spp3.slawno.pl\/index.php?rest_route=%2Fwp%2Fv2%2Fcomments&post=3700"}],"version-history":[{"count":1,"href":"http:\/\/spp3.slawno.pl\/index.php?rest_route=\/wp\/v2\/posts\/3700\/revisions"}],"predecessor-version":[{"id":3710,"href":"http:\/\/spp3.slawno.pl\/index.php?rest_route=\/wp\/v2\/posts\/3700\/revisions\/3710"}],"wp:featuredmedia":[{"embeddable":true,"href":"http:\/\/spp3.slawno.pl\/index.php?rest_route=\/wp\/v2\/media\/3707"}],"wp:attachment":[{"href":"http:\/\/spp3.slawno.pl\/index.php?rest_route=%2Fwp%2Fv2%2Fmedia&parent=3700"}],"wp:term":[{"taxonomy":"category","embeddable":true,"href":"http:\/\/spp3.slawno.pl\/index.php?rest_route=%2Fwp%2Fv2%2Fcategories&post=3700"},{"taxonomy":"post_tag","embeddable":true,"href":"http:\/\/spp3.slawno.pl\/index.php?rest_route=%2Fwp%2Fv2%2Ftags&post=3700"}],"curies":[{"name":"wp","href":"https:\/\/api.w.org\/{rel}","templated":true}]}}