{"id":3800,"date":"2019-10-16T18:34:39","date_gmt":"2019-10-16T16:34:39","guid":{"rendered":"http:\/\/spp3.slawno.pl\/?p=3800"},"modified":"2019-10-16T18:42:12","modified_gmt":"2019-10-16T16:42:12","slug":"lesna-lekcja","status":"publish","type":"post","link":"http:\/\/spp3.slawno.pl\/?p=3800","title":{"rendered":"Le\u015bna lekcja"},"content":{"rendered":"<p>Klasy trzecie i II a wybra\u0142y si\u0119 do lasu na zaj\u0119cia przyrodnicze. Wszyscy obserwowali warstwy lasu.<\/p>\n<p><img loading=\"lazy\" decoding=\"async\" class=\"alignnone wp-image-3801\" src=\"http:\/\/spp3.slawno.pl\/wp-content\/uploads\/2019\/10\/Jesie\u0144.jpg\" alt=\"\" width=\"544\" height=\"725\" srcset=\"http:\/\/spp3.slawno.pl\/wp-content\/uploads\/2019\/10\/Jesie\u0144.jpg 620w, http:\/\/spp3.slawno.pl\/wp-content\/uploads\/2019\/10\/Jesie\u0144-225x300.jpg 225w\" sizes=\"(max-width: 544px) 100vw, 544px\" \/> <img loading=\"lazy\" decoding=\"async\" class=\"alignnone wp-image-3803\" src=\"http:\/\/spp3.slawno.pl\/wp-content\/uploads\/2019\/10\/Jesie\u01442.jpg\" alt=\"\" width=\"543\" height=\"723\" srcset=\"http:\/\/spp3.slawno.pl\/wp-content\/uploads\/2019\/10\/Jesie\u01442.jpg 620w, http:\/\/spp3.slawno.pl\/wp-content\/uploads\/2019\/10\/Jesie\u01442-225x300.jpg 225w\" sizes=\"(max-width: 543px) 100vw, 543px\" \/> <img loading=\"lazy\" decoding=\"async\" class=\"alignnone wp-image-3804\" src=\"http:\/\/spp3.slawno.pl\/wp-content\/uploads\/2019\/10\/Jesie\u01443.jpg\" alt=\"\" width=\"544\" height=\"725\" srcset=\"http:\/\/spp3.slawno.pl\/wp-content\/uploads\/2019\/10\/Jesie\u01443.jpg 620w, http:\/\/spp3.slawno.pl\/wp-content\/uploads\/2019\/10\/Jesie\u01443-225x300.jpg 225w\" sizes=\"(max-width: 544px) 100vw, 544px\" \/><\/p>\n<p>&nbsp;<\/p>\n","protected":false},"excerpt":{"rendered":"<div class=\"mh-excerpt\"><p>Klasy trzecie i II a wybra\u0142y si\u0119 do lasu na zaj\u0119cia przyrodnicze. Wszyscy obserwowali warstwy lasu. &nbsp;<\/p>\n<\/div>","protected":false},"author":2,"featured_media":3802,"comment_status":"closed","ping_status":"open","sticky":false,"template":"","format":"standard","meta":{"footnotes":""},"categories":[22,8],"tags":[],"class_list":["post-3800","post","type-post","status-publish","format-standard","has-post-thumbnail","hentry","category-lekcje-w-naszej-szkole-nie-sa-nudne","category-wydarzenia"],"_links":{"self":[{"href":"http:\/\/spp3.slawno.pl\/index.php?rest_route=\/wp\/v2\/posts\/3800"}],"collection":[{"href":"http:\/\/spp3.slawno.pl\/index.php?rest_route=\/wp\/v2\/posts"}],"about":[{"href":"http:\/\/spp3.slawno.pl\/index.php?rest_route=\/wp\/v2\/types\/post"}],"author":[{"embeddable":true,"href":"http:\/\/spp3.slawno.pl\/index.php?rest_route=\/wp\/v2\/users\/2"}],"replies":[{"embeddable":true,"href":"http:\/\/spp3.slawno.pl\/index.php?rest_route=%2Fwp%2Fv2%2Fcomments&post=3800"}],"version-history":[{"count":1,"href":"http:\/\/spp3.slawno.pl\/index.php?rest_route=\/wp\/v2\/posts\/3800\/revisions"}],"predecessor-version":[{"id":3805,"href":"http:\/\/spp3.slawno.pl\/index.php?rest_route=\/wp\/v2\/posts\/3800\/revisions\/3805"}],"wp:featuredmedia":[{"embeddable":true,"href":"http:\/\/spp3.slawno.pl\/index.php?rest_route=\/wp\/v2\/media\/3802"}],"wp:attachment":[{"href":"http:\/\/spp3.slawno.pl\/index.php?rest_route=%2Fwp%2Fv2%2Fmedia&parent=3800"}],"wp:term":[{"taxonomy":"category","embeddable":true,"href":"http:\/\/spp3.slawno.pl\/index.php?rest_route=%2Fwp%2Fv2%2Fcategories&post=3800"},{"taxonomy":"post_tag","embeddable":true,"href":"http:\/\/spp3.slawno.pl\/index.php?rest_route=%2Fwp%2Fv2%2Ftags&post=3800"}],"curies":[{"name":"wp","href":"https:\/\/api.w.org\/{rel}","templated":true}]}}