{"id":4690,"date":"2020-03-04T17:55:04","date_gmt":"2020-03-04T16:55:04","guid":{"rendered":"http:\/\/spp3.slawno.pl\/?p=4690"},"modified":"2020-03-04T17:57:47","modified_gmt":"2020-03-04T16:57:47","slug":"konkurs-recytatorski","status":"publish","type":"post","link":"http:\/\/spp3.slawno.pl\/?p=4690","title":{"rendered":"Konkurs recytatorski"},"content":{"rendered":"<div>4 marca uczniowie naszej szko\u0142y wzi\u0119li udzia\u0142 w eliminacjach miejskich Wojew\u00f3dzkiego Konkursu Recytatorskiego, kt\u00f3re zosta\u0142y zorganizowane przez S\u0142awie\u0144ski Dom Kultury.<\/div>\n<div>Jury szczeg\u00f3lnie doceni\u0142o wyst\u0119p\u00a0<b>Amelii Szygendy\u00a0<\/b>&#8211; uczennicy klasy VIIa i przyzna\u0142o jej wyr\u00f3\u017cnienie.<\/div>\n<div>Wszyscy uczniowie godnie reprezentowali nasz\u0105 szko\u0142\u0119 i ciekawie recytowali przygotowane przez siebie teksty. Gratulujemy i \u017cyczymy dalszych sukces\u00f3w na scenie.<\/div>\n<div><img loading=\"lazy\" decoding=\"async\" class=\"alignnone size-large wp-image-4692\" src=\"http:\/\/spp3.slawno.pl\/wp-content\/uploads\/2020\/03\/Konkurs-recytatorski1.jpg\" alt=\"\" width=\"624\" height=\"832\" srcset=\"http:\/\/spp3.slawno.pl\/wp-content\/uploads\/2020\/03\/Konkurs-recytatorski1.jpg 624w, http:\/\/spp3.slawno.pl\/wp-content\/uploads\/2020\/03\/Konkurs-recytatorski1-225x300.jpg 225w\" sizes=\"(max-width: 624px) 100vw, 624px\" \/> <img loading=\"lazy\" decoding=\"async\" class=\"alignnone size-full wp-image-4693\" src=\"http:\/\/spp3.slawno.pl\/wp-content\/uploads\/2020\/03\/Konkurs-recytatorski2.jpg\" alt=\"\" width=\"624\" height=\"832\" srcset=\"http:\/\/spp3.slawno.pl\/wp-content\/uploads\/2020\/03\/Konkurs-recytatorski2.jpg 624w, http:\/\/spp3.slawno.pl\/wp-content\/uploads\/2020\/03\/Konkurs-recytatorski2-225x300.jpg 225w\" sizes=\"(max-width: 624px) 100vw, 624px\" \/><\/div>\n","protected":false},"excerpt":{"rendered":"<div class=\"mh-excerpt\"><p>4 marca uczniowie naszej szko\u0142y wzi\u0119li udzia\u0142 w eliminacjach miejskich Wojew\u00f3dzkiego Konkursu Recytatorskiego, kt\u00f3re zosta\u0142y zorganizowane przez S\u0142awie\u0144ski Dom Kultury. Jury szczeg\u00f3lnie doceni\u0142o wyst\u0119p\u00a0Amelii Szygendy\u00a0&#8211; <a class=\"mh-excerpt-more\" href=\"http:\/\/spp3.slawno.pl\/?p=4690\" title=\"Konkurs recytatorski\">[&#8230;]<\/a><\/p>\n<\/div>","protected":false},"author":2,"featured_media":4691,"comment_status":"closed","ping_status":"open","sticky":false,"template":"","format":"standard","meta":{"footnotes":""},"categories":[7,8],"tags":[],"class_list":["post-4690","post","type-post","status-publish","format-standard","has-post-thumbnail","hentry","category-konkursy","category-wydarzenia"],"_links":{"self":[{"href":"http:\/\/spp3.slawno.pl\/index.php?rest_route=\/wp\/v2\/posts\/4690"}],"collection":[{"href":"http:\/\/spp3.slawno.pl\/index.php?rest_route=\/wp\/v2\/posts"}],"about":[{"href":"http:\/\/spp3.slawno.pl\/index.php?rest_route=\/wp\/v2\/types\/post"}],"author":[{"embeddable":true,"href":"http:\/\/spp3.slawno.pl\/index.php?rest_route=\/wp\/v2\/users\/2"}],"replies":[{"embeddable":true,"href":"http:\/\/spp3.slawno.pl\/index.php?rest_route=%2Fwp%2Fv2%2Fcomments&post=4690"}],"version-history":[{"count":1,"href":"http:\/\/spp3.slawno.pl\/index.php?rest_route=\/wp\/v2\/posts\/4690\/revisions"}],"predecessor-version":[{"id":4694,"href":"http:\/\/spp3.slawno.pl\/index.php?rest_route=\/wp\/v2\/posts\/4690\/revisions\/4694"}],"wp:featuredmedia":[{"embeddable":true,"href":"http:\/\/spp3.slawno.pl\/index.php?rest_route=\/wp\/v2\/media\/4691"}],"wp:attachment":[{"href":"http:\/\/spp3.slawno.pl\/index.php?rest_route=%2Fwp%2Fv2%2Fmedia&parent=4690"}],"wp:term":[{"taxonomy":"category","embeddable":true,"href":"http:\/\/spp3.slawno.pl\/index.php?rest_route=%2Fwp%2Fv2%2Fcategories&post=4690"},{"taxonomy":"post_tag","embeddable":true,"href":"http:\/\/spp3.slawno.pl\/index.php?rest_route=%2Fwp%2Fv2%2Ftags&post=4690"}],"curies":[{"name":"wp","href":"https:\/\/api.w.org\/{rel}","templated":true}]}}