{"id":4741,"date":"2020-03-13T11:27:29","date_gmt":"2020-03-13T10:27:29","guid":{"rendered":"http:\/\/spp3.slawno.pl\/?p=4741"},"modified":"2020-03-13T11:27:29","modified_gmt":"2020-03-13T10:27:29","slug":"ogloszenie-kontakt-ze-szkola","status":"publish","type":"post","link":"http:\/\/spp3.slawno.pl\/?p=4741","title":{"rendered":"Og\u0142oszenie-kontakt ze szko\u0142\u0105"},"content":{"rendered":"<h2 style=\"text-align: center;\"><strong>W zwi\u0105zku z zawieszeniem zaj\u0119\u0107 dydaktyczno-wychowawczych <\/strong><\/h2>\n<h2 style=\"text-align: center;\"><strong>w przedszkolach, szko\u0142ach i plac\u00f3wkach o\u015bwiatowych<\/strong><\/h2>\n<p>&nbsp;<\/p>\n<p style=\"text-align: center;\">Od 16 do 25 marca 2020 r. funkcjonowanie Szko\u0142y zostaje czasowo ograniczone.<\/p>\n<p style=\"text-align: center;\">Dlatego w sprawach <span style=\"color: #ff0000;\"><strong>pilnych <\/strong><\/span>mo\u017cliwy b\u0119dzie tylko kontakt telefoniczny<\/p>\n<p style=\"text-align: center;\"><span style=\"color: #ff0000;\"><strong>w godz. 8.00-15.00<\/strong><\/span><\/p>\n<p style=\"text-align: center;\">pod numerem <span style=\"color: #ff0000;\"><strong>530626501 <\/strong><\/span><\/p>\n","protected":false},"excerpt":{"rendered":"<div class=\"mh-excerpt\"><p>W zwi\u0105zku z zawieszeniem zaj\u0119\u0107 dydaktyczno-wychowawczych w przedszkolach, szko\u0142ach i plac\u00f3wkach o\u015bwiatowych &nbsp; Od 16 do 25 marca 2020 r. funkcjonowanie Szko\u0142y zostaje czasowo ograniczone. <a class=\"mh-excerpt-more\" href=\"http:\/\/spp3.slawno.pl\/?p=4741\" title=\"Og\u0142oszenie-kontakt ze szko\u0142\u0105\">[&#8230;]<\/a><\/p>\n<\/div>","protected":false},"author":2,"featured_media":4737,"comment_status":"closed","ping_status":"open","sticky":false,"template":"","format":"standard","meta":{"footnotes":""},"categories":[8],"tags":[],"class_list":["post-4741","post","type-post","status-publish","format-standard","has-post-thumbnail","hentry","category-wydarzenia"],"_links":{"self":[{"href":"http:\/\/spp3.slawno.pl\/index.php?rest_route=\/wp\/v2\/posts\/4741"}],"collection":[{"href":"http:\/\/spp3.slawno.pl\/index.php?rest_route=\/wp\/v2\/posts"}],"about":[{"href":"http:\/\/spp3.slawno.pl\/index.php?rest_route=\/wp\/v2\/types\/post"}],"author":[{"embeddable":true,"href":"http:\/\/spp3.slawno.pl\/index.php?rest_route=\/wp\/v2\/users\/2"}],"replies":[{"embeddable":true,"href":"http:\/\/spp3.slawno.pl\/index.php?rest_route=%2Fwp%2Fv2%2Fcomments&post=4741"}],"version-history":[{"count":1,"href":"http:\/\/spp3.slawno.pl\/index.php?rest_route=\/wp\/v2\/posts\/4741\/revisions"}],"predecessor-version":[{"id":4742,"href":"http:\/\/spp3.slawno.pl\/index.php?rest_route=\/wp\/v2\/posts\/4741\/revisions\/4742"}],"wp:featuredmedia":[{"embeddable":true,"href":"http:\/\/spp3.slawno.pl\/index.php?rest_route=\/wp\/v2\/media\/4737"}],"wp:attachment":[{"href":"http:\/\/spp3.slawno.pl\/index.php?rest_route=%2Fwp%2Fv2%2Fmedia&parent=4741"}],"wp:term":[{"taxonomy":"category","embeddable":true,"href":"http:\/\/spp3.slawno.pl\/index.php?rest_route=%2Fwp%2Fv2%2Fcategories&post=4741"},{"taxonomy":"post_tag","embeddable":true,"href":"http:\/\/spp3.slawno.pl\/index.php?rest_route=%2Fwp%2Fv2%2Ftags&post=4741"}],"curies":[{"name":"wp","href":"https:\/\/api.w.org\/{rel}","templated":true}]}}