{"id":4838,"date":"2020-04-02T19:47:19","date_gmt":"2020-04-02T17:47:19","guid":{"rendered":"http:\/\/spp3.slawno.pl\/?p=4838"},"modified":"2020-04-02T19:47:19","modified_gmt":"2020-04-02T17:47:19","slug":"solidarni-z-dziecmi-z-wloch-klasa-2-c","status":"publish","type":"post","link":"http:\/\/spp3.slawno.pl\/?p=4838","title":{"rendered":"Solidarni z dzie\u0107mi z W\u0142och klasa 2 c"},"content":{"rendered":"<p>Rysunek t\u0119czy umieszczony w oknie na znak solidaryzowania si\u0119 z r\u00f3wie\u015bnikami z W\u0142och w walce z wirusem.<\/p>\n<p><img loading=\"lazy\" decoding=\"async\" class=\"alignnone  wp-image-4839\" src=\"http:\/\/spp3.slawno.pl\/wp-content\/uploads\/2020\/04\/received_222556038804802-507x1024.jpeg\" alt=\"\" width=\"384\" height=\"776\" srcset=\"http:\/\/spp3.slawno.pl\/wp-content\/uploads\/2020\/04\/received_222556038804802-507x1024.jpeg 507w, http:\/\/spp3.slawno.pl\/wp-content\/uploads\/2020\/04\/received_222556038804802-149x300.jpeg 149w, http:\/\/spp3.slawno.pl\/wp-content\/uploads\/2020\/04\/received_222556038804802-768x1551.jpeg 768w, http:\/\/spp3.slawno.pl\/wp-content\/uploads\/2020\/04\/received_222556038804802.jpeg 793w\" sizes=\"(max-width: 384px) 100vw, 384px\" \/> <img loading=\"lazy\" decoding=\"async\" class=\"alignnone  wp-image-4840\" src=\"http:\/\/spp3.slawno.pl\/wp-content\/uploads\/2020\/04\/received_240532273797364-768x1024.jpeg\" alt=\"\" width=\"556\" height=\"742\" srcset=\"http:\/\/spp3.slawno.pl\/wp-content\/uploads\/2020\/04\/received_240532273797364-768x1024.jpeg 768w, http:\/\/spp3.slawno.pl\/wp-content\/uploads\/2020\/04\/received_240532273797364-225x300.jpeg 225w, http:\/\/spp3.slawno.pl\/wp-content\/uploads\/2020\/04\/received_240532273797364.jpeg 1200w\" sizes=\"(max-width: 556px) 100vw, 556px\" \/><\/p>\n","protected":false},"excerpt":{"rendered":"<div class=\"mh-excerpt\"><p>Rysunek t\u0119czy umieszczony w oknie na znak solidaryzowania si\u0119 z r\u00f3wie\u015bnikami z W\u0142och w walce z wirusem.<\/p>\n<\/div>","protected":false},"author":2,"featured_media":4840,"comment_status":"closed","ping_status":"open","sticky":false,"template":"","format":"standard","meta":{"footnotes":""},"categories":[8],"tags":[],"class_list":["post-4838","post","type-post","status-publish","format-standard","has-post-thumbnail","hentry","category-wydarzenia"],"_links":{"self":[{"href":"http:\/\/spp3.slawno.pl\/index.php?rest_route=\/wp\/v2\/posts\/4838"}],"collection":[{"href":"http:\/\/spp3.slawno.pl\/index.php?rest_route=\/wp\/v2\/posts"}],"about":[{"href":"http:\/\/spp3.slawno.pl\/index.php?rest_route=\/wp\/v2\/types\/post"}],"author":[{"embeddable":true,"href":"http:\/\/spp3.slawno.pl\/index.php?rest_route=\/wp\/v2\/users\/2"}],"replies":[{"embeddable":true,"href":"http:\/\/spp3.slawno.pl\/index.php?rest_route=%2Fwp%2Fv2%2Fcomments&post=4838"}],"version-history":[{"count":1,"href":"http:\/\/spp3.slawno.pl\/index.php?rest_route=\/wp\/v2\/posts\/4838\/revisions"}],"predecessor-version":[{"id":4841,"href":"http:\/\/spp3.slawno.pl\/index.php?rest_route=\/wp\/v2\/posts\/4838\/revisions\/4841"}],"wp:featuredmedia":[{"embeddable":true,"href":"http:\/\/spp3.slawno.pl\/index.php?rest_route=\/wp\/v2\/media\/4840"}],"wp:attachment":[{"href":"http:\/\/spp3.slawno.pl\/index.php?rest_route=%2Fwp%2Fv2%2Fmedia&parent=4838"}],"wp:term":[{"taxonomy":"category","embeddable":true,"href":"http:\/\/spp3.slawno.pl\/index.php?rest_route=%2Fwp%2Fv2%2Fcategories&post=4838"},{"taxonomy":"post_tag","embeddable":true,"href":"http:\/\/spp3.slawno.pl\/index.php?rest_route=%2Fwp%2Fv2%2Ftags&post=4838"}],"curies":[{"name":"wp","href":"https:\/\/api.w.org\/{rel}","templated":true}]}}