{"id":4940,"date":"2020-04-15T20:55:16","date_gmt":"2020-04-15T18:55:16","guid":{"rendered":"http:\/\/spp3.slawno.pl\/?p=4940"},"modified":"2020-04-15T20:55:16","modified_gmt":"2020-04-15T18:55:16","slug":"konkurs-historyczny-2","status":"publish","type":"post","link":"http:\/\/spp3.slawno.pl\/?p=4940","title":{"rendered":"Konkurs historyczny"},"content":{"rendered":"<p>Uczniowie klas VI naszej szko\u0142y wzi\u0119li udzia\u0142 w konkursie na portret ostatniego kr\u00f3la elekcyjnego \u2013 Stanis\u0142awa Augusta Poniatowskiego.\u00a0 Prace opatrzone cytatami odnosz\u0105cymi si\u0119 do przedstawianej postaci\u00a0 mia\u0142y na celu wzbogacenie historycznej wiedzy uczni\u00f3w, oraz rozwijanie ich pasji plastycznych. Jury w sk\u0142adzie jednoosobowym przyzna\u0142o nast\u0119puj\u0105ce miejsca:<\/p>\n<p>Wyniki:<\/p>\n<ol>\n<li>Aleks Cendrowski kl. VIa,<\/li>\n<li>Maria Karolczak kl. VIe, Maja Motykowska kl. VIe, Miko\u0142aj Cichawa kl. VIa,<\/li>\n<li>Julia Recka kl. VIa, Oliwia Hetma\u0144ska kl. VIa, Oliwier Polski kl. VIb, Sara Zalewska kl. VIc.<\/li>\n<\/ol>\n<p>Wszystkim 19 uczestnikom konkursu serdecznie gratuluj\u0119 i dzi\u0119kuj\u0119 za pi\u0119kne prace.<\/p>\n<p><img loading=\"lazy\" decoding=\"async\" class=\"alignnone size-full wp-image-4949\" src=\"http:\/\/spp3.slawno.pl\/wp-content\/uploads\/2020\/04\/Aleks_Cendrowski-6a.jpg\" alt=\"\" width=\"620\" height=\"826\" srcset=\"http:\/\/spp3.slawno.pl\/wp-content\/uploads\/2020\/04\/Aleks_Cendrowski-6a.jpg 620w, http:\/\/spp3.slawno.pl\/wp-content\/uploads\/2020\/04\/Aleks_Cendrowski-6a-225x300.jpg 225w\" sizes=\"(max-width: 620px) 100vw, 620px\" \/> <img loading=\"lazy\" decoding=\"async\" class=\"alignnone size-large wp-image-4950\" src=\"http:\/\/spp3.slawno.pl\/wp-content\/uploads\/2020\/04\/Julia_Recka-6a.jpg\" alt=\"\" width=\"605\" height=\"807\" srcset=\"http:\/\/spp3.slawno.pl\/wp-content\/uploads\/2020\/04\/Julia_Recka-6a.jpg 605w, http:\/\/spp3.slawno.pl\/wp-content\/uploads\/2020\/04\/Julia_Recka-6a-225x300.jpg 225w\" sizes=\"(max-width: 605px) 100vw, 605px\" \/> <img loading=\"lazy\" decoding=\"async\" class=\"alignnone size-large wp-image-4951\" src=\"http:\/\/spp3.slawno.pl\/wp-content\/uploads\/2020\/04\/Maja-Motykowska-6e.jpg\" alt=\"\" width=\"540\" height=\"960\" srcset=\"http:\/\/spp3.slawno.pl\/wp-content\/uploads\/2020\/04\/Maja-Motykowska-6e.jpg 540w, http:\/\/spp3.slawno.pl\/wp-content\/uploads\/2020\/04\/Maja-Motykowska-6e-169x300.jpg 169w\" sizes=\"(max-width: 540px) 100vw, 540px\" \/> <img loading=\"lazy\" decoding=\"async\" class=\"alignnone size-large wp-image-4952\" src=\"http:\/\/spp3.slawno.pl\/wp-content\/uploads\/2020\/04\/Maria-Karolczak-6e.jpg\" alt=\"\" width=\"540\" height=\"960\" srcset=\"http:\/\/spp3.slawno.pl\/wp-content\/uploads\/2020\/04\/Maria-Karolczak-6e.jpg 540w, http:\/\/spp3.slawno.pl\/wp-content\/uploads\/2020\/04\/Maria-Karolczak-6e-169x300.jpg 169w\" sizes=\"(max-width: 540px) 100vw, 540px\" \/> <img loading=\"lazy\" decoding=\"async\" class=\"alignnone size-large wp-image-4953\" src=\"http:\/\/spp3.slawno.pl\/wp-content\/uploads\/2020\/04\/Miko\u0142aj_Cichawa-6a.jpg\" alt=\"\" width=\"654\" height=\"445\" srcset=\"http:\/\/spp3.slawno.pl\/wp-content\/uploads\/2020\/04\/Miko\u0142aj_Cichawa-6a.jpg 654w, http:\/\/spp3.slawno.pl\/wp-content\/uploads\/2020\/04\/Miko\u0142aj_Cichawa-6a-300x204.jpg 300w\" sizes=\"(max-width: 654px) 100vw, 654px\" \/><\/p>\n<figure id=\"attachment_4954\" aria-describedby=\"caption-attachment-4954\" style=\"width: 692px\" class=\"wp-caption alignnone\"><img loading=\"lazy\" decoding=\"async\" class=\"size-large wp-image-4954\" src=\"http:\/\/spp3.slawno.pl\/wp-content\/uploads\/2020\/04\/Oliwia_Hetma\u0144ska-6a.jpg\" alt=\"\" width=\"692\" height=\"922\" srcset=\"http:\/\/spp3.slawno.pl\/wp-content\/uploads\/2020\/04\/Oliwia_Hetma\u0144ska-6a.jpg 692w, http:\/\/spp3.slawno.pl\/wp-content\/uploads\/2020\/04\/Oliwia_Hetma\u0144ska-6a-225x300.jpg 225w\" sizes=\"(max-width: 692px) 100vw, 692px\" \/><figcaption id=\"caption-attachment-4954\" class=\"wp-caption-text\">nor<\/figcaption><\/figure>\n<p><img loading=\"lazy\" decoding=\"async\" class=\"alignnone size-large wp-image-4955\" src=\"http:\/\/spp3.slawno.pl\/wp-content\/uploads\/2020\/04\/Oliwier_Polski-6b.jpg\" alt=\"\" width=\"480\" height=\"640\" srcset=\"http:\/\/spp3.slawno.pl\/wp-content\/uploads\/2020\/04\/Oliwier_Polski-6b.jpg 480w, http:\/\/spp3.slawno.pl\/wp-content\/uploads\/2020\/04\/Oliwier_Polski-6b-225x300.jpg 225w\" sizes=\"(max-width: 480px) 100vw, 480px\" \/> <img loading=\"lazy\" decoding=\"async\" class=\"alignnone size-large wp-image-4956\" src=\"http:\/\/spp3.slawno.pl\/wp-content\/uploads\/2020\/04\/Sara_Zalewska-6c-1.jpg\" alt=\"\" width=\"566\" height=\"540\" srcset=\"http:\/\/spp3.slawno.pl\/wp-content\/uploads\/2020\/04\/Sara_Zalewska-6c-1.jpg 566w, http:\/\/spp3.slawno.pl\/wp-content\/uploads\/2020\/04\/Sara_Zalewska-6c-1-300x286.jpg 300w\" sizes=\"(max-width: 566px) 100vw, 566px\" \/><\/p>\n","protected":false},"excerpt":{"rendered":"<div class=\"mh-excerpt\"><p>Uczniowie klas VI naszej szko\u0142y wzi\u0119li udzia\u0142 w konkursie na portret ostatniego kr\u00f3la elekcyjnego \u2013 Stanis\u0142awa Augusta Poniatowskiego.\u00a0 Prace opatrzone cytatami odnosz\u0105cymi si\u0119 do przedstawianej <a class=\"mh-excerpt-more\" href=\"http:\/\/spp3.slawno.pl\/?p=4940\" title=\"Konkurs historyczny\">[&#8230;]<\/a><\/p>\n<\/div>","protected":false},"author":2,"featured_media":4950,"comment_status":"closed","ping_status":"open","sticky":false,"template":"","format":"standard","meta":{"footnotes":""},"categories":[7,8],"tags":[],"class_list":["post-4940","post","type-post","status-publish","format-standard","has-post-thumbnail","hentry","category-konkursy","category-wydarzenia"],"_links":{"self":[{"href":"http:\/\/spp3.slawno.pl\/index.php?rest_route=\/wp\/v2\/posts\/4940"}],"collection":[{"href":"http:\/\/spp3.slawno.pl\/index.php?rest_route=\/wp\/v2\/posts"}],"about":[{"href":"http:\/\/spp3.slawno.pl\/index.php?rest_route=\/wp\/v2\/types\/post"}],"author":[{"embeddable":true,"href":"http:\/\/spp3.slawno.pl\/index.php?rest_route=\/wp\/v2\/users\/2"}],"replies":[{"embeddable":true,"href":"http:\/\/spp3.slawno.pl\/index.php?rest_route=%2Fwp%2Fv2%2Fcomments&post=4940"}],"version-history":[{"count":1,"href":"http:\/\/spp3.slawno.pl\/index.php?rest_route=\/wp\/v2\/posts\/4940\/revisions"}],"predecessor-version":[{"id":4957,"href":"http:\/\/spp3.slawno.pl\/index.php?rest_route=\/wp\/v2\/posts\/4940\/revisions\/4957"}],"wp:featuredmedia":[{"embeddable":true,"href":"http:\/\/spp3.slawno.pl\/index.php?rest_route=\/wp\/v2\/media\/4950"}],"wp:attachment":[{"href":"http:\/\/spp3.slawno.pl\/index.php?rest_route=%2Fwp%2Fv2%2Fmedia&parent=4940"}],"wp:term":[{"taxonomy":"category","embeddable":true,"href":"http:\/\/spp3.slawno.pl\/index.php?rest_route=%2Fwp%2Fv2%2Fcategories&post=4940"},{"taxonomy":"post_tag","embeddable":true,"href":"http:\/\/spp3.slawno.pl\/index.php?rest_route=%2Fwp%2Fv2%2Ftags&post=4940"}],"curies":[{"name":"wp","href":"https:\/\/api.w.org\/{rel}","templated":true}]}}