{"id":4958,"date":"2020-04-14T20:55:41","date_gmt":"2020-04-14T18:55:41","guid":{"rendered":"http:\/\/spp3.slawno.pl\/?p=4958"},"modified":"2020-04-21T17:35:15","modified_gmt":"2020-04-21T15:35:15","slug":"konkurs-na-jajo-matematyczne","status":"publish","type":"post","link":"http:\/\/spp3.slawno.pl\/?p=4958","title":{"rendered":"Konkurs na jajo matematyczne"},"content":{"rendered":"<p>Zbli\u017caj\u0105ce si\u0119 \u015awi\u0119ta Wielkiej Nocy by\u0142y pretekstem do udzia\u0142u uczni\u00f3w w konkursie na najpi\u0119kniejsze jajo matematyczne.<\/p>\n<p>Prace oceniane by\u0142y w dw\u00f3ch kategoriach:<\/p>\n<p>Klasa IV:<\/p>\n<p>I miejsce &#8211; Jakub Miko\u0142ajczak kl. 4a<\/p>\n<p>II miejsce &#8211; Kacper Kroplewski kl. 4a<\/p>\n<p>III miejsce &#8211; Jakub Grzybek kl. 4a<\/p>\n<p>Wyr\u00f3\u017cnienia: Miko\u0142aj Grzybek, Zuzanna Ma\u0142ek i Marcel Tomasik.<\/p>\n<p><img loading=\"lazy\" decoding=\"async\" class=\"alignnone wp-image-4959\" src=\"http:\/\/spp3.slawno.pl\/wp-content\/uploads\/2020\/04\/Jakub-grzybek.jpg\" alt=\"\" width=\"389\" height=\"519\" srcset=\"http:\/\/spp3.slawno.pl\/wp-content\/uploads\/2020\/04\/Jakub-grzybek.jpg 540w, http:\/\/spp3.slawno.pl\/wp-content\/uploads\/2020\/04\/Jakub-grzybek-225x300.jpg 225w\" sizes=\"(max-width: 389px) 100vw, 389px\" \/><\/p>\n<p><img loading=\"lazy\" decoding=\"async\" class=\"alignnone wp-image-4960\" src=\"http:\/\/spp3.slawno.pl\/wp-content\/uploads\/2020\/04\/Kacper-Kroplewski.jpg\" alt=\"\" width=\"394\" height=\"654\" srcset=\"http:\/\/spp3.slawno.pl\/wp-content\/uploads\/2020\/04\/Kacper-Kroplewski.jpg 540w, http:\/\/spp3.slawno.pl\/wp-content\/uploads\/2020\/04\/Kacper-Kroplewski-181x300.jpg 181w\" sizes=\"(max-width: 394px) 100vw, 394px\" \/><\/p>\n<p><img loading=\"lazy\" decoding=\"async\" class=\"alignnone wp-image-4961\" src=\"http:\/\/spp3.slawno.pl\/wp-content\/uploads\/2020\/04\/Kuba-Miko\u0142ajczak-4a.jpg\" alt=\"\" width=\"393\" height=\"715\" srcset=\"http:\/\/spp3.slawno.pl\/wp-content\/uploads\/2020\/04\/Kuba-Miko\u0142ajczak-4a.jpg 352w, http:\/\/spp3.slawno.pl\/wp-content\/uploads\/2020\/04\/Kuba-Miko\u0142ajczak-4a-165x300.jpg 165w\" sizes=\"(max-width: 393px) 100vw, 393px\" \/><\/p>\n<p><img loading=\"lazy\" decoding=\"async\" class=\"alignnone wp-image-4962\" src=\"http:\/\/spp3.slawno.pl\/wp-content\/uploads\/2020\/04\/Miko\u0142aj-\u017bydek-614x1024.jpg\" alt=\"\" width=\"409\" height=\"681\" srcset=\"http:\/\/spp3.slawno.pl\/wp-content\/uploads\/2020\/04\/Miko\u0142aj-\u017bydek-614x1024.jpg 614w, http:\/\/spp3.slawno.pl\/wp-content\/uploads\/2020\/04\/Miko\u0142aj-\u017bydek-180x300.jpg 180w, http:\/\/spp3.slawno.pl\/wp-content\/uploads\/2020\/04\/Miko\u0142aj-\u017bydek.jpg 768w\" sizes=\"(max-width: 409px) 100vw, 409px\" \/><\/p>\n<p><img loading=\"lazy\" decoding=\"async\" class=\"alignnone wp-image-4963\" src=\"http:\/\/spp3.slawno.pl\/wp-content\/uploads\/2020\/04\/Zuzia-Ma\u0142ek.png\" alt=\"\" width=\"412\" height=\"422\" srcset=\"http:\/\/spp3.slawno.pl\/wp-content\/uploads\/2020\/04\/Zuzia-Ma\u0142ek.png 599w, http:\/\/spp3.slawno.pl\/wp-content\/uploads\/2020\/04\/Zuzia-Ma\u0142ek-293x300.png 293w\" sizes=\"(max-width: 412px) 100vw, 412px\" \/><\/p>\n<p><img loading=\"lazy\" decoding=\"async\" class=\"alignnone wp-image-4965\" src=\"http:\/\/spp3.slawno.pl\/wp-content\/uploads\/2020\/04\/Marcel-Tomasik-4a-576x1024.jpeg\" alt=\"\" width=\"379\" height=\"673\" srcset=\"http:\/\/spp3.slawno.pl\/wp-content\/uploads\/2020\/04\/Marcel-Tomasik-4a-576x1024.jpeg 576w, http:\/\/spp3.slawno.pl\/wp-content\/uploads\/2020\/04\/Marcel-Tomasik-4a-169x300.jpeg 169w, http:\/\/spp3.slawno.pl\/wp-content\/uploads\/2020\/04\/Marcel-Tomasik-4a-768x1366.jpeg 768w, http:\/\/spp3.slawno.pl\/wp-content\/uploads\/2020\/04\/Marcel-Tomasik-4a.jpeg 900w\" sizes=\"(max-width: 379px) 100vw, 379px\" \/><\/p>\n<p><img loading=\"lazy\" decoding=\"async\" class=\"alignnone wp-image-4964\" src=\"http:\/\/spp3.slawno.pl\/wp-content\/uploads\/2020\/04\/1586965691797953-1024x686.jpg\" alt=\"\" width=\"775\" height=\"519\" srcset=\"http:\/\/spp3.slawno.pl\/wp-content\/uploads\/2020\/04\/1586965691797953-1024x686.jpg 1024w, http:\/\/spp3.slawno.pl\/wp-content\/uploads\/2020\/04\/1586965691797953-300x201.jpg 300w, http:\/\/spp3.slawno.pl\/wp-content\/uploads\/2020\/04\/1586965691797953-768x514.jpg 768w, http:\/\/spp3.slawno.pl\/wp-content\/uploads\/2020\/04\/1586965691797953.jpg 1060w\" sizes=\"(max-width: 775px) 100vw, 775px\" \/><\/p>\n<p>Klasa VI:<\/p>\n<p>I miejsce &#8211; Jan Kaganiuk kl. 6b<\/p>\n<p>II miejsce &#8211; Joanna Mielewczyk kl. 6d<\/p>\n<p>III miejsce &#8211; Wanessa Pepli\u0144ska kl. 6b<\/p>\n<p><img loading=\"lazy\" decoding=\"async\" class=\"alignnone size-full wp-image-4966\" src=\"http:\/\/spp3.slawno.pl\/wp-content\/uploads\/2020\/04\/1586965456437443.jpg\" alt=\"\" width=\"852\" height=\"316\" srcset=\"http:\/\/spp3.slawno.pl\/wp-content\/uploads\/2020\/04\/1586965456437443.jpg 852w, http:\/\/spp3.slawno.pl\/wp-content\/uploads\/2020\/04\/1586965456437443-300x111.jpg 300w, http:\/\/spp3.slawno.pl\/wp-content\/uploads\/2020\/04\/1586965456437443-768x285.jpg 768w\" sizes=\"(max-width: 852px) 100vw, 852px\" \/> <img loading=\"lazy\" decoding=\"async\" class=\"alignnone size-large wp-image-4967\" src=\"http:\/\/spp3.slawno.pl\/wp-content\/uploads\/2020\/04\/Asia-Mielewczyk-6d.jpg\" alt=\"\" width=\"528\" height=\"720\" srcset=\"http:\/\/spp3.slawno.pl\/wp-content\/uploads\/2020\/04\/Asia-Mielewczyk-6d.jpg 528w, http:\/\/spp3.slawno.pl\/wp-content\/uploads\/2020\/04\/Asia-Mielewczyk-6d-220x300.jpg 220w\" sizes=\"(max-width: 528px) 100vw, 528px\" \/> <img loading=\"lazy\" decoding=\"async\" class=\"alignnone size-large wp-image-4968\" src=\"http:\/\/spp3.slawno.pl\/wp-content\/uploads\/2020\/04\/Jan-Kaganiuk.png\" alt=\"\" width=\"642\" height=\"779\" srcset=\"http:\/\/spp3.slawno.pl\/wp-content\/uploads\/2020\/04\/Jan-Kaganiuk.png 642w, http:\/\/spp3.slawno.pl\/wp-content\/uploads\/2020\/04\/Jan-Kaganiuk-247x300.png 247w\" sizes=\"(max-width: 642px) 100vw, 642px\" \/> <img loading=\"lazy\" decoding=\"async\" class=\"alignnone size-large wp-image-4969\" src=\"http:\/\/spp3.slawno.pl\/wp-content\/uploads\/2020\/04\/Wanesa-Pepli\u0144ska-6b-1-767x1024.jpg\" alt=\"\" width=\"767\" height=\"1024\" srcset=\"http:\/\/spp3.slawno.pl\/wp-content\/uploads\/2020\/04\/Wanesa-Pepli\u0144ska-6b-1-767x1024.jpg 767w, http:\/\/spp3.slawno.pl\/wp-content\/uploads\/2020\/04\/Wanesa-Pepli\u0144ska-6b-1-225x300.jpg 225w, http:\/\/spp3.slawno.pl\/wp-content\/uploads\/2020\/04\/Wanesa-Pepli\u0144ska-6b-1-768x1026.jpg 768w, http:\/\/spp3.slawno.pl\/wp-content\/uploads\/2020\/04\/Wanesa-Pepli\u0144ska-6b-1.jpg 1198w\" sizes=\"(max-width: 767px) 100vw, 767px\" \/><\/p>\n<p><img loading=\"lazy\" decoding=\"async\" class=\"alignnone size-full wp-image-4990\" src=\"http:\/\/spp3.slawno.pl\/wp-content\/uploads\/2020\/04\/Borowski-Piotr.jpg\" alt=\"\" width=\"341\" height=\"640\" srcset=\"http:\/\/spp3.slawno.pl\/wp-content\/uploads\/2020\/04\/Borowski-Piotr.jpg 341w, http:\/\/spp3.slawno.pl\/wp-content\/uploads\/2020\/04\/Borowski-Piotr-160x300.jpg 160w\" sizes=\"(max-width: 341px) 100vw, 341px\" \/> <img loading=\"lazy\" decoding=\"async\" class=\"alignnone size-large wp-image-4991\" src=\"http:\/\/spp3.slawno.pl\/wp-content\/uploads\/2020\/04\/Krystian-Krawczyk-8.jpg\" alt=\"\" width=\"369\" height=\"480\" srcset=\"http:\/\/spp3.slawno.pl\/wp-content\/uploads\/2020\/04\/Krystian-Krawczyk-8.jpg 369w, http:\/\/spp3.slawno.pl\/wp-content\/uploads\/2020\/04\/Krystian-Krawczyk-8-231x300.jpg 231w\" sizes=\"(max-width: 369px) 100vw, 369px\" \/><\/p>\n","protected":false},"excerpt":{"rendered":"<div class=\"mh-excerpt\"><p>Zbli\u017caj\u0105ce si\u0119 \u015awi\u0119ta Wielkiej Nocy by\u0142y pretekstem do udzia\u0142u uczni\u00f3w w konkursie na najpi\u0119kniejsze jajo matematyczne. Prace oceniane by\u0142y w dw\u00f3ch kategoriach: Klasa IV: I <a class=\"mh-excerpt-more\" href=\"http:\/\/spp3.slawno.pl\/?p=4958\" title=\"Konkurs na jajo matematyczne\">[&#8230;]<\/a><\/p>\n<\/div>","protected":false},"author":2,"featured_media":4964,"comment_status":"closed","ping_status":"open","sticky":false,"template":"","format":"standard","meta":{"footnotes":""},"categories":[7,8],"tags":[],"class_list":["post-4958","post","type-post","status-publish","format-standard","has-post-thumbnail","hentry","category-konkursy","category-wydarzenia"],"_links":{"self":[{"href":"http:\/\/spp3.slawno.pl\/index.php?rest_route=\/wp\/v2\/posts\/4958"}],"collection":[{"href":"http:\/\/spp3.slawno.pl\/index.php?rest_route=\/wp\/v2\/posts"}],"about":[{"href":"http:\/\/spp3.slawno.pl\/index.php?rest_route=\/wp\/v2\/types\/post"}],"author":[{"embeddable":true,"href":"http:\/\/spp3.slawno.pl\/index.php?rest_route=\/wp\/v2\/users\/2"}],"replies":[{"embeddable":true,"href":"http:\/\/spp3.slawno.pl\/index.php?rest_route=%2Fwp%2Fv2%2Fcomments&post=4958"}],"version-history":[{"count":3,"href":"http:\/\/spp3.slawno.pl\/index.php?rest_route=\/wp\/v2\/posts\/4958\/revisions"}],"predecessor-version":[{"id":4992,"href":"http:\/\/spp3.slawno.pl\/index.php?rest_route=\/wp\/v2\/posts\/4958\/revisions\/4992"}],"wp:featuredmedia":[{"embeddable":true,"href":"http:\/\/spp3.slawno.pl\/index.php?rest_route=\/wp\/v2\/media\/4964"}],"wp:attachment":[{"href":"http:\/\/spp3.slawno.pl\/index.php?rest_route=%2Fwp%2Fv2%2Fmedia&parent=4958"}],"wp:term":[{"taxonomy":"category","embeddable":true,"href":"http:\/\/spp3.slawno.pl\/index.php?rest_route=%2Fwp%2Fv2%2Fcategories&post=4958"},{"taxonomy":"post_tag","embeddable":true,"href":"http:\/\/spp3.slawno.pl\/index.php?rest_route=%2Fwp%2Fv2%2Ftags&post=4958"}],"curies":[{"name":"wp","href":"https:\/\/api.w.org\/{rel}","templated":true}]}}