{"id":5271,"date":"2020-09-27T15:58:23","date_gmt":"2020-09-27T13:58:23","guid":{"rendered":"http:\/\/spp3.slawno.pl\/?p=5271"},"modified":"2020-10-15T21:06:59","modified_gmt":"2020-10-15T19:06:59","slug":"zbiorka-zywnosci-wolontariusze-z-sp3","status":"publish","type":"post","link":"http:\/\/spp3.slawno.pl\/?p=5271","title":{"rendered":"Zbi\u00f3rka \u017cywno\u015bci &#8211; wolontariusze z SP3"},"content":{"rendered":"<p>Wolontariusz- to brzmi dumnie. Tak pomy\u015bla\u0142o 31 uczni\u00f3w z naszej szko\u0142y, kt\u00f3rzy 25 i 26 wrze\u015bnia wzi\u0119li udzia\u0142 w Og\u00f3lnopolskiej zbi\u00f3rce \u017cywno\u015bci Caritas Polska. W my\u015bl has\u0142a na naszych koszulkach ,, Warto by\u0107 dobrym&#8221;, do\u015bwiadczyli\u015bmy, \u017ce pomoc drugiemu cz\u0142owiekowi niesie ogrom rado\u015bci i satysfakcji. Dzi\u0119kuj\u0119 Wszystkim, kt\u00f3rzy w\u0142\u0105czyli si\u0119 w zbi\u00f3rk\u0119 po\u015bwi\u0119caj\u0105c sw\u00f3j czas, czy kupuj\u0105c potrzebne produkty. Jeste\u015bcie super \ud83d\ude42 &#8211; Pani Anna Borowiec.<\/p>\n<p><img loading=\"lazy\" decoding=\"async\" class=\"alignnone size-full wp-image-5272\" src=\"http:\/\/spp3.slawno.pl\/wp-content\/uploads\/2020\/09\/Caritas-2020.jpg\" alt=\"\" width=\"539\" height=\"957\" srcset=\"http:\/\/spp3.slawno.pl\/wp-content\/uploads\/2020\/09\/Caritas-2020.jpg 539w, http:\/\/spp3.slawno.pl\/wp-content\/uploads\/2020\/09\/Caritas-2020-169x300.jpg 169w\" sizes=\"(max-width: 539px) 100vw, 539px\" \/> <img loading=\"lazy\" decoding=\"async\" class=\"alignnone size-large wp-image-5273\" src=\"http:\/\/spp3.slawno.pl\/wp-content\/uploads\/2020\/09\/Caritas-2020a.jpg\" alt=\"\" width=\"539\" height=\"957\" srcset=\"http:\/\/spp3.slawno.pl\/wp-content\/uploads\/2020\/09\/Caritas-2020a.jpg 539w, http:\/\/spp3.slawno.pl\/wp-content\/uploads\/2020\/09\/Caritas-2020a-169x300.jpg 169w\" sizes=\"(max-width: 539px) 100vw, 539px\" \/> <img loading=\"lazy\" decoding=\"async\" class=\"alignnone size-large wp-image-5274\" src=\"http:\/\/spp3.slawno.pl\/wp-content\/uploads\/2020\/09\/Caritas-2020c.jpg\" alt=\"\" width=\"519\" height=\"922\" srcset=\"http:\/\/spp3.slawno.pl\/wp-content\/uploads\/2020\/09\/Caritas-2020c.jpg 519w, http:\/\/spp3.slawno.pl\/wp-content\/uploads\/2020\/09\/Caritas-2020c-169x300.jpg 169w\" sizes=\"(max-width: 519px) 100vw, 519px\" \/> <img loading=\"lazy\" decoding=\"async\" class=\"alignnone size-large wp-image-5275\" src=\"http:\/\/spp3.slawno.pl\/wp-content\/uploads\/2020\/09\/Caritas2020b.jpg\" alt=\"\" width=\"957\" height=\"539\" srcset=\"http:\/\/spp3.slawno.pl\/wp-content\/uploads\/2020\/09\/Caritas2020b.jpg 957w, http:\/\/spp3.slawno.pl\/wp-content\/uploads\/2020\/09\/Caritas2020b-300x169.jpg 300w, http:\/\/spp3.slawno.pl\/wp-content\/uploads\/2020\/09\/Caritas2020b-768x433.jpg 768w, http:\/\/spp3.slawno.pl\/wp-content\/uploads\/2020\/09\/Caritas2020b-678x381.jpg 678w\" sizes=\"(max-width: 957px) 100vw, 957px\" \/><\/p>\n","protected":false},"excerpt":{"rendered":"<div class=\"mh-excerpt\"><p>Wolontariusz- to brzmi dumnie. Tak pomy\u015bla\u0142o 31 uczni\u00f3w z naszej szko\u0142y, kt\u00f3rzy 25 i 26 wrze\u015bnia wzi\u0119li udzia\u0142 w Og\u00f3lnopolskiej zbi\u00f3rce \u017cywno\u015bci Caritas Polska. W <a class=\"mh-excerpt-more\" href=\"http:\/\/spp3.slawno.pl\/?p=5271\" title=\"Zbi\u00f3rka \u017cywno\u015bci &#8211; wolontariusze z SP3\">[&#8230;]<\/a><\/p>\n<\/div>","protected":false},"author":2,"featured_media":5275,"comment_status":"closed","ping_status":"open","sticky":false,"template":"","format":"standard","meta":{"footnotes":""},"categories":[32,8],"tags":[],"class_list":["post-5271","post","type-post","status-publish","format-standard","has-post-thumbnail","hentry","category-akcje","category-wydarzenia"],"_links":{"self":[{"href":"http:\/\/spp3.slawno.pl\/index.php?rest_route=\/wp\/v2\/posts\/5271"}],"collection":[{"href":"http:\/\/spp3.slawno.pl\/index.php?rest_route=\/wp\/v2\/posts"}],"about":[{"href":"http:\/\/spp3.slawno.pl\/index.php?rest_route=\/wp\/v2\/types\/post"}],"author":[{"embeddable":true,"href":"http:\/\/spp3.slawno.pl\/index.php?rest_route=\/wp\/v2\/users\/2"}],"replies":[{"embeddable":true,"href":"http:\/\/spp3.slawno.pl\/index.php?rest_route=%2Fwp%2Fv2%2Fcomments&post=5271"}],"version-history":[{"count":2,"href":"http:\/\/spp3.slawno.pl\/index.php?rest_route=\/wp\/v2\/posts\/5271\/revisions"}],"predecessor-version":[{"id":5297,"href":"http:\/\/spp3.slawno.pl\/index.php?rest_route=\/wp\/v2\/posts\/5271\/revisions\/5297"}],"wp:featuredmedia":[{"embeddable":true,"href":"http:\/\/spp3.slawno.pl\/index.php?rest_route=\/wp\/v2\/media\/5275"}],"wp:attachment":[{"href":"http:\/\/spp3.slawno.pl\/index.php?rest_route=%2Fwp%2Fv2%2Fmedia&parent=5271"}],"wp:term":[{"taxonomy":"category","embeddable":true,"href":"http:\/\/spp3.slawno.pl\/index.php?rest_route=%2Fwp%2Fv2%2Fcategories&post=5271"},{"taxonomy":"post_tag","embeddable":true,"href":"http:\/\/spp3.slawno.pl\/index.php?rest_route=%2Fwp%2Fv2%2Ftags&post=5271"}],"curies":[{"name":"wp","href":"https:\/\/api.w.org\/{rel}","templated":true}]}}