{"id":5324,"date":"2020-09-29T19:44:10","date_gmt":"2020-09-29T17:44:10","guid":{"rendered":"http:\/\/spp3.slawno.pl\/?p=5324"},"modified":"2020-10-15T21:05:01","modified_gmt":"2020-10-15T19:05:01","slug":"wielka-wygrana","status":"publish","type":"post","link":"http:\/\/spp3.slawno.pl\/?p=5324","title":{"rendered":"Wielka wygrana"},"content":{"rendered":"<p>Mi\u0142o nam poinformowa\u0107 \u017ce nasi uczniowie wygrali dzi\u015b wszystko co mo\u017cna by\u0142o wygra\u0107 podczas Powiatowych Sztafetowych Bieg\u00f3w Prze\u0142ajowych\u00a0<span class=\"_5mfr\"><span class=\"_6qdm\">\ud83c\udfc6<\/span><\/span><span class=\"_5mfr\"><span class=\"_6qdm\">\ud83e\udd47<\/span><\/span>WIELKIE GRATULACJE\u00a0<a href=\"https:\/\/www.obserwatorlokalny.pl\/wiadomosci\/1939,sportowy-rok-szkolny-rozpoczety\" target=\"_blank\" rel=\"noopener nofollow\" data-ft=\"{&quot;tn&quot;:&quot;-U&quot;}\" data-lynx-mode=\"async\" data-lynx-uri=\"https:\/\/l.facebook.com\/l.php?u=https%3A%2F%2Fwww.obserwatorlokalny.pl%2Fwiadomosci%2F1939%2Csportowy-rok-szkolny-rozpoczety&amp;h=AT00odr76EFAZ-wqFcmA79gEH6Sr967l6maXmnRYrmXlOj77DPwKr0NzATiw1sb-7E6c85V88fSHXidOqfraFEhJyj5wzohP2p3mKKeT1Mv8hGlxTduArhaiym4voWMdZHpAwgZjKmV4wz_Gfo81DE2B-BegYo_TLw-uYAx0M2sgrvdqvsMhAmLtio-ZxZqh8mQSp77UVSOTISXlhpHJ45AHkJqqju8TyA02JYSkk-tyEly1xsDJ8fLmV_BtRTwG-dBlCOI7KAWzhZcNGaB2Audmn5pnp7TOOgGq4uBcbTUSRnerPc1pWPqGRYw_-ZTwqGTGuYymdlbkk7KkSGkok-gmbk9ALIOqnnGZHi_SNuDnLV3WNWxomZaoDTbSLk9W_uBnLQqELn_wINU2nBa4D3RbR_L4pd1WFYXOxmhp76XpUfTRA-mpVQ7pqcTiMyn57s8Ux1Uz7ApBwovAW8SskKlag4uRha9dQKWUWa1zpS50Kg-moH0UFR01uLCgfJxNKu8l-CBN0Tssj0BkjgLyY5D0jC51e14gTZoWYSZRS1jKWZSDyDgv7Sm1fsANAdkyFx_fsqrBdx-ubE71mDBRJQ4dCt-0LSjWdCNKJNLDhYMajxjKCKO9fvrd6qpmOLriPMiu11WCQUl7y9EN-CvsYXI\">https:\/\/www.obserwatorlokalny.pl\/\u2026\/1939,sportowy-rok-szkoln\u2026<\/a><\/p>\n<p><img loading=\"lazy\" decoding=\"async\" class=\"alignnone size-full wp-image-5325\" src=\"http:\/\/spp3.slawno.pl\/wp-content\/uploads\/2020\/10\/Wielka-wygrana.png\" alt=\"\" width=\"638\" height=\"418\" srcset=\"http:\/\/spp3.slawno.pl\/wp-content\/uploads\/2020\/10\/Wielka-wygrana.png 638w, http:\/\/spp3.slawno.pl\/wp-content\/uploads\/2020\/10\/Wielka-wygrana-300x197.png 300w\" sizes=\"(max-width: 638px) 100vw, 638px\" \/><\/p>\n","protected":false},"excerpt":{"rendered":"<div class=\"mh-excerpt\"><p>Mi\u0142o nam poinformowa\u0107 \u017ce nasi uczniowie wygrali dzi\u015b wszystko co mo\u017cna by\u0142o wygra\u0107 podczas Powiatowych Sztafetowych Bieg\u00f3w Prze\u0142ajowych\u00a0\ud83c\udfc6\ud83e\udd47WIELKIE GRATULACJE\u00a0https:\/\/www.obserwatorlokalny.pl\/\u2026\/1939,sportowy-rok-szkoln\u2026<\/p>\n<\/div>","protected":false},"author":2,"featured_media":5325,"comment_status":"closed","ping_status":"open","sticky":false,"template":"","format":"standard","meta":{"footnotes":""},"categories":[6,8],"tags":[],"class_list":["post-5324","post","type-post","status-publish","format-standard","has-post-thumbnail","hentry","category-sport","category-wydarzenia"],"_links":{"self":[{"href":"http:\/\/spp3.slawno.pl\/index.php?rest_route=\/wp\/v2\/posts\/5324"}],"collection":[{"href":"http:\/\/spp3.slawno.pl\/index.php?rest_route=\/wp\/v2\/posts"}],"about":[{"href":"http:\/\/spp3.slawno.pl\/index.php?rest_route=\/wp\/v2\/types\/post"}],"author":[{"embeddable":true,"href":"http:\/\/spp3.slawno.pl\/index.php?rest_route=\/wp\/v2\/users\/2"}],"replies":[{"embeddable":true,"href":"http:\/\/spp3.slawno.pl\/index.php?rest_route=%2Fwp%2Fv2%2Fcomments&post=5324"}],"version-history":[{"count":1,"href":"http:\/\/spp3.slawno.pl\/index.php?rest_route=\/wp\/v2\/posts\/5324\/revisions"}],"predecessor-version":[{"id":5326,"href":"http:\/\/spp3.slawno.pl\/index.php?rest_route=\/wp\/v2\/posts\/5324\/revisions\/5326"}],"wp:featuredmedia":[{"embeddable":true,"href":"http:\/\/spp3.slawno.pl\/index.php?rest_route=\/wp\/v2\/media\/5325"}],"wp:attachment":[{"href":"http:\/\/spp3.slawno.pl\/index.php?rest_route=%2Fwp%2Fv2%2Fmedia&parent=5324"}],"wp:term":[{"taxonomy":"category","embeddable":true,"href":"http:\/\/spp3.slawno.pl\/index.php?rest_route=%2Fwp%2Fv2%2Fcategories&post=5324"},{"taxonomy":"post_tag","embeddable":true,"href":"http:\/\/spp3.slawno.pl\/index.php?rest_route=%2Fwp%2Fv2%2Ftags&post=5324"}],"curies":[{"name":"wp","href":"https:\/\/api.w.org\/{rel}","templated":true}]}}