{"id":5558,"date":"2020-10-22T14:40:55","date_gmt":"2020-10-22T12:40:55","guid":{"rendered":"http:\/\/spp3.slawno.pl\/?p=5558"},"modified":"2021-05-30T17:39:17","modified_gmt":"2021-05-30T15:39:17","slug":"komunikat-dyrektora-sp3","status":"publish","type":"post","link":"http:\/\/spp3.slawno.pl\/?p=5558","title":{"rendered":"Komunikat Dyrektora SP3"},"content":{"rendered":"<p>Dyrektor Szko\u0142y Podstawowej nr 3 w S\u0142awnie informuje, \u017ce w dniach 22.10 i 23.10 nast\u0105pi zawieszenie zaj\u0119\u0107 szkolnych i przej\u015bcie nauczania w tryb zdalny.<\/p>\n<p>Prosz\u0119 o \u015bledzenie kolejnych komunikat\u00f3w na stronie szko\u0142y i Librusie.<\/p>\n<p>Dyrektor Szko\u0142y<\/p>\n<p>Dagmara Wojtczak<\/p>\n<p>&nbsp;<\/p>\n","protected":false},"excerpt":{"rendered":"<div class=\"mh-excerpt\"><p>Dyrektor Szko\u0142y Podstawowej nr 3 w S\u0142awnie informuje, \u017ce w dniach 22.10 i 23.10 nast\u0105pi zawieszenie zaj\u0119\u0107 szkolnych i przej\u015bcie nauczania w tryb zdalny. Prosz\u0119 <a class=\"mh-excerpt-more\" href=\"http:\/\/spp3.slawno.pl\/?p=5558\" title=\"Komunikat Dyrektora SP3\">[&#8230;]<\/a><\/p>\n<\/div>","protected":false},"author":2,"featured_media":5559,"comment_status":"closed","ping_status":"open","sticky":false,"template":"","format":"standard","meta":{"footnotes":""},"categories":[9,8],"tags":[],"class_list":["post-5558","post","type-post","status-publish","format-standard","has-post-thumbnail","hentry","category-ogloszenia","category-wydarzenia"],"_links":{"self":[{"href":"http:\/\/spp3.slawno.pl\/index.php?rest_route=\/wp\/v2\/posts\/5558"}],"collection":[{"href":"http:\/\/spp3.slawno.pl\/index.php?rest_route=\/wp\/v2\/posts"}],"about":[{"href":"http:\/\/spp3.slawno.pl\/index.php?rest_route=\/wp\/v2\/types\/post"}],"author":[{"embeddable":true,"href":"http:\/\/spp3.slawno.pl\/index.php?rest_route=\/wp\/v2\/users\/2"}],"replies":[{"embeddable":true,"href":"http:\/\/spp3.slawno.pl\/index.php?rest_route=%2Fwp%2Fv2%2Fcomments&post=5558"}],"version-history":[{"count":3,"href":"http:\/\/spp3.slawno.pl\/index.php?rest_route=\/wp\/v2\/posts\/5558\/revisions"}],"predecessor-version":[{"id":5563,"href":"http:\/\/spp3.slawno.pl\/index.php?rest_route=\/wp\/v2\/posts\/5558\/revisions\/5563"}],"wp:featuredmedia":[{"embeddable":true,"href":"http:\/\/spp3.slawno.pl\/index.php?rest_route=\/wp\/v2\/media\/5559"}],"wp:attachment":[{"href":"http:\/\/spp3.slawno.pl\/index.php?rest_route=%2Fwp%2Fv2%2Fmedia&parent=5558"}],"wp:term":[{"taxonomy":"category","embeddable":true,"href":"http:\/\/spp3.slawno.pl\/index.php?rest_route=%2Fwp%2Fv2%2Fcategories&post=5558"},{"taxonomy":"post_tag","embeddable":true,"href":"http:\/\/spp3.slawno.pl\/index.php?rest_route=%2Fwp%2Fv2%2Ftags&post=5558"}],"curies":[{"name":"wp","href":"https:\/\/api.w.org\/{rel}","templated":true}]}}