{"id":5799,"date":"2020-12-08T20:13:00","date_gmt":"2020-12-08T19:13:00","guid":{"rendered":"http:\/\/spp3.slawno.pl\/?p=5799"},"modified":"2021-05-30T17:41:23","modified_gmt":"2021-05-30T15:41:23","slug":"konkurs-nasza-choinka","status":"publish","type":"post","link":"http:\/\/spp3.slawno.pl\/?p=5799","title":{"rendered":"KONKURS &#8211; NASZA CHOINKA"},"content":{"rendered":"<p>S\u0142awie\u0144ski Dom Kultury zaprasza do wzi\u0119cia udzia\u0142u w konkursie na najpi\u0119kniejsz\u0105 choink\u0119!<br \/>\nPrze\u015blij nam zdj\u0119cie swojego udekorowanego drzewka.<br \/>\nSzukamy naj\u0142adniejszej choinki w powiecie s\u0142awie\u0144skim.<br \/>\nPoka\u017c nam swoje drzewko i zawalcz o nagrody!<br \/>\nZdj\u0119cia prosimy przesy\u0142a\u0107 drog\u0105 elektroniczn\u0105 na adres:\u00a0<a href=\"https:\/\/poczta.wp.pl\/k\/#\">sekretariat@sdk.slawno.pl<\/a><br \/>\nNa Wasze fotografie czekamy do 12.01.2021 roku.<br \/>\nRegulamin oraz formularz zg\u0142oszeniowy dost\u0119pny jest na:<br \/>\n<a class=\"gwp43de1501_moz-txt-link-freetext\" href=\"http:\/\/sdk.slawno.pl\/2020\/12\/07\/konkurs-fotograficzny-nasza-choinka\/?fbclid=IwAR1ExJ41I5kBE4KGkYMkFlcjeyoL-dctv4Ak2ZkLVcRT8ffSEyQ9KFhRKp4\" rel=\"noopener noreferrer\" data-saferedirecturl=\"https:\/\/zasobygwp.pl\/redirect?sig=4fc5f5d49319bffe63ce8cf811125dd3a4a8a0024b8ada9a61488284fb080201&amp;url=aHR0cDovL3Nkay5zbGF3bm8ucGwvMjAyMC8xMi8wNy9rb25rdXJzLWZvdG9ncmFmaWN6bnktbmFzemEtY2hvaW5rYS8_ZmJjbGlkPUl3QVIxRXhKNDFJNWtCRTRLR2tZTWtGbGNqZXlvTC1kY3R2NEFrMlprTFZjUlQ4ZmZTRXlROUtGaFJLcDQ=&amp;platform=desktop&amp;brand=wp\">http:\/\/sdk.slawno.pl\/2020\/12\/07\/konkurs-fotograficzny-nasza-choinka\/?fbclid=IwAR1ExJ41I5kBE4KGkYMkFlcjeyoL-dctv4Ak2ZkLVcRT8ffSEyQ9KFhRKp4<\/a><\/p>\n","protected":false},"excerpt":{"rendered":"<div class=\"mh-excerpt\"><p>S\u0142awie\u0144ski Dom Kultury zaprasza do wzi\u0119cia udzia\u0142u w konkursie na najpi\u0119kniejsz\u0105 choink\u0119! Prze\u015blij nam zdj\u0119cie swojego udekorowanego drzewka. Szukamy naj\u0142adniejszej choinki w powiecie s\u0142awie\u0144skim. Poka\u017c <a class=\"mh-excerpt-more\" href=\"http:\/\/spp3.slawno.pl\/?p=5799\" title=\"KONKURS &#8211; NASZA CHOINKA\">[&#8230;]<\/a><\/p>\n<\/div>","protected":false},"author":2,"featured_media":4264,"comment_status":"closed","ping_status":"open","sticky":false,"template":"","format":"standard","meta":{"footnotes":""},"categories":[7,8],"tags":[],"class_list":["post-5799","post","type-post","status-publish","format-standard","has-post-thumbnail","hentry","category-konkursy","category-wydarzenia"],"_links":{"self":[{"href":"http:\/\/spp3.slawno.pl\/index.php?rest_route=\/wp\/v2\/posts\/5799"}],"collection":[{"href":"http:\/\/spp3.slawno.pl\/index.php?rest_route=\/wp\/v2\/posts"}],"about":[{"href":"http:\/\/spp3.slawno.pl\/index.php?rest_route=\/wp\/v2\/types\/post"}],"author":[{"embeddable":true,"href":"http:\/\/spp3.slawno.pl\/index.php?rest_route=\/wp\/v2\/users\/2"}],"replies":[{"embeddable":true,"href":"http:\/\/spp3.slawno.pl\/index.php?rest_route=%2Fwp%2Fv2%2Fcomments&post=5799"}],"version-history":[{"count":2,"href":"http:\/\/spp3.slawno.pl\/index.php?rest_route=\/wp\/v2\/posts\/5799\/revisions"}],"predecessor-version":[{"id":5801,"href":"http:\/\/spp3.slawno.pl\/index.php?rest_route=\/wp\/v2\/posts\/5799\/revisions\/5801"}],"wp:featuredmedia":[{"embeddable":true,"href":"http:\/\/spp3.slawno.pl\/index.php?rest_route=\/wp\/v2\/media\/4264"}],"wp:attachment":[{"href":"http:\/\/spp3.slawno.pl\/index.php?rest_route=%2Fwp%2Fv2%2Fmedia&parent=5799"}],"wp:term":[{"taxonomy":"category","embeddable":true,"href":"http:\/\/spp3.slawno.pl\/index.php?rest_route=%2Fwp%2Fv2%2Fcategories&post=5799"},{"taxonomy":"post_tag","embeddable":true,"href":"http:\/\/spp3.slawno.pl\/index.php?rest_route=%2Fwp%2Fv2%2Ftags&post=5799"}],"curies":[{"name":"wp","href":"https:\/\/api.w.org\/{rel}","templated":true}]}}