{"id":5802,"date":"2020-12-08T20:31:59","date_gmt":"2020-12-08T19:31:59","guid":{"rendered":"http:\/\/spp3.slawno.pl\/?p=5802"},"modified":"2020-12-08T20:57:55","modified_gmt":"2020-12-08T19:57:55","slug":"burmistrz-slawna-przekazal-sprzet-wspierajacy-walke-z-covid-19","status":"publish","type":"post","link":"http:\/\/spp3.slawno.pl\/?p=5802","title":{"rendered":"Burmistrz miasta S\u0142awno przekaza\u0142 sprz\u0119t wspieraj\u0105cy walk\u0119 z COVID-19"},"content":{"rendered":"<div class=\"dati1w0a hv4rvrfc osnr6wyh\">\n<div class=\"btwxx1t3 j83agx80 cwj9ozl2\">\n<div class=\"j83agx80 cbu4d94t ew0dbk1b irj2b8pg\">\n<div class=\"qzhwtbm6 knvmm38d\">\n<div class=\"nc684nl6\">Wsparcie dla s\u0142awie\u0144skich plac\u00f3wek o\u015bwiatowych podczas walki z COVID-19<\/div>\n<\/div>\n<\/div>\n<\/div>\n<\/div>\n<div class=\"\" dir=\"auto\">\n<div class=\"\" dir=\"auto\">\n<div class=\"ecm0bbzt hv4rvrfc ihqw7lf3 dati1w0a\" data-ad-comet-preview=\"message\" data-ad-preview=\"message\">\n<div class=\"j83agx80 cbu4d94t ew0dbk1b irj2b8pg\">\n<div class=\"qzhwtbm6 knvmm38d\">\n<div class=\"o9v6fnle cxmmr5t8 oygrvhab hcukyx3x c1et5uql ii04i59q\">\n<div dir=\"auto\">Dzi\u015b Krzysztof Frankenstein \u2013 burmistrz S\u0142awna przekaza\u0142 sprz\u0119t wspieraj\u0105cy walk\u0119 z COVID-19 do s\u0142awie\u0144skich plac\u00f3wek o\u015bwiatowych. Wsparciem obj\u0119tych zosta\u0142o 7 plac\u00f3wek edukacyjnych, tj. 2 szko\u0142y podstawowe, 4 przedszkola i miejski \u017c\u0142obek.<\/div>\n<\/div>\n<div class=\"o9v6fnle cxmmr5t8 oygrvhab hcukyx3x c1et5uql ii04i59q\">\n<div dir=\"auto\">Przypomnijmy, \u017ce s\u0142awie\u0144ski samorz\u0105d otrzyma\u0142 dofinansowanie na realizacj\u0119 projektu grantowego pn. POMORZE ZACHODNIE \u2013 BEZPIECZNA EDUKACJA, wsp\u00f3\u0142finansowanego przez Uni\u0119 Europejsk\u0105 w ramach Europejskiego Funduszu Spo\u0142ecznego, Dzia\u0142ania 7.7 &#8211; Wdro\u017cenie program\u00f3w wczesnego wykrywania wad rozwojowych i rehabilitacji dzieci z niepe\u0142nosprawno\u015bciami oraz zagro\u017conych niepe\u0142nosprawno\u015bci\u0105 oraz przedsi\u0119wzi\u0119\u0107 zwi\u0105zanych z walk\u0105 i zapobieganiem COVID-19 Regionalnego Programu Operacyjnego Wojew\u00f3dztwa Zachodniopomorskiego 2014-2020.<\/div>\n<\/div>\n<div class=\"o9v6fnle cxmmr5t8 oygrvhab hcukyx3x c1et5uql ii04i59q\">\n<div dir=\"auto\">W ramach zadania zakupiono sze\u015b\u0107 zestaw\u00f3w odkurzaczy parowych wraz z myjkami do okien i workami bezpy\u0142owymi oraz sze\u015b\u0107 odkurzaczy standardowych, kt\u00f3rych u\u017cytkowanie w plac\u00f3wkach o\u015bwiatowych podniesie poziom higieny i bezpiecze\u0144stwa. Ponadto zakupionych zosta\u0142o 12 sztuk zestaw\u00f3w lamp UV-C dwufunkcyjnych. Dzi\u0119ki zastosowaniu lamp wzro\u015bnie poziom bezpiecze\u0144stwa i higieny pracy i nauki. Zakup ww. sprz\u0119t\u00f3w pozwoli na skuteczn\u0105 walk\u0119 o zdrowie i zachowanie bezpiecze\u0144stwa i higieny w walce przeciwko wirusowi SARS COV 2.<\/div>\n<\/div>\n<div class=\"o9v6fnle cxmmr5t8 oygrvhab hcukyx3x c1et5uql ii04i59q\">\n<div dir=\"auto\">\u0141\u0105cznie wsparciem obj\u0119tych zosta\u0142o 1365 dzieci i m\u0142odzie\u017cy. Ca\u0142kowita warto\u015b\u0107 zadania wynosi 154 038,96 z\u0142.<\/div>\n<div dir=\"auto\"><img loading=\"lazy\" decoding=\"async\" class=\"alignnone size-large wp-image-5803\" src=\"http:\/\/spp3.slawno.pl\/wp-content\/uploads\/2020\/12\/Sprz\u0119t-Covid-19-1024x682.jpg\" alt=\"Sprz\u0119t wspomagaj\u0105cy walk\u0119 z Covid-19, odkurzacze i lampy UV-c\" width=\"1024\" height=\"682\" srcset=\"http:\/\/spp3.slawno.pl\/wp-content\/uploads\/2020\/12\/Sprz\u0119t-Covid-19-1024x682.jpg 1024w, http:\/\/spp3.slawno.pl\/wp-content\/uploads\/2020\/12\/Sprz\u0119t-Covid-19-300x200.jpg 300w, http:\/\/spp3.slawno.pl\/wp-content\/uploads\/2020\/12\/Sprz\u0119t-Covid-19-768x512.jpg 768w, http:\/\/spp3.slawno.pl\/wp-content\/uploads\/2020\/12\/Sprz\u0119t-Covid-19.jpg 1600w\" sizes=\"(max-width: 1024px) 100vw, 1024px\" \/> <img loading=\"lazy\" decoding=\"async\" class=\"alignnone size-large wp-image-5804\" src=\"http:\/\/spp3.slawno.pl\/wp-content\/uploads\/2020\/12\/Sprz\u0119t-Covid-19a-1024x683.jpg\" alt=\"\" width=\"1024\" height=\"683\" srcset=\"http:\/\/spp3.slawno.pl\/wp-content\/uploads\/2020\/12\/Sprz\u0119t-Covid-19a-1024x683.jpg 1024w, http:\/\/spp3.slawno.pl\/wp-content\/uploads\/2020\/12\/Sprz\u0119t-Covid-19a-300x200.jpg 300w, http:\/\/spp3.slawno.pl\/wp-content\/uploads\/2020\/12\/Sprz\u0119t-Covid-19a-768x512.jpg 768w, http:\/\/spp3.slawno.pl\/wp-content\/uploads\/2020\/12\/Sprz\u0119t-Covid-19a.jpg 1600w\" sizes=\"(max-width: 1024px) 100vw, 1024px\" \/> <img loading=\"lazy\" decoding=\"async\" class=\"alignnone size-large wp-image-5805\" src=\"http:\/\/spp3.slawno.pl\/wp-content\/uploads\/2020\/12\/Sprz\u0119t-Covid-19b-1024x683.jpg\" alt=\"\" width=\"1024\" height=\"683\" srcset=\"http:\/\/spp3.slawno.pl\/wp-content\/uploads\/2020\/12\/Sprz\u0119t-Covid-19b-1024x683.jpg 1024w, http:\/\/spp3.slawno.pl\/wp-content\/uploads\/2020\/12\/Sprz\u0119t-Covid-19b-300x200.jpg 300w, http:\/\/spp3.slawno.pl\/wp-content\/uploads\/2020\/12\/Sprz\u0119t-Covid-19b-768x512.jpg 768w, http:\/\/spp3.slawno.pl\/wp-content\/uploads\/2020\/12\/Sprz\u0119t-Covid-19b.jpg 1600w\" sizes=\"(max-width: 1024px) 100vw, 1024px\" \/> <img loading=\"lazy\" decoding=\"async\" class=\"alignnone size-large wp-image-5806\" src=\"http:\/\/spp3.slawno.pl\/wp-content\/uploads\/2020\/12\/Sprz\u0119t-Covid-19c-1024x683.jpg\" alt=\"\" width=\"1024\" height=\"683\" srcset=\"http:\/\/spp3.slawno.pl\/wp-content\/uploads\/2020\/12\/Sprz\u0119t-Covid-19c-1024x683.jpg 1024w, http:\/\/spp3.slawno.pl\/wp-content\/uploads\/2020\/12\/Sprz\u0119t-Covid-19c-300x200.jpg 300w, http:\/\/spp3.slawno.pl\/wp-content\/uploads\/2020\/12\/Sprz\u0119t-Covid-19c-768x512.jpg 768w, http:\/\/spp3.slawno.pl\/wp-content\/uploads\/2020\/12\/Sprz\u0119t-Covid-19c.jpg 1600w\" sizes=\"(max-width: 1024px) 100vw, 1024px\" \/> <img loading=\"lazy\" decoding=\"async\" class=\"alignnone size-large wp-image-5807\" src=\"http:\/\/spp3.slawno.pl\/wp-content\/uploads\/2020\/12\/Sprz\u0119t-Covid-19d-682x1024.jpg\" alt=\"\" width=\"682\" height=\"1024\" srcset=\"http:\/\/spp3.slawno.pl\/wp-content\/uploads\/2020\/12\/Sprz\u0119t-Covid-19d-682x1024.jpg 682w, http:\/\/spp3.slawno.pl\/wp-content\/uploads\/2020\/12\/Sprz\u0119t-Covid-19d-200x300.jpg 200w, http:\/\/spp3.slawno.pl\/wp-content\/uploads\/2020\/12\/Sprz\u0119t-Covid-19d-768x1153.jpg 768w, http:\/\/spp3.slawno.pl\/wp-content\/uploads\/2020\/12\/Sprz\u0119t-Covid-19d.jpg 1066w\" sizes=\"(max-width: 682px) 100vw, 682px\" \/> <img loading=\"lazy\" decoding=\"async\" class=\"alignnone size-large wp-image-5808\" src=\"http:\/\/spp3.slawno.pl\/wp-content\/uploads\/2020\/12\/Sprz\u0119t-Covid-19e-1024x768.jpg\" alt=\"\" width=\"1024\" height=\"768\" srcset=\"http:\/\/spp3.slawno.pl\/wp-content\/uploads\/2020\/12\/Sprz\u0119t-Covid-19e-1024x768.jpg 1024w, http:\/\/spp3.slawno.pl\/wp-content\/uploads\/2020\/12\/Sprz\u0119t-Covid-19e-300x225.jpg 300w, http:\/\/spp3.slawno.pl\/wp-content\/uploads\/2020\/12\/Sprz\u0119t-Covid-19e-768x576.jpg 768w, http:\/\/spp3.slawno.pl\/wp-content\/uploads\/2020\/12\/Sprz\u0119t-Covid-19e-678x509.jpg 678w, http:\/\/spp3.slawno.pl\/wp-content\/uploads\/2020\/12\/Sprz\u0119t-Covid-19e-326x245.jpg 326w, http:\/\/spp3.slawno.pl\/wp-content\/uploads\/2020\/12\/Sprz\u0119t-Covid-19e-80x60.jpg 80w, http:\/\/spp3.slawno.pl\/wp-content\/uploads\/2020\/12\/Sprz\u0119t-Covid-19e.jpg 1600w\" sizes=\"(max-width: 1024px) 100vw, 1024px\" \/><\/div>\n<div dir=\"auto\">Tre\u015b\u0107 i zdj\u0119cia dzi\u0119ki uprzejmo\u015bci UM S\u0142awno.<\/div>\n<\/div>\n<\/div>\n<\/div>\n<\/div>\n<\/div>\n<\/div>\n","protected":false},"excerpt":{"rendered":"<div class=\"mh-excerpt\"><p>Wsparcie dla s\u0142awie\u0144skich plac\u00f3wek o\u015bwiatowych podczas walki z COVID-19 Dzi\u015b Krzysztof Frankenstein \u2013 burmistrz S\u0142awna przekaza\u0142 sprz\u0119t wspieraj\u0105cy walk\u0119 z COVID-19 do s\u0142awie\u0144skich plac\u00f3wek o\u015bwiatowych. <a class=\"mh-excerpt-more\" href=\"http:\/\/spp3.slawno.pl\/?p=5802\" title=\"Burmistrz miasta S\u0142awno przekaza\u0142 sprz\u0119t wspieraj\u0105cy walk\u0119 z COVID-19\">[&#8230;]<\/a><\/p>\n<\/div>","protected":false},"author":2,"featured_media":5803,"comment_status":"closed","ping_status":"open","sticky":false,"template":"","format":"standard","meta":{"footnotes":""},"categories":[8],"tags":[],"class_list":["post-5802","post","type-post","status-publish","format-standard","has-post-thumbnail","hentry","category-wydarzenia"],"_links":{"self":[{"href":"http:\/\/spp3.slawno.pl\/index.php?rest_route=\/wp\/v2\/posts\/5802"}],"collection":[{"href":"http:\/\/spp3.slawno.pl\/index.php?rest_route=\/wp\/v2\/posts"}],"about":[{"href":"http:\/\/spp3.slawno.pl\/index.php?rest_route=\/wp\/v2\/types\/post"}],"author":[{"embeddable":true,"href":"http:\/\/spp3.slawno.pl\/index.php?rest_route=\/wp\/v2\/users\/2"}],"replies":[{"embeddable":true,"href":"http:\/\/spp3.slawno.pl\/index.php?rest_route=%2Fwp%2Fv2%2Fcomments&post=5802"}],"version-history":[{"count":2,"href":"http:\/\/spp3.slawno.pl\/index.php?rest_route=\/wp\/v2\/posts\/5802\/revisions"}],"predecessor-version":[{"id":5810,"href":"http:\/\/spp3.slawno.pl\/index.php?rest_route=\/wp\/v2\/posts\/5802\/revisions\/5810"}],"wp:featuredmedia":[{"embeddable":true,"href":"http:\/\/spp3.slawno.pl\/index.php?rest_route=\/wp\/v2\/media\/5803"}],"wp:attachment":[{"href":"http:\/\/spp3.slawno.pl\/index.php?rest_route=%2Fwp%2Fv2%2Fmedia&parent=5802"}],"wp:term":[{"taxonomy":"category","embeddable":true,"href":"http:\/\/spp3.slawno.pl\/index.php?rest_route=%2Fwp%2Fv2%2Fcategories&post=5802"},{"taxonomy":"post_tag","embeddable":true,"href":"http:\/\/spp3.slawno.pl\/index.php?rest_route=%2Fwp%2Fv2%2Ftags&post=5802"}],"curies":[{"name":"wp","href":"https:\/\/api.w.org\/{rel}","templated":true}]}}