{"id":5829,"date":"2020-12-13T19:51:12","date_gmt":"2020-12-13T18:51:12","guid":{"rendered":"http:\/\/spp3.slawno.pl\/?p=5829"},"modified":"2021-05-30T17:41:05","modified_gmt":"2021-05-30T15:41:05","slug":"zapalmy-swiatlo-wolnosci-obchody-39-rocznicy-wprowadzenia-stanu-wojennego","status":"publish","type":"post","link":"http:\/\/spp3.slawno.pl\/?p=5829","title":{"rendered":"Zapalmy \u015awiat\u0142o Wolno\u015bci \u2013 obchody 39. rocznicy wprowadzenia stanu wojennego"},"content":{"rendered":"<p>Minister Edukacji i Nauki Przemys\u0142aw Czarnek zach\u0119ca do w\u0142\u0105czenia si\u0119 w kolejn\u0105 edycj\u0119 akcji spo\u0142eczno-edukacyjnej \u201eOfiarom stanu wojennego. Zapal \u015awiat\u0142o Wolno\u015bci\u201d. To ho\u0142d dla ofiar, a jednocze\u015bnie wyraz pami\u0119ci o tragicznych wydarzeniach, kt\u00f3re rozegra\u0142y si\u0119 dok\u0142adnie 39 lat temu. W niedziel\u0119, 13 grudnia o godz. 19:30 w domach, urz\u0119dach i miejscach u\u017cyteczno\u015bci publicznej zap\u0142on\u0105 pami\u0105tkowe znicze.<\/p>\n<h3>Ofiarom stanu wojennego. Zapal \u015awiat\u0142o Wolno\u015bci<\/h3>\n<p>Akcja spo\u0142eczno-edukacyjna \u201eOfiarom stanu wojennego. Zapal \u015awiat\u0142o Wolno\u015bci\u201d ma ju\u017c kilkuletni\u0105 histori\u0119. Ka\u017cdego roku 13 grudnia Polacy zapalaj\u0105 znicze w domach, urz\u0119dach i miejscach u\u017cyteczno\u015bci publicznej. \u015awiece te s\u0105 symbolem pami\u0119ci o wszystkich tych, kt\u00f3rzy stracili \u017cycie lub w inny spos\u00f3b ucierpieli w wyniku stanu wojennego.<\/p>\n<p>Przedsi\u0119wzi\u0119cie nawi\u0105zuje do gestu, jakim na pocz\u0105tku lat osiemdziesi\u0105tych Polacy i inni mieszka\u0144cy Wolnego \u015awiata wyra\u017cali sprzeciw wobec brutalnej polityki w\u0142adz PRL. W oknach swoich dom\u00f3w stawiali symboliczne \u015bwiece, aby da\u0107 wyraz solidarno\u015bci z tysi\u0105cami internowanych i ich rodzinami.<\/p>\n<p>38 lat temu symboliczne \u015bwiate\u0142ko pojawi\u0142o si\u0119 r\u00f3wnie\u017c w oknie Pa\u0142acu Apostolskiego w Watykanie. W ten spos\u00f3b solidarno\u015b\u0107 z rodakami cierpi\u0105cymi w kraju wyrazi\u0142 papie\u017c Jan Pawe\u0142 II.<\/p>\n<h3>Iluminacja \u015bwietlna na fasadzie budynku MNiSW<\/h3>\n<p>Ministerstwo Nauki i Szkolnictwa Wy\u017cszego w celu upami\u0119tnienia ofiar przygotowa\u0142o okoliczno\u015bciow\u0105 iluminacj\u0119 \u015bwietln\u0105. Zostanie ona zaprezentowana w niedziel\u0119, 13 grudnia 2020 r. o godzinie 16.00 na fasadzie budynku ministerstwa od strony ul. Ho\u017cej.<\/p>\n<p>Zach\u0119camy do w\u0142\u0105czenia si\u0119 do akcji \u201eOfiarom stanu wojennego. Zapal \u015awiat\u0142o Wolno\u015bci\u201d!\u00a0<img loading=\"lazy\" decoding=\"async\" class=\"alignnone size-full wp-image-5830\" src=\"http:\/\/spp3.slawno.pl\/wp-content\/uploads\/2020\/12\/\u015awiat\u0142o-wolno\u015bci.jpg\" alt=\"Plakat z akcji \u015awia\u0142o wolno\u015bci\" width=\"960\" height=\"454\" srcset=\"http:\/\/spp3.slawno.pl\/wp-content\/uploads\/2020\/12\/\u015awiat\u0142o-wolno\u015bci.jpg 960w, http:\/\/spp3.slawno.pl\/wp-content\/uploads\/2020\/12\/\u015awiat\u0142o-wolno\u015bci-300x142.jpg 300w, http:\/\/spp3.slawno.pl\/wp-content\/uploads\/2020\/12\/\u015awiat\u0142o-wolno\u015bci-768x363.jpg 768w\" sizes=\"(max-width: 960px) 100vw, 960px\" \/><\/p>\n","protected":false},"excerpt":{"rendered":"<div class=\"mh-excerpt\"><p>Minister Edukacji i Nauki Przemys\u0142aw Czarnek zach\u0119ca do w\u0142\u0105czenia si\u0119 w kolejn\u0105 edycj\u0119 akcji spo\u0142eczno-edukacyjnej \u201eOfiarom stanu wojennego. Zapal \u015awiat\u0142o Wolno\u015bci\u201d. To ho\u0142d dla ofiar, <a class=\"mh-excerpt-more\" href=\"http:\/\/spp3.slawno.pl\/?p=5829\" title=\"Zapalmy \u015awiat\u0142o Wolno\u015bci \u2013 obchody 39. rocznicy wprowadzenia stanu wojennego\">[&#8230;]<\/a><\/p>\n<\/div>","protected":false},"author":2,"featured_media":5830,"comment_status":"closed","ping_status":"open","sticky":false,"template":"","format":"standard","meta":{"footnotes":""},"categories":[32,8],"tags":[],"class_list":["post-5829","post","type-post","status-publish","format-standard","has-post-thumbnail","hentry","category-akcje","category-wydarzenia"],"_links":{"self":[{"href":"http:\/\/spp3.slawno.pl\/index.php?rest_route=\/wp\/v2\/posts\/5829"}],"collection":[{"href":"http:\/\/spp3.slawno.pl\/index.php?rest_route=\/wp\/v2\/posts"}],"about":[{"href":"http:\/\/spp3.slawno.pl\/index.php?rest_route=\/wp\/v2\/types\/post"}],"author":[{"embeddable":true,"href":"http:\/\/spp3.slawno.pl\/index.php?rest_route=\/wp\/v2\/users\/2"}],"replies":[{"embeddable":true,"href":"http:\/\/spp3.slawno.pl\/index.php?rest_route=%2Fwp%2Fv2%2Fcomments&post=5829"}],"version-history":[{"count":1,"href":"http:\/\/spp3.slawno.pl\/index.php?rest_route=\/wp\/v2\/posts\/5829\/revisions"}],"predecessor-version":[{"id":5831,"href":"http:\/\/spp3.slawno.pl\/index.php?rest_route=\/wp\/v2\/posts\/5829\/revisions\/5831"}],"wp:featuredmedia":[{"embeddable":true,"href":"http:\/\/spp3.slawno.pl\/index.php?rest_route=\/wp\/v2\/media\/5830"}],"wp:attachment":[{"href":"http:\/\/spp3.slawno.pl\/index.php?rest_route=%2Fwp%2Fv2%2Fmedia&parent=5829"}],"wp:term":[{"taxonomy":"category","embeddable":true,"href":"http:\/\/spp3.slawno.pl\/index.php?rest_route=%2Fwp%2Fv2%2Fcategories&post=5829"},{"taxonomy":"post_tag","embeddable":true,"href":"http:\/\/spp3.slawno.pl\/index.php?rest_route=%2Fwp%2Fv2%2Ftags&post=5829"}],"curies":[{"name":"wp","href":"https:\/\/api.w.org\/{rel}","templated":true}]}}