{"id":5832,"date":"2020-12-14T16:59:39","date_gmt":"2020-12-14T15:59:39","guid":{"rendered":"http:\/\/spp3.slawno.pl\/?p=5832"},"modified":"2021-05-30T17:40:22","modified_gmt":"2021-05-30T15:40:22","slug":"konkurs-sdk-nasza-choinka","status":"publish","type":"post","link":"http:\/\/spp3.slawno.pl\/?p=5832","title":{"rendered":"Konkurs SDK &#8211; NASZA CHOINKA\u00a0"},"content":{"rendered":"<p>S\u0142awie\u0144ski Dom Kultury og\u0142asza konkurs na najpi\u0119kniejsz\u0105 choink\u0119.<br \/>\nPrze\u015blij zdj\u0119cie swojej choinki i walcz o nagrody.<br \/>\nZdj\u0119cia prosimy przesy\u0142a\u0107 drog\u0105 elektroniczn\u0105 na adres:<\/p>\n<p>sekretariat@sdk.slawno.pl\u00a0 \u00a0 \u00a0 \u00a0Na fotografie czekamy do 12.01.2021 r.<\/p>\n<p><img loading=\"lazy\" decoding=\"async\" class=\"alignnone size-large wp-image-5833\" src=\"http:\/\/spp3.slawno.pl\/wp-content\/uploads\/2020\/12\/Konkurs-SDK-na-naj\u0142adniejsz\u0105-choink\u0119-676x1024.jpg\" alt=\"Plakat konkurs SDK - Najpi\u0119kniejsza choinka\" width=\"676\" height=\"1024\" srcset=\"http:\/\/spp3.slawno.pl\/wp-content\/uploads\/2020\/12\/Konkurs-SDK-na-naj\u0142adniejsz\u0105-choink\u0119-676x1024.jpg 676w, http:\/\/spp3.slawno.pl\/wp-content\/uploads\/2020\/12\/Konkurs-SDK-na-naj\u0142adniejsz\u0105-choink\u0119-198x300.jpg 198w, http:\/\/spp3.slawno.pl\/wp-content\/uploads\/2020\/12\/Konkurs-SDK-na-naj\u0142adniejsz\u0105-choink\u0119-768x1163.jpg 768w, http:\/\/spp3.slawno.pl\/wp-content\/uploads\/2020\/12\/Konkurs-SDK-na-naj\u0142adniejsz\u0105-choink\u0119.jpg 1057w\" sizes=\"(max-width: 676px) 100vw, 676px\" \/><\/p>\n<p>Regulamin oraz formularz zg\u0142oszeniowy dost\u0119pny jest na<br \/>\n<a class=\"oajrlxb2 g5ia77u1 qu0x051f esr5mh6w e9989ue4 r7d6kgcz rq0escxv nhd2j8a9 nc684nl6 p7hjln8o kvgmc6g5 cxmmr5t8 oygrvhab hcukyx3x jb3vyjys rz4wbd8a qt6c0cv9 a8nywdso i1ao9s8h esuyzwwr f1sip0of lzcic4wl py34i1dx gpro0wi8\" tabindex=\"0\" role=\"link\" href=\"http:\/\/sdk.slawno.pl\/2020\/12\/07\/konkurs-fotograficzny-nasza-choinka\/?fbclid=IwAR1JN0UR0WDXA1iuOETLxBkC6ou-8CXkffQuq-fEVrmEgii1If7951K2B70\" target=\"_blank\" rel=\"nofollow noopener\">http:\/\/sdk.slawno.pl\/&#8230;\/konkurs-fotograficzny-nasza&#8230;\/&#8230;<\/a><\/p>\n","protected":false},"excerpt":{"rendered":"<div class=\"mh-excerpt\"><p>S\u0142awie\u0144ski Dom Kultury og\u0142asza konkurs na najpi\u0119kniejsz\u0105 choink\u0119. Prze\u015blij zdj\u0119cie swojej choinki i walcz o nagrody. Zdj\u0119cia prosimy przesy\u0142a\u0107 drog\u0105 elektroniczn\u0105 na adres: sekretariat@sdk.slawno.pl\u00a0 \u00a0 <a class=\"mh-excerpt-more\" href=\"http:\/\/spp3.slawno.pl\/?p=5832\" title=\"Konkurs SDK &#8211; NASZA CHOINKA\u00a0\">[&#8230;]<\/a><\/p>\n<\/div>","protected":false},"author":2,"featured_media":5833,"comment_status":"closed","ping_status":"open","sticky":false,"template":"","format":"standard","meta":{"footnotes":""},"categories":[7,8],"tags":[],"class_list":["post-5832","post","type-post","status-publish","format-standard","has-post-thumbnail","hentry","category-konkursy","category-wydarzenia"],"_links":{"self":[{"href":"http:\/\/spp3.slawno.pl\/index.php?rest_route=\/wp\/v2\/posts\/5832"}],"collection":[{"href":"http:\/\/spp3.slawno.pl\/index.php?rest_route=\/wp\/v2\/posts"}],"about":[{"href":"http:\/\/spp3.slawno.pl\/index.php?rest_route=\/wp\/v2\/types\/post"}],"author":[{"embeddable":true,"href":"http:\/\/spp3.slawno.pl\/index.php?rest_route=\/wp\/v2\/users\/2"}],"replies":[{"embeddable":true,"href":"http:\/\/spp3.slawno.pl\/index.php?rest_route=%2Fwp%2Fv2%2Fcomments&post=5832"}],"version-history":[{"count":1,"href":"http:\/\/spp3.slawno.pl\/index.php?rest_route=\/wp\/v2\/posts\/5832\/revisions"}],"predecessor-version":[{"id":5834,"href":"http:\/\/spp3.slawno.pl\/index.php?rest_route=\/wp\/v2\/posts\/5832\/revisions\/5834"}],"wp:featuredmedia":[{"embeddable":true,"href":"http:\/\/spp3.slawno.pl\/index.php?rest_route=\/wp\/v2\/media\/5833"}],"wp:attachment":[{"href":"http:\/\/spp3.slawno.pl\/index.php?rest_route=%2Fwp%2Fv2%2Fmedia&parent=5832"}],"wp:term":[{"taxonomy":"category","embeddable":true,"href":"http:\/\/spp3.slawno.pl\/index.php?rest_route=%2Fwp%2Fv2%2Fcategories&post=5832"},{"taxonomy":"post_tag","embeddable":true,"href":"http:\/\/spp3.slawno.pl\/index.php?rest_route=%2Fwp%2Fv2%2Ftags&post=5832"}],"curies":[{"name":"wp","href":"https:\/\/api.w.org\/{rel}","templated":true}]}}