{"id":5919,"date":"2020-12-22T23:15:42","date_gmt":"2020-12-22T22:15:42","guid":{"rendered":"http:\/\/spp3.slawno.pl\/?p=5919"},"modified":"2020-12-22T23:15:42","modified_gmt":"2020-12-22T22:15:42","slug":"swieta-klasa-ivc","status":"publish","type":"post","link":"http:\/\/spp3.slawno.pl\/?p=5919","title":{"rendered":"\u015awi\u0119ta &#8211; klasa IVc"},"content":{"rendered":"<p>Projekt klasy IV c &#8211; Wigilia z naszymi zwierz\u0119tami.<\/p>\n<div style=\"width: 1280px;\" class=\"wp-video\"><!--[if lt IE 9]><script>document.createElement('video');<\/script><![endif]-->\n<video class=\"wp-video-shortcode\" id=\"video-5919-1\" width=\"1280\" height=\"720\" preload=\"metadata\" controls=\"controls\"><source type=\"video\/mp4\" src=\"http:\/\/spp3.slawno.pl\/wp-content\/uploads\/2020\/12\/Wigilia-z-naszymi-zwierz\u0105tkami.mp4?_=1\" \/><a href=\"http:\/\/spp3.slawno.pl\/wp-content\/uploads\/2020\/12\/Wigilia-z-naszymi-zwierz\u0105tkami.mp4\">http:\/\/spp3.slawno.pl\/wp-content\/uploads\/2020\/12\/Wigilia-z-naszymi-zwierz\u0105tkami.mp4<\/a><\/video><\/div>\n","protected":false},"excerpt":{"rendered":"<div class=\"mh-excerpt\"><p>Projekt klasy IV c &#8211; Wigilia z naszymi zwierz\u0119tami.<\/p>\n<\/div>","protected":false},"author":2,"featured_media":5921,"comment_status":"closed","ping_status":"open","sticky":false,"template":"","format":"standard","meta":{"footnotes":""},"categories":[8],"tags":[],"class_list":["post-5919","post","type-post","status-publish","format-standard","has-post-thumbnail","hentry","category-wydarzenia"],"_links":{"self":[{"href":"http:\/\/spp3.slawno.pl\/index.php?rest_route=\/wp\/v2\/posts\/5919"}],"collection":[{"href":"http:\/\/spp3.slawno.pl\/index.php?rest_route=\/wp\/v2\/posts"}],"about":[{"href":"http:\/\/spp3.slawno.pl\/index.php?rest_route=\/wp\/v2\/types\/post"}],"author":[{"embeddable":true,"href":"http:\/\/spp3.slawno.pl\/index.php?rest_route=\/wp\/v2\/users\/2"}],"replies":[{"embeddable":true,"href":"http:\/\/spp3.slawno.pl\/index.php?rest_route=%2Fwp%2Fv2%2Fcomments&post=5919"}],"version-history":[{"count":1,"href":"http:\/\/spp3.slawno.pl\/index.php?rest_route=\/wp\/v2\/posts\/5919\/revisions"}],"predecessor-version":[{"id":5922,"href":"http:\/\/spp3.slawno.pl\/index.php?rest_route=\/wp\/v2\/posts\/5919\/revisions\/5922"}],"wp:featuredmedia":[{"embeddable":true,"href":"http:\/\/spp3.slawno.pl\/index.php?rest_route=\/wp\/v2\/media\/5921"}],"wp:attachment":[{"href":"http:\/\/spp3.slawno.pl\/index.php?rest_route=%2Fwp%2Fv2%2Fmedia&parent=5919"}],"wp:term":[{"taxonomy":"category","embeddable":true,"href":"http:\/\/spp3.slawno.pl\/index.php?rest_route=%2Fwp%2Fv2%2Fcategories&post=5919"},{"taxonomy":"post_tag","embeddable":true,"href":"http:\/\/spp3.slawno.pl\/index.php?rest_route=%2Fwp%2Fv2%2Ftags&post=5919"}],"curies":[{"name":"wp","href":"https:\/\/api.w.org\/{rel}","templated":true}]}}