{"id":5926,"date":"2021-01-04T10:40:02","date_gmt":"2021-01-04T09:40:02","guid":{"rendered":"http:\/\/spp3.slawno.pl\/?p=5926"},"modified":"2021-01-04T10:40:02","modified_gmt":"2021-01-04T09:40:02","slug":"list-ministra-edukacji-i-nauki-do-dyrektorow-szkol-zyczenia-oraz-oferta-tvp-na-ferie","status":"publish","type":"post","link":"http:\/\/spp3.slawno.pl\/?p=5926","title":{"rendered":"List Ministra Edukacji i Nauki do dyrektor\u00f3w szk\u00f3\u0142- \u017cyczenia oraz oferta TVP na ferie"},"content":{"rendered":"<table border=\"0\" width=\"100%\" cellspacing=\"0\" cellpadding=\"0\">\n<tbody>\n<tr>\n<td width=\"600\">Szanowni Pa\u0144stwo Dyrektorzy,<\/p>\n<p>w imieniu Ministra Edukacji i Nauki prosz\u0119 o przyj\u0119cie najserdeczniejszych \u017cycze\u0144 na Nowy Rok:\u00a0zdrowia, rado\u015bci i wszelkiej pomy\u015blno\u015bci w 2021 r.<\/p>\n<p>Pocz\u0105tek nowego roku to r\u00f3wnocze\u015bnie rozpocz\u0119cie ferii zimowych.\u00a0W tym roku szkolnym odb\u0119d\u0105 si\u0119 one dla uczni\u00f3w z ca\u0142ego kraju w jednym terminie i potrwaj\u0105\u00a0od 4 do 17\u00a0stycznia 2021 r. Chcemy, aby czas odpoczynku by\u0142 jednak inspiruj\u0105cy, dlatego przygotowali\u015bmy ciekaw\u0105 ofert\u0119 dla uczni\u00f3w i ich rodzin.<\/p>\n<p><strong>Ferie z TVP\u00a0<\/strong><\/p>\n<p>Rozrywka, ciekawe filmy i seriale, a tak\u017ce wci\u0105gaj\u0105ce programy sportowe i lifestylowe \u2013 to g\u0142\u00f3wne propozycje przygotowane przez Telewizj\u0119 Polsk\u0105. W ramach emitowanego codziennie cyklu dynamicznych, 20-minutowych program\u00f3w edukacyjnych ka\u017cdy znajdzie co\u015b dla siebie &#8211; mi\u0142o\u015bnicy pi\u0142ki no\u017cnej, ta\u0144ca czy te\u017c m\u0142ody koneser sztuki. Propozycje te z powodzeniem zaanga\u017cuj\u0105 ca\u0142e rodziny do wsp\u00f3lnego i niezwykle interesuj\u0105cego sp\u0119dzania czasu!<\/p>\n<p>Wi\u0119cej informacji\u00a0<a href=\"https:\/\/www.gov.pl\/web\/edukacja\/ferie-z-tvp-wyjatkowa-propozycja-dla-rodzin\" rel=\"noopener noreferrer\" data-saferedirecturl=\"https:\/\/zasobygwp.pl\/redirect?sig=c46f6f5c2f0a2e2feb8f710b4c4d63b00eb29f1d3ef7081fca92c5c278f89b1c&amp;url=aHR0cHM6Ly93d3cuZ292LnBsL3dlYi9lZHVrYWNqYS9mZXJpZS16LXR2cC13eWphdGtvd2EtcHJvcG96eWNqYS1kbGEtcm9kemlu&amp;platform=desktop&amp;brand=wp\">https:\/\/www.gov.pl\/web\/edukacja\/ferie-z-tvp-wyjatkowa-propozycja-dla-rodzin<\/a><\/p>\n<p><strong>Akcja \u201eFerie bez nudy\u201d\u00a0<\/strong><\/p>\n<p>Wsp\u00f3lnie z nami pomys\u0142y na to, aby nie nudzi\u0107 si\u0119 w czasie ferii przygotowa\u0142a tak\u017ce Fundacja LOTTO im. Haliny Konopackiej. \u201eFerie bez nudy\u201d to zbi\u00f3r ciekawych propozycji dzia\u0142a\u0144 udost\u0119pnionych w interaktywnej formie na specjalnej platformie internetowej.\u00a0W\u015br\u00f3d nich mn\u00f3stwo interesuj\u0105cych eksperyment\u00f3w, \u0107wiczenia gimnastyczne, gry, quizy oraz wiele innych aktywno\u015bci, kt\u00f3re rozbudz\u0105 kreatywno\u015b\u0107 ka\u017cdego ucznia! Ju\u017c wkr\u00f3tce przedstawimy szczeg\u00f3\u0142y tej propozycji.<\/p>\n<p>Na stronie internetowej Ministerstwa Edukacji i Nauki pojawi\u0142a si\u0119 specjalna zak\u0142adka dotycz\u0105ca ferii. B\u0119dziemy w niej sukcesywnie zamieszcza\u0107 propozycje na ferie. Informacje na ten temat znajd\u0105 si\u0119 r\u00f3wnie\u017c na naszych profilach w mediach spo\u0142eczno\u015bciowych.<\/p>\n<p>Uprzejmie prosz\u0119 o przekazanie tej informacji nauczycielom, uczniom i rodzicom.<\/p>\n<p>&nbsp;<\/td>\n<\/tr>\n<tr>\n<td width=\"600\">\u0141\u0105cz\u0119 wyrazy szacunku<\/p>\n<p>Anna Ostrowska<br \/>\nRzecznik Prasowy MEN<\/td>\n<\/tr>\n<\/tbody>\n<\/table>\n","protected":false},"excerpt":{"rendered":"<div class=\"mh-excerpt\"><p>Szanowni Pa\u0144stwo Dyrektorzy, w imieniu Ministra Edukacji i Nauki prosz\u0119 o przyj\u0119cie najserdeczniejszych \u017cycze\u0144 na Nowy Rok:\u00a0zdrowia, rado\u015bci i wszelkiej pomy\u015blno\u015bci w 2021 r. Pocz\u0105tek <a class=\"mh-excerpt-more\" href=\"http:\/\/spp3.slawno.pl\/?p=5926\" title=\"List Ministra Edukacji i Nauki do dyrektor\u00f3w szk\u00f3\u0142- \u017cyczenia oraz oferta TVP na ferie\">[&#8230;]<\/a><\/p>\n<\/div>","protected":false},"author":2,"featured_media":5927,"comment_status":"closed","ping_status":"open","sticky":false,"template":"","format":"standard","meta":{"footnotes":""},"categories":[9,8],"tags":[],"class_list":["post-5926","post","type-post","status-publish","format-standard","has-post-thumbnail","hentry","category-ogloszenia","category-wydarzenia"],"_links":{"self":[{"href":"http:\/\/spp3.slawno.pl\/index.php?rest_route=\/wp\/v2\/posts\/5926"}],"collection":[{"href":"http:\/\/spp3.slawno.pl\/index.php?rest_route=\/wp\/v2\/posts"}],"about":[{"href":"http:\/\/spp3.slawno.pl\/index.php?rest_route=\/wp\/v2\/types\/post"}],"author":[{"embeddable":true,"href":"http:\/\/spp3.slawno.pl\/index.php?rest_route=\/wp\/v2\/users\/2"}],"replies":[{"embeddable":true,"href":"http:\/\/spp3.slawno.pl\/index.php?rest_route=%2Fwp%2Fv2%2Fcomments&post=5926"}],"version-history":[{"count":1,"href":"http:\/\/spp3.slawno.pl\/index.php?rest_route=\/wp\/v2\/posts\/5926\/revisions"}],"predecessor-version":[{"id":5928,"href":"http:\/\/spp3.slawno.pl\/index.php?rest_route=\/wp\/v2\/posts\/5926\/revisions\/5928"}],"wp:featuredmedia":[{"embeddable":true,"href":"http:\/\/spp3.slawno.pl\/index.php?rest_route=\/wp\/v2\/media\/5927"}],"wp:attachment":[{"href":"http:\/\/spp3.slawno.pl\/index.php?rest_route=%2Fwp%2Fv2%2Fmedia&parent=5926"}],"wp:term":[{"taxonomy":"category","embeddable":true,"href":"http:\/\/spp3.slawno.pl\/index.php?rest_route=%2Fwp%2Fv2%2Fcategories&post=5926"},{"taxonomy":"post_tag","embeddable":true,"href":"http:\/\/spp3.slawno.pl\/index.php?rest_route=%2Fwp%2Fv2%2Ftags&post=5926"}],"curies":[{"name":"wp","href":"https:\/\/api.w.org\/{rel}","templated":true}]}}