{"id":5929,"date":"2021-01-07T12:14:47","date_gmt":"2021-01-07T11:14:47","guid":{"rendered":"http:\/\/spp3.slawno.pl\/?p=5929"},"modified":"2021-01-07T12:14:47","modified_gmt":"2021-01-07T11:14:47","slug":"informacja-o-dzialaniu-poradni-w-trakcie-ferii","status":"publish","type":"post","link":"http:\/\/spp3.slawno.pl\/?p=5929","title":{"rendered":"Informacja o dzia\u0142aniu poradni w trakcie ferii"},"content":{"rendered":"<p align=\"justify\"><span style=\"font-size: medium;\"> <span style=\"font-family: 'Times New Roman', serif;\">Zgodnie z Rozporz\u0105dzeniem MEN z dnia 01.02.2013 r. w sprawie szczeg\u00f3\u0142owych zasad dzia\u0142ania publicznych poradni psychologiczno-pedagogicznych, w tym publicznych poradni specjalistycznych (Dz. U. z 2013 r. poz. 199 ze zm.)<\/span> <span style=\"font-family: 'Times New Roman', serif;\">Powiatowa Poradnia Psychologiczno-Pedagogiczna w S\u0142awnie z Fili\u0105 w Dar\u0142owie<\/span><span style=\"font-family: 'Times New Roman', serif;\">, jako plac\u00f3wka nieferyjna, dzia\u0142a <\/span><span style=\"font-family: 'Times New Roman', serif;\">ca\u0142orocznie<\/span> <span style=\"font-family: 'Times New Roman', serif;\">bez przerw, <\/span><span style=\"font-family: 'Times New Roman', serif;\">udzielaj\u0105c specjalistycznej pomocy psychologiczno-pedagogicznej dzieciom i m\u0142odzie\u017cy oraz ich rodzicom i nauczycielom z przedszkoli, szk\u00f3\u0142 lub plac\u00f3wek maj\u0105cych siedzib\u0119 na terenie dzia\u0142ania poradni, <\/span><span style=\"font-family: 'Times New Roman', serif;\">tzn.:<\/span><\/span><\/p>\n<ul>\n<li>\n<p align=\"justify\"><span style=\"font-family: 'Times New Roman', serif;\"><span style=\"font-size: medium;\">PPPP w S\u0142awnie <\/span><\/span><span style=\"font-family: 'Times New Roman', serif;\"><span style=\"font-size: medium;\">dzia\u0142a na terenie <\/span><\/span><span style=\"font-family: 'Times New Roman', serif;\"><span style=\"font-size: medium;\">miast<\/span><\/span><span style=\"font-family: 'Times New Roman', serif;\"><span style=\"font-size: medium;\">a<\/span><\/span><span style=\"font-family: 'Times New Roman', serif;\"><span style=\"font-size: medium;\"> S\u0142awno oraz gmin S\u0142awno, Postomino i Malechowo,<\/span><\/span><\/p>\n<\/li>\n<li>\n<p align=\"justify\"><span style=\"font-family: 'Times New Roman', serif;\"><span style=\"font-size: medium;\">Fili<\/span><\/span><span style=\"font-family: 'Times New Roman', serif;\"><span style=\"font-size: medium;\">a<\/span><\/span><span style=\"font-family: 'Times New Roman', serif;\"><span style=\"font-size: medium;\"> PPPP w Dar\u0142owie <\/span><\/span><span style=\"font-family: 'Times New Roman', serif;\"><span style=\"font-size: medium;\">dzia\u0142a na terenie miasta <\/span><\/span><span style=\"font-family: 'Times New Roman', serif;\"><span style=\"font-size: medium;\">Dar\u0142owo i gmin<\/span><\/span><span style=\"font-family: 'Times New Roman', serif;\"><span style=\"font-size: medium;\">y<\/span><\/span><span style=\"font-family: 'Times New Roman', serif;\"><span style=\"font-size: medium;\"> Dar\u0142owo. <\/span><\/span><\/p>\n<\/li>\n<\/ul>\n<p align=\"justify\"><span style=\"font-size: medium;\"> <span style=\"font-family: 'Times New Roman', serif;\">W<\/span><span style=\"font-family: 'Times New Roman', serif;\"> przypadku dzieci i m\u0142odzie\u017cy oraz rodzic\u00f3w dzieci nieucz\u0119szczaj\u0105cych do przedszkola, szko\u0142y lub plac\u00f3wki pomocy udziela poradnia w\u0142a\u015bciwa ze wzgl\u0119du na miejsce zamieszkania dziecka. <\/span><\/span><\/p>\n<p align=\"justify\"><span style=\"font-size: medium;\"> <span style=\"font-family: 'Times New Roman', serif;\">Korzystanie z pomocy poradni jest dobrowolne i nieodp\u0142atne. <\/span><\/span><\/p>\n<p align=\"justify\"><span style=\"font-family: 'Times New Roman', serif;\"><span style=\"font-size: medium;\">O<\/span><\/span><span style=\"font-family: 'Times New Roman', serif;\"><span style=\"font-size: medium;\">d 01.09.2020 r. poradnia udziela dzieciom i m\u0142odzie\u017cy pomocy specjalistycznej w trybie stacjonarnym dzia\u0142aj\u0105c w re\u017cimie sanitarnym w<\/span><\/span><span style=\"font-family: 'Times New Roman', serif;\"><span style=\"font-size: medium;\"> zwi\u0105zku z zapobieganiem, przeciwdzia\u0142aniem i zwalczaniem COVID-19.<\/span><\/span><\/p>\n<p align=\"justify\">Ca\u0142y dokument:<\/p>\n<p align=\"justify\"><a href=\"http:\/\/spp3.slawno.pl\/wp-content\/uploads\/2021\/01\/INFORMACJA-DOT.-MO\u017bLIWO\u015aCI-KORZYSTANIA-Z-POMOCY-PORADNI-W-OKRESIE-FERII-ZIMOWYCH-1.odt\">INFORMACJA DOT. MO\u017bLIWO\u015aCI KORZYSTANIA Z POMOCY PORADNI W OKRESIE FERII ZIMOWYCH (1)<\/a><\/p>\n","protected":false},"excerpt":{"rendered":"<div class=\"mh-excerpt\"><p>Zgodnie z Rozporz\u0105dzeniem MEN z dnia 01.02.2013 r. w sprawie szczeg\u00f3\u0142owych zasad dzia\u0142ania publicznych poradni psychologiczno-pedagogicznych, w tym publicznych poradni specjalistycznych (Dz. U. z 2013 <a class=\"mh-excerpt-more\" href=\"http:\/\/spp3.slawno.pl\/?p=5929\" title=\"Informacja o dzia\u0142aniu poradni w trakcie ferii\">[&#8230;]<\/a><\/p>\n<\/div>","protected":false},"author":2,"featured_media":5931,"comment_status":"closed","ping_status":"open","sticky":false,"template":"","format":"standard","meta":{"footnotes":""},"categories":[9,8],"tags":[],"class_list":["post-5929","post","type-post","status-publish","format-standard","has-post-thumbnail","hentry","category-ogloszenia","category-wydarzenia"],"_links":{"self":[{"href":"http:\/\/spp3.slawno.pl\/index.php?rest_route=\/wp\/v2\/posts\/5929"}],"collection":[{"href":"http:\/\/spp3.slawno.pl\/index.php?rest_route=\/wp\/v2\/posts"}],"about":[{"href":"http:\/\/spp3.slawno.pl\/index.php?rest_route=\/wp\/v2\/types\/post"}],"author":[{"embeddable":true,"href":"http:\/\/spp3.slawno.pl\/index.php?rest_route=\/wp\/v2\/users\/2"}],"replies":[{"embeddable":true,"href":"http:\/\/spp3.slawno.pl\/index.php?rest_route=%2Fwp%2Fv2%2Fcomments&post=5929"}],"version-history":[{"count":1,"href":"http:\/\/spp3.slawno.pl\/index.php?rest_route=\/wp\/v2\/posts\/5929\/revisions"}],"predecessor-version":[{"id":5932,"href":"http:\/\/spp3.slawno.pl\/index.php?rest_route=\/wp\/v2\/posts\/5929\/revisions\/5932"}],"wp:featuredmedia":[{"embeddable":true,"href":"http:\/\/spp3.slawno.pl\/index.php?rest_route=\/wp\/v2\/media\/5931"}],"wp:attachment":[{"href":"http:\/\/spp3.slawno.pl\/index.php?rest_route=%2Fwp%2Fv2%2Fmedia&parent=5929"}],"wp:term":[{"taxonomy":"category","embeddable":true,"href":"http:\/\/spp3.slawno.pl\/index.php?rest_route=%2Fwp%2Fv2%2Fcategories&post=5929"},{"taxonomy":"post_tag","embeddable":true,"href":"http:\/\/spp3.slawno.pl\/index.php?rest_route=%2Fwp%2Fv2%2Ftags&post=5929"}],"curies":[{"name":"wp","href":"https:\/\/api.w.org\/{rel}","templated":true}]}}