{"id":5937,"date":"2021-01-12T13:59:01","date_gmt":"2021-01-12T12:59:01","guid":{"rendered":"http:\/\/spp3.slawno.pl\/?p=5937"},"modified":"2021-01-12T13:59:01","modified_gmt":"2021-01-12T12:59:01","slug":"ferie-zajecia-w-miejskiej-bibliotece","status":"publish","type":"post","link":"http:\/\/spp3.slawno.pl\/?p=5937","title":{"rendered":"Ferie-zaj\u0119cia w Miejskiej Bibliotece"},"content":{"rendered":"<p><img loading=\"lazy\" decoding=\"async\" class=\"alignnone size-large wp-image-5941\" src=\"http:\/\/spp3.slawno.pl\/wp-content\/uploads\/2021\/01\/Biblioteka-724x1024.jpg\" alt=\"Plakat dotycz\u0105cy zaj\u0119\u0107 na ferie w bibliotece miejskiej\" width=\"724\" height=\"1024\" srcset=\"http:\/\/spp3.slawno.pl\/wp-content\/uploads\/2021\/01\/Biblioteka-724x1024.jpg 724w, http:\/\/spp3.slawno.pl\/wp-content\/uploads\/2021\/01\/Biblioteka-212x300.jpg 212w, http:\/\/spp3.slawno.pl\/wp-content\/uploads\/2021\/01\/Biblioteka-768x1087.jpg 768w, http:\/\/spp3.slawno.pl\/wp-content\/uploads\/2021\/01\/Biblioteka.jpg 843w\" sizes=\"(max-width: 724px) 100vw, 724px\" \/><\/p>\n","protected":false},"excerpt":{"rendered":"<div class=\"mh-excerpt\"><\/div>","protected":false},"author":2,"featured_media":5941,"comment_status":"closed","ping_status":"open","sticky":false,"template":"","format":"standard","meta":{"footnotes":""},"categories":[9],"tags":[],"class_list":["post-5937","post","type-post","status-publish","format-standard","has-post-thumbnail","hentry","category-ogloszenia"],"_links":{"self":[{"href":"http:\/\/spp3.slawno.pl\/index.php?rest_route=\/wp\/v2\/posts\/5937"}],"collection":[{"href":"http:\/\/spp3.slawno.pl\/index.php?rest_route=\/wp\/v2\/posts"}],"about":[{"href":"http:\/\/spp3.slawno.pl\/index.php?rest_route=\/wp\/v2\/types\/post"}],"author":[{"embeddable":true,"href":"http:\/\/spp3.slawno.pl\/index.php?rest_route=\/wp\/v2\/users\/2"}],"replies":[{"embeddable":true,"href":"http:\/\/spp3.slawno.pl\/index.php?rest_route=%2Fwp%2Fv2%2Fcomments&post=5937"}],"version-history":[{"count":1,"href":"http:\/\/spp3.slawno.pl\/index.php?rest_route=\/wp\/v2\/posts\/5937\/revisions"}],"predecessor-version":[{"id":5942,"href":"http:\/\/spp3.slawno.pl\/index.php?rest_route=\/wp\/v2\/posts\/5937\/revisions\/5942"}],"wp:featuredmedia":[{"embeddable":true,"href":"http:\/\/spp3.slawno.pl\/index.php?rest_route=\/wp\/v2\/media\/5941"}],"wp:attachment":[{"href":"http:\/\/spp3.slawno.pl\/index.php?rest_route=%2Fwp%2Fv2%2Fmedia&parent=5937"}],"wp:term":[{"taxonomy":"category","embeddable":true,"href":"http:\/\/spp3.slawno.pl\/index.php?rest_route=%2Fwp%2Fv2%2Fcategories&post=5937"},{"taxonomy":"post_tag","embeddable":true,"href":"http:\/\/spp3.slawno.pl\/index.php?rest_route=%2Fwp%2Fv2%2Ftags&post=5937"}],"curies":[{"name":"wp","href":"https:\/\/api.w.org\/{rel}","templated":true}]}}