{"id":5948,"date":"2021-01-18T13:08:56","date_gmt":"2021-01-18T12:08:56","guid":{"rendered":"http:\/\/spp3.slawno.pl\/?p=5948"},"modified":"2021-01-18T13:08:56","modified_gmt":"2021-01-18T12:08:56","slug":"puszka-wosp-w-sekretariacie-sp3-2","status":"publish","type":"post","link":"http:\/\/spp3.slawno.pl\/?p=5948","title":{"rendered":"Puszka WO\u015aP w sekretariacie SP3"},"content":{"rendered":"<p>Zaczynamy &#8230;.W sekretariacie szko\u0142y w\u0142a\u015bnie stan\u0119\u0142a puszka WO\u015aP. Do 29.01.2021 b\u0119dzie mo\u017cna wspom\u00f3c dzieci\u0119c\u0105 latyryngologi\u0119, otolaryngologi\u0119 i diagnostyk\u0119 g\u0142owy. Na taki w\u0142a\u015bnie cel zostan\u0105 przekazane pieni\u0105dze . Zapraszamy wszystkich ch\u0119tnych!!!! Dobro wraca!!!<img loading=\"lazy\" decoding=\"async\" class=\"alignnone size-full wp-image-5949\" src=\"http:\/\/spp3.slawno.pl\/wp-content\/uploads\/2021\/01\/puszka.jpg\" alt=\"Zdj\u0119cie puszki i serc WO\u015aP\" width=\"526\" height=\"701\" srcset=\"http:\/\/spp3.slawno.pl\/wp-content\/uploads\/2021\/01\/puszka.jpg 526w, http:\/\/spp3.slawno.pl\/wp-content\/uploads\/2021\/01\/puszka-225x300.jpg 225w\" sizes=\"(max-width: 526px) 100vw, 526px\" \/><\/p>\n","protected":false},"excerpt":{"rendered":"<div class=\"mh-excerpt\"><p>Zaczynamy &#8230;.W sekretariacie szko\u0142y w\u0142a\u015bnie stan\u0119\u0142a puszka WO\u015aP. Do 29.01.2021 b\u0119dzie mo\u017cna wspom\u00f3c dzieci\u0119c\u0105 latyryngologi\u0119, otolaryngologi\u0119 i diagnostyk\u0119 g\u0142owy. Na taki w\u0142a\u015bnie cel zostan\u0105 przekazane <a class=\"mh-excerpt-more\" href=\"http:\/\/spp3.slawno.pl\/?p=5948\" title=\"Puszka WO\u015aP w sekretariacie SP3\">[&#8230;]<\/a><\/p>\n<\/div>","protected":false},"author":2,"featured_media":5949,"comment_status":"closed","ping_status":"open","sticky":false,"template":"","format":"standard","meta":{"footnotes":""},"categories":[32,9,8],"tags":[],"class_list":["post-5948","post","type-post","status-publish","format-standard","has-post-thumbnail","hentry","category-akcje","category-ogloszenia","category-wydarzenia"],"_links":{"self":[{"href":"http:\/\/spp3.slawno.pl\/index.php?rest_route=\/wp\/v2\/posts\/5948"}],"collection":[{"href":"http:\/\/spp3.slawno.pl\/index.php?rest_route=\/wp\/v2\/posts"}],"about":[{"href":"http:\/\/spp3.slawno.pl\/index.php?rest_route=\/wp\/v2\/types\/post"}],"author":[{"embeddable":true,"href":"http:\/\/spp3.slawno.pl\/index.php?rest_route=\/wp\/v2\/users\/2"}],"replies":[{"embeddable":true,"href":"http:\/\/spp3.slawno.pl\/index.php?rest_route=%2Fwp%2Fv2%2Fcomments&post=5948"}],"version-history":[{"count":1,"href":"http:\/\/spp3.slawno.pl\/index.php?rest_route=\/wp\/v2\/posts\/5948\/revisions"}],"predecessor-version":[{"id":5950,"href":"http:\/\/spp3.slawno.pl\/index.php?rest_route=\/wp\/v2\/posts\/5948\/revisions\/5950"}],"wp:featuredmedia":[{"embeddable":true,"href":"http:\/\/spp3.slawno.pl\/index.php?rest_route=\/wp\/v2\/media\/5949"}],"wp:attachment":[{"href":"http:\/\/spp3.slawno.pl\/index.php?rest_route=%2Fwp%2Fv2%2Fmedia&parent=5948"}],"wp:term":[{"taxonomy":"category","embeddable":true,"href":"http:\/\/spp3.slawno.pl\/index.php?rest_route=%2Fwp%2Fv2%2Fcategories&post=5948"},{"taxonomy":"post_tag","embeddable":true,"href":"http:\/\/spp3.slawno.pl\/index.php?rest_route=%2Fwp%2Fv2%2Ftags&post=5948"}],"curies":[{"name":"wp","href":"https:\/\/api.w.org\/{rel}","templated":true}]}}