{"id":5978,"date":"2021-01-31T16:17:23","date_gmt":"2021-01-31T15:17:23","guid":{"rendered":"http:\/\/spp3.slawno.pl\/?p=5978"},"modified":"2021-03-03T19:49:08","modified_gmt":"2021-03-03T18:49:08","slug":"pomagamy-w-29-finale-wosp","status":"publish","type":"post","link":"http:\/\/spp3.slawno.pl\/?p=5978","title":{"rendered":"Pomagamy w 29 FINALE WO\u015aP"},"content":{"rendered":"<p>Spo\u0142eczno\u015b\u0107 naszej szko\u0142y w\u0142\u0105czy\u0142a si\u0119 w pomoc WO\u015aP i do puszki stoj\u0105cej w sekretariacie szko\u0142y wp\u0142yn\u0119\u0142o \u0142\u0105cznie <strong>2026,37<\/strong> z\u0142.<\/p>\n<p>Bardzo dzi\u0119kujemy wszystkim, kt\u00f3rzy zasilili lub zasil\u0105 konto WO\u015aP.<\/p>\n<p>W tym roku podczas &#8222;<b>Fina\u0142u<\/b>\u00a0z g\u0142ow\u0105&#8221; &#8211; bo takie jest has\u0142o przewodnie,\u00a0zbieramy pieni\u0105dze na zakup sprz\u0119tu dla oddzia\u0142\u00f3w laryngologii, otolaryngologii i diagnostyki g\u0142owy.<\/p>\n<p><a href=\"http:\/\/spp3.slawno.pl\/wp-content\/uploads\/2021\/01\/WO\u015aP-SP3.bmp\"><img loading=\"lazy\" decoding=\"async\" class=\"alignnone size-full wp-image-5983\" src=\"http:\/\/spp3.slawno.pl\/wp-content\/uploads\/2021\/01\/WO\u015aP-SP3.bmp\" alt=\"Dyplom WO\u015aP\" width=\"504\" height=\"896\" srcset=\"http:\/\/spp3.slawno.pl\/wp-content\/uploads\/2021\/01\/WO\u015aP-SP3.bmp 504w, http:\/\/spp3.slawno.pl\/wp-content\/uploads\/2021\/01\/WO\u015aP-SP3-169x300.jpg 169w\" sizes=\"(max-width: 504px) 100vw, 504px\" \/><\/a><\/p>\n<p>Na koncie Miejskiego Sztabu jest ju\u017c oko\u0142o 30000 z\u0142. DZI\u0118KUJEMY<\/p>\n<p>Wi\u0119cej informacji na fb Miejskiego Sztabu WO\u015aP, relacje na \u017cywo, wywiad z Pani\u0105 Dagmar\u0105 Wojtczak &#8211; dyrektorem SP3 w S\u0142awnie:<\/p>\n<p><a href=\"https:\/\/www.facebook.com\/wielkaorkiestraswiatecznejpomocyslawno\">https:\/\/www.facebook.com\/wielkaorkiestraswiatecznejpomocyslawno<\/a><\/p>\n<p><img loading=\"lazy\" decoding=\"async\" class=\"alignnone size-full wp-image-5979\" src=\"http:\/\/spp3.slawno.pl\/wp-content\/uploads\/2021\/01\/pobrane.png\" alt=\"\" width=\"584\" height=\"438\" srcset=\"http:\/\/spp3.slawno.pl\/wp-content\/uploads\/2021\/01\/pobrane.png 584w, http:\/\/spp3.slawno.pl\/wp-content\/uploads\/2021\/01\/pobrane-300x225.png 300w, http:\/\/spp3.slawno.pl\/wp-content\/uploads\/2021\/01\/pobrane-326x245.png 326w, http:\/\/spp3.slawno.pl\/wp-content\/uploads\/2021\/01\/pobrane-80x60.png 80w\" sizes=\"(max-width: 584px) 100vw, 584px\" \/> <img loading=\"lazy\" decoding=\"async\" class=\"alignnone wp-image-5980\" src=\"http:\/\/spp3.slawno.pl\/wp-content\/uploads\/2021\/01\/Plakat-WO\u015aP.png\" alt=\"\" width=\"466\" height=\"435\" srcset=\"http:\/\/spp3.slawno.pl\/wp-content\/uploads\/2021\/01\/Plakat-WO\u015aP.png 377w, http:\/\/spp3.slawno.pl\/wp-content\/uploads\/2021\/01\/Plakat-WO\u015aP-300x280.png 300w\" sizes=\"(max-width: 466px) 100vw, 466px\" \/><\/p>\n<p>&nbsp;<\/p>\n<p>&nbsp;<\/p>\n","protected":false},"excerpt":{"rendered":"<div class=\"mh-excerpt\"><p>Spo\u0142eczno\u015b\u0107 naszej szko\u0142y w\u0142\u0105czy\u0142a si\u0119 w pomoc WO\u015aP i do puszki stoj\u0105cej w sekretariacie szko\u0142y wp\u0142yn\u0119\u0142o \u0142\u0105cznie 2026,37 z\u0142. Bardzo dzi\u0119kujemy wszystkim, kt\u00f3rzy zasilili lub <a class=\"mh-excerpt-more\" href=\"http:\/\/spp3.slawno.pl\/?p=5978\" title=\"Pomagamy w 29 FINALE WO\u015aP\">[&#8230;]<\/a><\/p>\n<\/div>","protected":false},"author":2,"featured_media":5980,"comment_status":"closed","ping_status":"open","sticky":false,"template":"","format":"standard","meta":{"footnotes":""},"categories":[32,8],"tags":[],"class_list":["post-5978","post","type-post","status-publish","format-standard","has-post-thumbnail","hentry","category-akcje","category-wydarzenia"],"_links":{"self":[{"href":"http:\/\/spp3.slawno.pl\/index.php?rest_route=\/wp\/v2\/posts\/5978"}],"collection":[{"href":"http:\/\/spp3.slawno.pl\/index.php?rest_route=\/wp\/v2\/posts"}],"about":[{"href":"http:\/\/spp3.slawno.pl\/index.php?rest_route=\/wp\/v2\/types\/post"}],"author":[{"embeddable":true,"href":"http:\/\/spp3.slawno.pl\/index.php?rest_route=\/wp\/v2\/users\/2"}],"replies":[{"embeddable":true,"href":"http:\/\/spp3.slawno.pl\/index.php?rest_route=%2Fwp%2Fv2%2Fcomments&post=5978"}],"version-history":[{"count":3,"href":"http:\/\/spp3.slawno.pl\/index.php?rest_route=\/wp\/v2\/posts\/5978\/revisions"}],"predecessor-version":[{"id":5984,"href":"http:\/\/spp3.slawno.pl\/index.php?rest_route=\/wp\/v2\/posts\/5978\/revisions\/5984"}],"wp:featuredmedia":[{"embeddable":true,"href":"http:\/\/spp3.slawno.pl\/index.php?rest_route=\/wp\/v2\/media\/5980"}],"wp:attachment":[{"href":"http:\/\/spp3.slawno.pl\/index.php?rest_route=%2Fwp%2Fv2%2Fmedia&parent=5978"}],"wp:term":[{"taxonomy":"category","embeddable":true,"href":"http:\/\/spp3.slawno.pl\/index.php?rest_route=%2Fwp%2Fv2%2Fcategories&post=5978"},{"taxonomy":"post_tag","embeddable":true,"href":"http:\/\/spp3.slawno.pl\/index.php?rest_route=%2Fwp%2Fv2%2Ftags&post=5978"}],"curies":[{"name":"wp","href":"https:\/\/api.w.org\/{rel}","templated":true}]}}