{"id":5985,"date":"2021-02-01T11:56:57","date_gmt":"2021-02-01T10:56:57","guid":{"rendered":"http:\/\/spp3.slawno.pl\/?p=5985"},"modified":"2021-02-01T11:56:57","modified_gmt":"2021-02-01T10:56:57","slug":"mistrzowie-wojewodztwa-w-sporcie","status":"publish","type":"post","link":"http:\/\/spp3.slawno.pl\/?p=5985","title":{"rendered":"Mistrzowie wojew\u00f3dztwa w sporcie"},"content":{"rendered":"<p>Maja Gondek i Jakub Korowajczyk zdobyli z\u0142oto w skoku wzwy\u017c.<\/p>\n<p>Gratulujemy i \u017cyczymy dalszych sukces\u00f3w.<\/p>\n<p>Artyku\u0142 i zdj\u0119cia dzi\u0119ki \u017cyczliwo\u015bci Obserwatora Lokalnego.<\/p>\n<p>Link do artyku\u0142u:<img loading=\"lazy\" decoding=\"async\" class=\"alignnone size-full wp-image-5986\" src=\"http:\/\/spp3.slawno.pl\/wp-content\/uploads\/2021\/02\/Mistrzowie-lekkoatletyka.png\" alt=\"Zbiorowe zdj\u0119cie z\u0142otych medalist\u00f3w i uczestnik\u00f3w zawod\u00f3w w lekkoatletyce\" width=\"752\" height=\"500\" srcset=\"http:\/\/spp3.slawno.pl\/wp-content\/uploads\/2021\/02\/Mistrzowie-lekkoatletyka.png 752w, http:\/\/spp3.slawno.pl\/wp-content\/uploads\/2021\/02\/Mistrzowie-lekkoatletyka-300x199.png 300w\" sizes=\"(max-width: 752px) 100vw, 752px\" \/><\/p>\n<p><a href=\"https:\/\/www.obserwatorlokalny.pl\/wiadomosci\/2154,lekkoatletyka-maja-jakub-i-maksymilian-mistrzami-wojewodztwa\">Lekkoatletyka-maja-jakub-i-maksymilian-mistrzami-wojewodztwa<\/a><\/p>\n","protected":false},"excerpt":{"rendered":"<div class=\"mh-excerpt\"><p>Maja Gondek i Jakub Korowajczyk zdobyli z\u0142oto w skoku wzwy\u017c. Gratulujemy i \u017cyczymy dalszych sukces\u00f3w. Artyku\u0142 i zdj\u0119cia dzi\u0119ki \u017cyczliwo\u015bci Obserwatora Lokalnego. Link do artyku\u0142u: <a class=\"mh-excerpt-more\" href=\"http:\/\/spp3.slawno.pl\/?p=5985\" title=\"Mistrzowie wojew\u00f3dztwa w sporcie\">[&#8230;]<\/a><\/p>\n<\/div>","protected":false},"author":2,"featured_media":5986,"comment_status":"closed","ping_status":"open","sticky":false,"template":"","format":"standard","meta":{"footnotes":""},"categories":[7,6,8],"tags":[],"class_list":["post-5985","post","type-post","status-publish","format-standard","has-post-thumbnail","hentry","category-konkursy","category-sport","category-wydarzenia"],"_links":{"self":[{"href":"http:\/\/spp3.slawno.pl\/index.php?rest_route=\/wp\/v2\/posts\/5985"}],"collection":[{"href":"http:\/\/spp3.slawno.pl\/index.php?rest_route=\/wp\/v2\/posts"}],"about":[{"href":"http:\/\/spp3.slawno.pl\/index.php?rest_route=\/wp\/v2\/types\/post"}],"author":[{"embeddable":true,"href":"http:\/\/spp3.slawno.pl\/index.php?rest_route=\/wp\/v2\/users\/2"}],"replies":[{"embeddable":true,"href":"http:\/\/spp3.slawno.pl\/index.php?rest_route=%2Fwp%2Fv2%2Fcomments&post=5985"}],"version-history":[{"count":1,"href":"http:\/\/spp3.slawno.pl\/index.php?rest_route=\/wp\/v2\/posts\/5985\/revisions"}],"predecessor-version":[{"id":5987,"href":"http:\/\/spp3.slawno.pl\/index.php?rest_route=\/wp\/v2\/posts\/5985\/revisions\/5987"}],"wp:featuredmedia":[{"embeddable":true,"href":"http:\/\/spp3.slawno.pl\/index.php?rest_route=\/wp\/v2\/media\/5986"}],"wp:attachment":[{"href":"http:\/\/spp3.slawno.pl\/index.php?rest_route=%2Fwp%2Fv2%2Fmedia&parent=5985"}],"wp:term":[{"taxonomy":"category","embeddable":true,"href":"http:\/\/spp3.slawno.pl\/index.php?rest_route=%2Fwp%2Fv2%2Fcategories&post=5985"},{"taxonomy":"post_tag","embeddable":true,"href":"http:\/\/spp3.slawno.pl\/index.php?rest_route=%2Fwp%2Fv2%2Ftags&post=5985"}],"curies":[{"name":"wp","href":"https:\/\/api.w.org\/{rel}","templated":true}]}}