{"id":5989,"date":"2021-02-07T21:19:33","date_gmt":"2021-02-07T20:19:33","guid":{"rendered":"http:\/\/spp3.slawno.pl\/?p=5989"},"modified":"2021-03-03T19:48:28","modified_gmt":"2021-03-03T18:48:28","slug":"prace-plastyczne-uczniow-z-klasy-drugiej","status":"publish","type":"post","link":"http:\/\/spp3.slawno.pl\/?p=5989","title":{"rendered":"Prace plastyczne uczni\u00f3w z klasy drugiej"},"content":{"rendered":"<p>A u nas praca wree&#8230;. dzieci z kl.2 w atmosferze zimowej krainy wsp\u00f3lnie tworz\u0105 prac\u0119 plastyczn\u0105 ,,Ba\u0142wanki\u201d<img loading=\"lazy\" decoding=\"async\" class=\"alignnone size-full wp-image-5990\" src=\"http:\/\/spp3.slawno.pl\/wp-content\/uploads\/2021\/02\/Prace-zimowe-kl-1.jpg\" alt=\"Uczniowie klasy 2 podczas tworzenia zimowych prac plastycznych - &quot;Ba\u0142wanki&quot;\" width=\"960\" height=\"720\" srcset=\"http:\/\/spp3.slawno.pl\/wp-content\/uploads\/2021\/02\/Prace-zimowe-kl-1.jpg 960w, http:\/\/spp3.slawno.pl\/wp-content\/uploads\/2021\/02\/Prace-zimowe-kl-1-300x225.jpg 300w, http:\/\/spp3.slawno.pl\/wp-content\/uploads\/2021\/02\/Prace-zimowe-kl-1-768x576.jpg 768w, http:\/\/spp3.slawno.pl\/wp-content\/uploads\/2021\/02\/Prace-zimowe-kl-1-678x509.jpg 678w, http:\/\/spp3.slawno.pl\/wp-content\/uploads\/2021\/02\/Prace-zimowe-kl-1-326x245.jpg 326w, http:\/\/spp3.slawno.pl\/wp-content\/uploads\/2021\/02\/Prace-zimowe-kl-1-80x60.jpg 80w\" sizes=\"(max-width: 960px) 100vw, 960px\" \/> <img loading=\"lazy\" decoding=\"async\" class=\"alignnone size-full wp-image-5991\" src=\"http:\/\/spp3.slawno.pl\/wp-content\/uploads\/2021\/02\/Prace-zimowe-kl-2.jpg\" alt=\"Uczniowie klasy 2 podczas tworzenia zimowych prac plastycznych - &quot;Ba\u0142wanki&quot;\" width=\"960\" height=\"720\" srcset=\"http:\/\/spp3.slawno.pl\/wp-content\/uploads\/2021\/02\/Prace-zimowe-kl-2.jpg 960w, http:\/\/spp3.slawno.pl\/wp-content\/uploads\/2021\/02\/Prace-zimowe-kl-2-300x225.jpg 300w, http:\/\/spp3.slawno.pl\/wp-content\/uploads\/2021\/02\/Prace-zimowe-kl-2-768x576.jpg 768w, http:\/\/spp3.slawno.pl\/wp-content\/uploads\/2021\/02\/Prace-zimowe-kl-2-678x509.jpg 678w, http:\/\/spp3.slawno.pl\/wp-content\/uploads\/2021\/02\/Prace-zimowe-kl-2-326x245.jpg 326w, http:\/\/spp3.slawno.pl\/wp-content\/uploads\/2021\/02\/Prace-zimowe-kl-2-80x60.jpg 80w\" sizes=\"(max-width: 960px) 100vw, 960px\" \/> <img loading=\"lazy\" decoding=\"async\" class=\"alignnone size-full wp-image-5992\" src=\"http:\/\/spp3.slawno.pl\/wp-content\/uploads\/2021\/02\/Prace-zimowe-kl-3.jpg\" alt=\"Uczniowie klasy 2 podczas tworzenia zimowych prac plastycznych - &quot;Ba\u0142wanki&quot;\" width=\"720\" height=\"960\" srcset=\"http:\/\/spp3.slawno.pl\/wp-content\/uploads\/2021\/02\/Prace-zimowe-kl-3.jpg 720w, http:\/\/spp3.slawno.pl\/wp-content\/uploads\/2021\/02\/Prace-zimowe-kl-3-225x300.jpg 225w\" sizes=\"(max-width: 720px) 100vw, 720px\" \/> <img loading=\"lazy\" decoding=\"async\" class=\"alignnone size-full wp-image-5993\" src=\"http:\/\/spp3.slawno.pl\/wp-content\/uploads\/2021\/02\/Prace-zimowe-kl-4.jpg\" alt=\"Uczniowie klasy 2 podczas tworzenia zimowych prac plastycznych - &quot;Ba\u0142wanki&quot;\" width=\"960\" height=\"720\" srcset=\"http:\/\/spp3.slawno.pl\/wp-content\/uploads\/2021\/02\/Prace-zimowe-kl-4.jpg 960w, http:\/\/spp3.slawno.pl\/wp-content\/uploads\/2021\/02\/Prace-zimowe-kl-4-300x225.jpg 300w, http:\/\/spp3.slawno.pl\/wp-content\/uploads\/2021\/02\/Prace-zimowe-kl-4-768x576.jpg 768w, http:\/\/spp3.slawno.pl\/wp-content\/uploads\/2021\/02\/Prace-zimowe-kl-4-678x509.jpg 678w, http:\/\/spp3.slawno.pl\/wp-content\/uploads\/2021\/02\/Prace-zimowe-kl-4-326x245.jpg 326w, http:\/\/spp3.slawno.pl\/wp-content\/uploads\/2021\/02\/Prace-zimowe-kl-4-80x60.jpg 80w\" sizes=\"(max-width: 960px) 100vw, 960px\" \/> <img loading=\"lazy\" decoding=\"async\" class=\"alignnone size-full wp-image-5994\" src=\"http:\/\/spp3.slawno.pl\/wp-content\/uploads\/2021\/02\/Prace-zimowe-kl-5.jpg\" alt=\"Uczniowie klasy 2 podczas tworzenia zimowych prac plastycznych - &quot;Ba\u0142wanki&quot;\" width=\"720\" height=\"960\" srcset=\"http:\/\/spp3.slawno.pl\/wp-content\/uploads\/2021\/02\/Prace-zimowe-kl-5.jpg 720w, http:\/\/spp3.slawno.pl\/wp-content\/uploads\/2021\/02\/Prace-zimowe-kl-5-225x300.jpg 225w\" sizes=\"(max-width: 720px) 100vw, 720px\" \/> <img loading=\"lazy\" decoding=\"async\" class=\"alignnone size-full wp-image-5995\" src=\"http:\/\/spp3.slawno.pl\/wp-content\/uploads\/2021\/02\/Prace-zimowe-kl-6.jpg\" alt=\"Uczniowie klasy 2 podczas tworzenia zimowych prac plastycznych - &quot;Ba\u0142wanki&quot;\" width=\"720\" height=\"960\" srcset=\"http:\/\/spp3.slawno.pl\/wp-content\/uploads\/2021\/02\/Prace-zimowe-kl-6.jpg 720w, http:\/\/spp3.slawno.pl\/wp-content\/uploads\/2021\/02\/Prace-zimowe-kl-6-225x300.jpg 225w\" sizes=\"(max-width: 720px) 100vw, 720px\" \/> <img loading=\"lazy\" decoding=\"async\" class=\"alignnone size-full wp-image-5996\" src=\"http:\/\/spp3.slawno.pl\/wp-content\/uploads\/2021\/02\/Prace-zimowe-kl-7.jpg\" alt=\"Uczniowie klasy 2 podczas tworzenia zimowych prac plastycznych - &quot;Ba\u0142wanki&quot;\" width=\"720\" height=\"960\" srcset=\"http:\/\/spp3.slawno.pl\/wp-content\/uploads\/2021\/02\/Prace-zimowe-kl-7.jpg 720w, http:\/\/spp3.slawno.pl\/wp-content\/uploads\/2021\/02\/Prace-zimowe-kl-7-225x300.jpg 225w\" sizes=\"(max-width: 720px) 100vw, 720px\" \/> <img loading=\"lazy\" decoding=\"async\" class=\"alignnone size-full wp-image-5997\" src=\"http:\/\/spp3.slawno.pl\/wp-content\/uploads\/2021\/02\/Prace-zimowe-kl-8.jpg\" alt=\"Uczniowie klasy 2 podczas tworzenia zimowych prac plastycznych - &quot;Ba\u0142wanki&quot;\" width=\"720\" height=\"960\" srcset=\"http:\/\/spp3.slawno.pl\/wp-content\/uploads\/2021\/02\/Prace-zimowe-kl-8.jpg 720w, http:\/\/spp3.slawno.pl\/wp-content\/uploads\/2021\/02\/Prace-zimowe-kl-8-225x300.jpg 225w\" sizes=\"(max-width: 720px) 100vw, 720px\" \/> <img loading=\"lazy\" decoding=\"async\" class=\"alignnone size-full wp-image-5998\" src=\"http:\/\/spp3.slawno.pl\/wp-content\/uploads\/2021\/02\/Prace-zimowe-kl-9.jpg\" alt=\"Uczniowie klasy 2 podczas tworzenia zimowych prac plastycznych - &quot;Ba\u0142wanki&quot;\" width=\"720\" height=\"960\" srcset=\"http:\/\/spp3.slawno.pl\/wp-content\/uploads\/2021\/02\/Prace-zimowe-kl-9.jpg 720w, http:\/\/spp3.slawno.pl\/wp-content\/uploads\/2021\/02\/Prace-zimowe-kl-9-225x300.jpg 225w\" sizes=\"(max-width: 720px) 100vw, 720px\" \/> <img loading=\"lazy\" decoding=\"async\" class=\"alignnone size-full wp-image-5999\" src=\"http:\/\/spp3.slawno.pl\/wp-content\/uploads\/2021\/02\/Prace-zimowe-kl-10.jpg\" alt=\"Uczniowie klasy 2 podczas tworzenia zimowych prac plastycznych - &quot;Ba\u0142wanki&quot;\" width=\"720\" height=\"960\" srcset=\"http:\/\/spp3.slawno.pl\/wp-content\/uploads\/2021\/02\/Prace-zimowe-kl-10.jpg 720w, http:\/\/spp3.slawno.pl\/wp-content\/uploads\/2021\/02\/Prace-zimowe-kl-10-225x300.jpg 225w\" sizes=\"(max-width: 720px) 100vw, 720px\" \/> <img loading=\"lazy\" decoding=\"async\" class=\"alignnone size-full wp-image-6000\" src=\"http:\/\/spp3.slawno.pl\/wp-content\/uploads\/2021\/02\/Prace-zimowe-kl-11.jpg\" alt=\"Uczniowie klasy 2 podczas tworzenia zimowych prac plastycznych - &quot;Ba\u0142wanki&quot;\" width=\"720\" height=\"960\" srcset=\"http:\/\/spp3.slawno.pl\/wp-content\/uploads\/2021\/02\/Prace-zimowe-kl-11.jpg 720w, http:\/\/spp3.slawno.pl\/wp-content\/uploads\/2021\/02\/Prace-zimowe-kl-11-225x300.jpg 225w\" sizes=\"(max-width: 720px) 100vw, 720px\" \/> <img loading=\"lazy\" decoding=\"async\" class=\"alignnone size-full wp-image-6001\" src=\"http:\/\/spp3.slawno.pl\/wp-content\/uploads\/2021\/02\/Prace-zimowe-kl-12.jpg\" alt=\"Uczniowie klasy 2 podczas tworzenia zimowych prac plastycznych - &quot;Ba\u0142wanki&quot;\" width=\"960\" height=\"720\" srcset=\"http:\/\/spp3.slawno.pl\/wp-content\/uploads\/2021\/02\/Prace-zimowe-kl-12.jpg 960w, http:\/\/spp3.slawno.pl\/wp-content\/uploads\/2021\/02\/Prace-zimowe-kl-12-300x225.jpg 300w, http:\/\/spp3.slawno.pl\/wp-content\/uploads\/2021\/02\/Prace-zimowe-kl-12-768x576.jpg 768w, http:\/\/spp3.slawno.pl\/wp-content\/uploads\/2021\/02\/Prace-zimowe-kl-12-678x509.jpg 678w, http:\/\/spp3.slawno.pl\/wp-content\/uploads\/2021\/02\/Prace-zimowe-kl-12-326x245.jpg 326w, http:\/\/spp3.slawno.pl\/wp-content\/uploads\/2021\/02\/Prace-zimowe-kl-12-80x60.jpg 80w\" sizes=\"(max-width: 960px) 100vw, 960px\" \/> <img loading=\"lazy\" decoding=\"async\" class=\"alignnone size-full wp-image-6002\" src=\"http:\/\/spp3.slawno.pl\/wp-content\/uploads\/2021\/02\/Prace-zimowe-kl-13.jpg\" alt=\"Uczniowie klasy 2 podczas tworzenia zimowych prac plastycznych - &quot;Ba\u0142wanki&quot;\" width=\"960\" height=\"720\" srcset=\"http:\/\/spp3.slawno.pl\/wp-content\/uploads\/2021\/02\/Prace-zimowe-kl-13.jpg 960w, http:\/\/spp3.slawno.pl\/wp-content\/uploads\/2021\/02\/Prace-zimowe-kl-13-300x225.jpg 300w, http:\/\/spp3.slawno.pl\/wp-content\/uploads\/2021\/02\/Prace-zimowe-kl-13-768x576.jpg 768w, http:\/\/spp3.slawno.pl\/wp-content\/uploads\/2021\/02\/Prace-zimowe-kl-13-678x509.jpg 678w, http:\/\/spp3.slawno.pl\/wp-content\/uploads\/2021\/02\/Prace-zimowe-kl-13-326x245.jpg 326w, http:\/\/spp3.slawno.pl\/wp-content\/uploads\/2021\/02\/Prace-zimowe-kl-13-80x60.jpg 80w\" sizes=\"(max-width: 960px) 100vw, 960px\" \/><\/p>\n","protected":false},"excerpt":{"rendered":"<div class=\"mh-excerpt\"><p>A u nas praca wree&#8230;. dzieci z kl.2 w atmosferze zimowej krainy wsp\u00f3lnie tworz\u0105 prac\u0119 plastyczn\u0105 ,,Ba\u0142wanki\u201d<\/p>\n<\/div>","protected":false},"author":2,"featured_media":5990,"comment_status":"closed","ping_status":"open","sticky":false,"template":"","format":"standard","meta":{"footnotes":""},"categories":[22,8],"tags":[],"class_list":["post-5989","post","type-post","status-publish","format-standard","has-post-thumbnail","hentry","category-lekcje-w-naszej-szkole-nie-sa-nudne","category-wydarzenia"],"_links":{"self":[{"href":"http:\/\/spp3.slawno.pl\/index.php?rest_route=\/wp\/v2\/posts\/5989"}],"collection":[{"href":"http:\/\/spp3.slawno.pl\/index.php?rest_route=\/wp\/v2\/posts"}],"about":[{"href":"http:\/\/spp3.slawno.pl\/index.php?rest_route=\/wp\/v2\/types\/post"}],"author":[{"embeddable":true,"href":"http:\/\/spp3.slawno.pl\/index.php?rest_route=\/wp\/v2\/users\/2"}],"replies":[{"embeddable":true,"href":"http:\/\/spp3.slawno.pl\/index.php?rest_route=%2Fwp%2Fv2%2Fcomments&post=5989"}],"version-history":[{"count":1,"href":"http:\/\/spp3.slawno.pl\/index.php?rest_route=\/wp\/v2\/posts\/5989\/revisions"}],"predecessor-version":[{"id":6003,"href":"http:\/\/spp3.slawno.pl\/index.php?rest_route=\/wp\/v2\/posts\/5989\/revisions\/6003"}],"wp:featuredmedia":[{"embeddable":true,"href":"http:\/\/spp3.slawno.pl\/index.php?rest_route=\/wp\/v2\/media\/5990"}],"wp:attachment":[{"href":"http:\/\/spp3.slawno.pl\/index.php?rest_route=%2Fwp%2Fv2%2Fmedia&parent=5989"}],"wp:term":[{"taxonomy":"category","embeddable":true,"href":"http:\/\/spp3.slawno.pl\/index.php?rest_route=%2Fwp%2Fv2%2Fcategories&post=5989"},{"taxonomy":"post_tag","embeddable":true,"href":"http:\/\/spp3.slawno.pl\/index.php?rest_route=%2Fwp%2Fv2%2Ftags&post=5989"}],"curies":[{"name":"wp","href":"https:\/\/api.w.org\/{rel}","templated":true}]}}