{"id":6008,"date":"2021-03-17T19:49:05","date_gmt":"2021-03-17T18:49:05","guid":{"rendered":"http:\/\/spp3.slawno.pl\/?p=6008"},"modified":"2021-03-17T19:49:56","modified_gmt":"2021-03-17T18:49:56","slug":"rekrutacja-uczniow-do-klas-pierwszych","status":"publish","type":"post","link":"http:\/\/spp3.slawno.pl\/?p=6008","title":{"rendered":"Rekrutacja uczni\u00f3w do klas pierwszych"},"content":{"rendered":"<p><img loading=\"lazy\" decoding=\"async\" class=\"size-full wp-image-6009 aligncenter\" src=\"http:\/\/spp3.slawno.pl\/wp-content\/uploads\/2021\/02\/Logo-SP3.bmp\" alt=\"\" width=\"115\" height=\"102\" \/><\/p>\n<p style=\"text-align: center;\">ZASADY I KRYTERIA NABORU UCZNI\u00d3W<\/p>\n<p style=\"text-align: center;\">DO KLASY PIERWSZEJ SZK\u00d3\u0141 PODSTAWOWYCH W S\u0141AWNIE<\/p>\n<p>Podstawa prawna:<\/p>\n<ul>\n<li>Prawo o\u015bwiatowe (Dz. U. z 2017 r., poz. 59 ze zmianami)<\/li>\n<li>Zarz\u0105dzenie Nr 8\/2021 Burmistrza Miasta S\u0142awno z dnia 21 stycznia 2021 r. w sprawie ustalenia harmonogramu czynno\u015bci w post\u0119powaniu rekrutacyjnym i post\u0119powaniu uzupe\u0142niaj\u0105cym na rok szkolny 2021\/2022 do publicznych przedszkoli oraz do klas pierwszych szk\u00f3\u0142 podstawowych dla kt\u00f3rych Miasto S\u0142awno jest organem prowadz\u0105cym.<\/li>\n<li>Zarz\u0105dzenie Nr 7\/2021 Burmistrza Miasta S\u0142awno z dnia 21 stycznia 2021 r. w sprawie podania do publicznej wiadomo\u015bci kryteri\u00f3w branych pod uwag\u0119 w post\u0119powaniu rekrutacyjnym i uzupe\u0142niaj\u0105cym do publicznych: przedszkoli i szk\u00f3\u0142 podstawowych prowadzonych przez Miasto S\u0142awno oraz dokument\u00f3w niezb\u0119dnych do potwierdzenia tych kryteri\u00f3w, a tak\u017ce liczby punkt\u00f3w mo\u017cliwych do uzyskania za poszczeg\u00f3lne kryteria.<\/li>\n<\/ul>\n<p>&nbsp;<\/p>\n<ol>\n<li>Do klasy pierwszej szko\u0142y podstawowej przyjmowane s\u0105 dzieci, kt\u00f3re w danym roku kalendarzowym podlegaj\u0105 obowi\u0105zkowi szkolnemu i nie odroczono im rozpocz\u0119cia spe\u0142nienia obowi\u0105zku szkolnego oraz dzieci w stosunku, do kt\u00f3rych podj\u0119to decyzj\u0119 o wcze\u015bniejszym przyj\u0119ciu do szko\u0142y podstawowej.<\/li>\n<li>Do klasy pierwszej szko\u0142y podstawowej prowadzonej przez Gmin\u0119 Miasto S\u0142awno przyjmuje si\u0119:<\/li>\n<li>a) z urz\u0119du \u2013dzieci zamieszka\u0142e w obwodzie szko\u0142y na podstawie karty zg\u0142oszenia <strong>&#8211; za\u0142\u0105cznik nr 1.<\/strong><\/li>\n<li>b) na wniosek rodzic\u00f3w \u2013dzieci zamieszka\u0142e poza obwodem szko\u0142y w przypadku, gdy szko\u0142a dysponuje wolnymi miejscami \u2013<strong>za\u0142\u0105cznik nr 2.<\/strong><\/li>\n<\/ol>\n<p>3.Nab\u00f3r uczni\u00f3w do klas pierwszych prowadzony jest wg harmonogramu:<\/p>\n<table width=\"671\">\n<tbody>\n<tr>\n<td width=\"42\">Lp.<\/td>\n<td width=\"264\">Rodzaj czynno\u015bci<\/td>\n<td width=\"186\">Termin w post\u0119powaniu rekrutacyjnym<\/td>\n<td width=\"180\">Termin w post\u0119powaniu uzupe\u0142niaj\u0105cym<\/p>\n<p>&nbsp;<\/td>\n<\/tr>\n<tr>\n<td width=\"42\">1.<\/td>\n<td width=\"264\">Z\u0142o\u017cenie wniosku o przyj\u0119cie do szko\u0142y podstawowej wraz z dokumentami potwierdzaj\u0105cymi spe\u0142nianie przez kandydata warunk\u00f3w lub kryteri\u00f3w branych pod uwag\u0119 w post\u0119powaniu rekrutacyjnym.<\/td>\n<td width=\"186\">&nbsp;<\/p>\n<p>od 15 lutego 2021r. do 15 marca 2021 r. do godz.15.00<\/td>\n<td width=\"180\">&nbsp;<\/p>\n<p>od 16sierpnia 2021 r. do 19 sierpnia 2021 r. do godz.12.00<\/td>\n<\/tr>\n<tr>\n<td width=\"42\">2.<\/td>\n<td width=\"264\">Weryfikacja przez komisj\u0119 rekrutacyjn\u0105 wniosk\u00f3w o przyj\u0119cie do szko\u0142y podstawowej i dokument\u00f3w potwierdzaj\u0105cych spe\u0142nianie przez kandydata warunk\u00f3w lub kryteri\u00f3w branych pod uwag\u0119 w post\u0119powaniu rekrutacyjnym, w tym dokonanie przez przewodnicz\u0105cego komisji rekrutacyjnej czynno\u015bci, o kt\u00f3rych mowa w art. 150 ust. 7 ustawy Prawo O\u015bwiatowe<\/td>\n<td width=\"186\">&nbsp;<\/p>\n<p>od 16 marca 2021 r. do 19 marca 2021 r. do godz.15.00<\/td>\n<td width=\"180\">&nbsp;<\/p>\n<p>do 20 sierpnia 2021 r. do godz. 15.00<\/td>\n<\/tr>\n<tr>\n<td width=\"42\">3.<\/td>\n<td width=\"264\">Podanie do publicznej wiadomo\u015bci przez komisj\u0119 rekrutacyjn\u0105 listy kandydat\u00f3w zakwalifikowanych i kandydat\u00f3w niezakwalifikowanych.<\/td>\n<td width=\"186\">&nbsp;<\/p>\n<p>22 marca 2021 r.\u00a0\u00a0\u00a0\u00a0 \u00a0\u00a0\u00a0\u00a0do godz.15.00<\/td>\n<td width=\"180\">&nbsp;<\/p>\n<p>23 sierpnia 2021 r.\u00a0 do godz. 12.00<\/td>\n<\/tr>\n<tr>\n<td width=\"42\">4.<\/td>\n<td width=\"264\">Potwierdzenie przez rodzica kandydata woli przyj\u0119cia w postaci pisemnego o\u015bwiadczenia<\/td>\n<td width=\"186\">&nbsp;<\/p>\n<p>od 23 marca 2021 r.\u00a0\u00a0 od godz. 13.00\u00a0\u00a0\u00a0\u00a0\u00a0\u00a0\u00a0\u00a0\u00a0 do 26 marca 2021r. \u00a0\u00a0\u00a0\u00a0\u00a0\u00a0\u00a0\u00a0\u00a0do godz.15.00<\/p>\n<p>&nbsp;<\/td>\n<td width=\"180\">&nbsp;<\/p>\n<p>od 24 sierpnia 2021 r. od godz.13.00\u00a0\u00a0\u00a0\u00a0\u00a0\u00a0\u00a0\u00a0\u00a0 do 26 sierpnia 2021 r. do godz.15.00<\/td>\n<\/tr>\n<tr>\n<td width=\"42\">5<\/td>\n<td width=\"264\">Podanie do publicznej wiadomo\u015bci przez komisj\u0119 rekrutacyjn\u0105 listy kandydat\u00f3w przyj\u0119tych i kandydat\u00f3w nieprzyj\u0119tych.<\/td>\n<td width=\"186\">&nbsp;<\/p>\n<p>29 marca 2021 r.\u00a0\u00a0\u00a0\u00a0\u00a0\u00a0\u00a0 do godz.15.00<\/td>\n<td width=\"180\">&nbsp;<\/p>\n<p>27 sierpnia2020 r.\u00a0\u00a0 do godz.12.00<\/td>\n<\/tr>\n<\/tbody>\n<\/table>\n<p>&nbsp;<\/p>\n<p>4. W przypadku, gdy liczba wniosk\u00f3w rodzic\u00f3w\/prawnych opiekun\u00f3w o przyj\u0119cie do szko\u0142y dziecka zamieszka\u0142ego <strong><u>poza obwodem szko\u0142y<\/u><\/strong> jest wi\u0119ksza ni\u017c liczba wolnych miejsc, kt\u00f3rymi dysponuje szko\u0142a, dzieci przyjmuje si\u0119 z uwzgl\u0119dnieniem nast\u0119puj\u0105cych kryteri\u00f3w:<\/p>\n<p>&nbsp;<\/p>\n<table width=\"625\">\n<tbody>\n<tr>\n<td width=\"40\">Lp.<\/td>\n<td width=\"273\">Kryterium<\/td>\n<td width=\"155\">Liczba punkt\u00f3w<\/td>\n<td width=\"156\">Dokument potwierdzaj\u0105cy spe\u0142nianie kryterium<\/p>\n<p>&nbsp;<\/td>\n<\/tr>\n<tr>\n<td width=\"40\">1.<\/td>\n<td width=\"273\">Rodze\u0144stwo ucz\u0119szcza do danej szko\u0142y<\/td>\n<td width=\"155\">5<\/td>\n<td width=\"156\">Wniosek o przyj\u0119cie dziecka spoza obwodu<\/p>\n<p>&nbsp;<\/td>\n<\/tr>\n<tr>\n<td width=\"40\">2<\/td>\n<td width=\"273\">Rodzice\/opiekun prawny pracuj\u0105 w obwodzie szko\u0142y<\/td>\n<td width=\"155\">4<\/td>\n<td width=\"156\">O\u015bwiadczenie rodzica\/opiekuna prawnego<\/p>\n<p>&nbsp;<\/td>\n<\/tr>\n<tr>\n<td width=\"40\">3<\/td>\n<td width=\"273\">W obwodzie szko\u0142y zamieszkuj\u0105 krewni dziecka (babcia, dziadek) wspieraj\u0105cy rodzic\u00f3w\/ opiekun\u00f3w prawnych w zapewnieniu mu nale\u017cytej opieki<\/p>\n<p>&nbsp;<\/td>\n<td width=\"155\">3<\/td>\n<td width=\"156\">O\u015bwiadczenie rodzica\/opiekuna prawnego<\/td>\n<\/tr>\n<tr>\n<td width=\"40\">4<\/td>\n<td width=\"273\">Dziecko zamieszka\u0142e jest na terenie miasta S\u0142awna<\/td>\n<td width=\"155\">3<\/td>\n<td width=\"156\">Wniosek o przyj\u0119cie dziecka spoza obwodu<\/td>\n<\/tr>\n<tr>\n<td width=\"40\"><\/td>\n<td width=\"273\">&nbsp;<\/p>\n<p>Maksymalna liczba punkt\u00f3w mo\u017cliwa do uzyskania<\/td>\n<td width=\"155\">&nbsp;<\/p>\n<p><strong>15<\/strong><\/td>\n<td width=\"156\">&nbsp;<\/p>\n<p>&nbsp;<\/td>\n<\/tr>\n<\/tbody>\n<\/table>\n<p>5. O przyj\u0119ciu dziecka spoza obwodu decyduje liczba uzyskanych punkt\u00f3w, a w przypadku r\u00f3wnej liczby punkt\u00f3w decyduje data wp\u0142ywu wniosku.<\/p>\n<p>6. Lista uczni\u00f3w z podzia\u0142em na dany oddzia\u0142 b\u0119dzie podana w dniu 30 sierpnia 2021 r. o godz. 9.00<\/p>\n<p><a href=\"http:\/\/spp3.slawno.pl\/wp-content\/uploads\/2021\/02\/Za\u0142\u0105cznik-1.docx\">Za\u0142\u0105cznik 1<\/a><\/p>\n<p><a href=\"http:\/\/spp3.slawno.pl\/wp-content\/uploads\/2021\/02\/za\u0142\u0105cznik-2.docx\">za\u0142\u0105cznik 2<\/a><\/p>\n<p>&nbsp;<\/p>\n<p>&nbsp;<\/p>\n","protected":false},"excerpt":{"rendered":"<div class=\"mh-excerpt\"><p>ZASADY I KRYTERIA NABORU UCZNI\u00d3W DO KLASY PIERWSZEJ SZK\u00d3\u0141 PODSTAWOWYCH W S\u0141AWNIE Podstawa prawna: Prawo o\u015bwiatowe (Dz. U. z 2017 r., poz. 59 ze zmianami) <a class=\"mh-excerpt-more\" href=\"http:\/\/spp3.slawno.pl\/?p=6008\" title=\"Rekrutacja uczni\u00f3w do klas pierwszych\">[&#8230;]<\/a><\/p>\n<\/div>","protected":false},"author":2,"featured_media":5147,"comment_status":"closed","ping_status":"open","sticky":false,"template":"","format":"standard","meta":{"footnotes":""},"categories":[9,8],"tags":[],"class_list":["post-6008","post","type-post","status-publish","format-standard","has-post-thumbnail","hentry","category-ogloszenia","category-wydarzenia"],"_links":{"self":[{"href":"http:\/\/spp3.slawno.pl\/index.php?rest_route=\/wp\/v2\/posts\/6008"}],"collection":[{"href":"http:\/\/spp3.slawno.pl\/index.php?rest_route=\/wp\/v2\/posts"}],"about":[{"href":"http:\/\/spp3.slawno.pl\/index.php?rest_route=\/wp\/v2\/types\/post"}],"author":[{"embeddable":true,"href":"http:\/\/spp3.slawno.pl\/index.php?rest_route=\/wp\/v2\/users\/2"}],"replies":[{"embeddable":true,"href":"http:\/\/spp3.slawno.pl\/index.php?rest_route=%2Fwp%2Fv2%2Fcomments&post=6008"}],"version-history":[{"count":2,"href":"http:\/\/spp3.slawno.pl\/index.php?rest_route=\/wp\/v2\/posts\/6008\/revisions"}],"predecessor-version":[{"id":6013,"href":"http:\/\/spp3.slawno.pl\/index.php?rest_route=\/wp\/v2\/posts\/6008\/revisions\/6013"}],"wp:featuredmedia":[{"embeddable":true,"href":"http:\/\/spp3.slawno.pl\/index.php?rest_route=\/wp\/v2\/media\/5147"}],"wp:attachment":[{"href":"http:\/\/spp3.slawno.pl\/index.php?rest_route=%2Fwp%2Fv2%2Fmedia&parent=6008"}],"wp:term":[{"taxonomy":"category","embeddable":true,"href":"http:\/\/spp3.slawno.pl\/index.php?rest_route=%2Fwp%2Fv2%2Fcategories&post=6008"},{"taxonomy":"post_tag","embeddable":true,"href":"http:\/\/spp3.slawno.pl\/index.php?rest_route=%2Fwp%2Fv2%2Ftags&post=6008"}],"curies":[{"name":"wp","href":"https:\/\/api.w.org\/{rel}","templated":true}]}}