{"id":6031,"date":"2021-02-12T23:22:52","date_gmt":"2021-02-12T22:22:52","guid":{"rendered":"http:\/\/spp3.slawno.pl\/?p=6031"},"modified":"2021-05-30T17:48:51","modified_gmt":"2021-05-30T15:48:51","slug":"walentynki-w-klasach-i-ii-i-iii","status":"publish","type":"post","link":"http:\/\/spp3.slawno.pl\/?p=6031","title":{"rendered":"Walentynki w klasach I, II, III i na \u015bwietlicy"},"content":{"rendered":"<p><img loading=\"lazy\" decoding=\"async\" class=\"alignnone size-full wp-image-6056\" src=\"http:\/\/spp3.slawno.pl\/wp-content\/uploads\/2021\/02\/Walentynki-\u015awietlica.jpg\" alt=\"Zbiorowe zdj\u0119cie dzieci ucz\u0119szczaj\u0105cych na \u015bwietlic\u0119 szkoln\u0105 w walentynkowej scenerii\" width=\"960\" height=\"644\" srcset=\"http:\/\/spp3.slawno.pl\/wp-content\/uploads\/2021\/02\/Walentynki-\u015awietlica.jpg 960w, http:\/\/spp3.slawno.pl\/wp-content\/uploads\/2021\/02\/Walentynki-\u015awietlica-300x201.jpg 300w, http:\/\/spp3.slawno.pl\/wp-content\/uploads\/2021\/02\/Walentynki-\u015awietlica-768x515.jpg 768w\" sizes=\"(max-width: 960px) 100vw, 960px\" \/><img loading=\"lazy\" decoding=\"async\" class=\"alignnone size-full wp-image-6054\" src=\"http:\/\/spp3.slawno.pl\/wp-content\/uploads\/2021\/02\/Walentynki6.jpg\" alt=\"Dzieci w walentynkowej ramce do zdj\u0119\u0107\" width=\"834\" height=\"681\" srcset=\"http:\/\/spp3.slawno.pl\/wp-content\/uploads\/2021\/02\/Walentynki6.jpg 834w, http:\/\/spp3.slawno.pl\/wp-content\/uploads\/2021\/02\/Walentynki6-300x245.jpg 300w, http:\/\/spp3.slawno.pl\/wp-content\/uploads\/2021\/02\/Walentynki6-768x627.jpg 768w\" sizes=\"(max-width: 834px) 100vw, 834px\" \/> <img loading=\"lazy\" decoding=\"async\" class=\"alignnone size-full wp-image-6053\" src=\"http:\/\/spp3.slawno.pl\/wp-content\/uploads\/2021\/02\/Walentynki5.jpg\" alt=\"Dzieci w walentynkowej ramce do zdj\u0119\u0107\" width=\"722\" height=\"681\" srcset=\"http:\/\/spp3.slawno.pl\/wp-content\/uploads\/2021\/02\/Walentynki5.jpg 722w, http:\/\/spp3.slawno.pl\/wp-content\/uploads\/2021\/02\/Walentynki5-300x283.jpg 300w\" sizes=\"(max-width: 722px) 100vw, 722px\" \/> <img loading=\"lazy\" decoding=\"async\" class=\"alignnone size-full wp-image-6052\" src=\"http:\/\/spp3.slawno.pl\/wp-content\/uploads\/2021\/02\/Walentynki4.jpg\" alt=\"Dzieci w walentynkowej ramce do zdj\u0119\u0107\" width=\"807\" height=\"681\" srcset=\"http:\/\/spp3.slawno.pl\/wp-content\/uploads\/2021\/02\/Walentynki4.jpg 807w, http:\/\/spp3.slawno.pl\/wp-content\/uploads\/2021\/02\/Walentynki4-300x253.jpg 300w, http:\/\/spp3.slawno.pl\/wp-content\/uploads\/2021\/02\/Walentynki4-768x648.jpg 768w\" sizes=\"(max-width: 807px) 100vw, 807px\" \/> <img loading=\"lazy\" decoding=\"async\" class=\"alignnone size-full wp-image-6051\" src=\"http:\/\/spp3.slawno.pl\/wp-content\/uploads\/2021\/02\/Walentynki3.jpg\" alt=\"Dzieci w walentynkowej ramce do zdj\u0119\u0107\" width=\"798\" height=\"681\" srcset=\"http:\/\/spp3.slawno.pl\/wp-content\/uploads\/2021\/02\/Walentynki3.jpg 798w, http:\/\/spp3.slawno.pl\/wp-content\/uploads\/2021\/02\/Walentynki3-300x256.jpg 300w, http:\/\/spp3.slawno.pl\/wp-content\/uploads\/2021\/02\/Walentynki3-768x655.jpg 768w\" sizes=\"(max-width: 798px) 100vw, 798px\" \/> <img loading=\"lazy\" decoding=\"async\" class=\"alignnone size-full wp-image-6050\" src=\"http:\/\/spp3.slawno.pl\/wp-content\/uploads\/2021\/02\/Walentynki2.jpg\" alt=\"Dzieci w walentynkowej ramce do zdj\u0119\u0107\" width=\"785\" height=\"681\" srcset=\"http:\/\/spp3.slawno.pl\/wp-content\/uploads\/2021\/02\/Walentynki2.jpg 785w, http:\/\/spp3.slawno.pl\/wp-content\/uploads\/2021\/02\/Walentynki2-300x260.jpg 300w, http:\/\/spp3.slawno.pl\/wp-content\/uploads\/2021\/02\/Walentynki2-768x666.jpg 768w\" sizes=\"(max-width: 785px) 100vw, 785px\" \/> <img loading=\"lazy\" decoding=\"async\" class=\"alignnone size-large wp-image-6049\" src=\"http:\/\/spp3.slawno.pl\/wp-content\/uploads\/2021\/02\/Walentynki1-1024x613.jpg\" alt=\"Dzieci w walentynkowej ramce do zdj\u0119\u0107\" width=\"1024\" height=\"613\" srcset=\"http:\/\/spp3.slawno.pl\/wp-content\/uploads\/2021\/02\/Walentynki1-1024x613.jpg 1024w, http:\/\/spp3.slawno.pl\/wp-content\/uploads\/2021\/02\/Walentynki1-300x180.jpg 300w, http:\/\/spp3.slawno.pl\/wp-content\/uploads\/2021\/02\/Walentynki1-768x460.jpg 768w, http:\/\/spp3.slawno.pl\/wp-content\/uploads\/2021\/02\/Walentynki1.jpg 1137w\" sizes=\"(max-width: 1024px) 100vw, 1024px\" \/> <img loading=\"lazy\" decoding=\"async\" class=\"alignnone size-full wp-image-6048\" src=\"http:\/\/spp3.slawno.pl\/wp-content\/uploads\/2021\/02\/Walentynki.jpg\" alt=\"Dzieci w walentynkowej ramce do zdj\u0119\u0107\" width=\"741\" height=\"681\" srcset=\"http:\/\/spp3.slawno.pl\/wp-content\/uploads\/2021\/02\/Walentynki.jpg 741w, http:\/\/spp3.slawno.pl\/wp-content\/uploads\/2021\/02\/Walentynki-300x276.jpg 300w\" sizes=\"(max-width: 741px) 100vw, 741px\" \/><img loading=\"lazy\" decoding=\"async\" class=\"alignnone size-full wp-image-6045\" src=\"http:\/\/spp3.slawno.pl\/wp-content\/uploads\/2021\/02\/Walentynki-SP3\u0142.jpg\" alt=\"Dzieci z serduszkami-Walentynki\" width=\"960\" height=\"564\" srcset=\"http:\/\/spp3.slawno.pl\/wp-content\/uploads\/2021\/02\/Walentynki-SP3\u0142.jpg 960w, http:\/\/spp3.slawno.pl\/wp-content\/uploads\/2021\/02\/Walentynki-SP3\u0142-300x176.jpg 300w, http:\/\/spp3.slawno.pl\/wp-content\/uploads\/2021\/02\/Walentynki-SP3\u0142-768x451.jpg 768w\" sizes=\"(max-width: 960px) 100vw, 960px\" \/> <img loading=\"lazy\" decoding=\"async\" class=\"alignnone size-full wp-image-6044\" src=\"http:\/\/spp3.slawno.pl\/wp-content\/uploads\/2021\/02\/Walentynki-SP3l.jpg\" alt=\"Dzieci z serduszkami-Walentynki\" width=\"960\" height=\"604\" srcset=\"http:\/\/spp3.slawno.pl\/wp-content\/uploads\/2021\/02\/Walentynki-SP3l.jpg 960w, http:\/\/spp3.slawno.pl\/wp-content\/uploads\/2021\/02\/Walentynki-SP3l-300x189.jpg 300w, http:\/\/spp3.slawno.pl\/wp-content\/uploads\/2021\/02\/Walentynki-SP3l-768x483.jpg 768w\" sizes=\"(max-width: 960px) 100vw, 960px\" \/> <img loading=\"lazy\" decoding=\"async\" class=\"alignnone size-full wp-image-6043\" src=\"http:\/\/spp3.slawno.pl\/wp-content\/uploads\/2021\/02\/Walentynki-SP3k.jpg\" alt=\"Dzieci z serduszkami-Walentynki\" width=\"960\" height=\"882\" srcset=\"http:\/\/spp3.slawno.pl\/wp-content\/uploads\/2021\/02\/Walentynki-SP3k.jpg 960w, http:\/\/spp3.slawno.pl\/wp-content\/uploads\/2021\/02\/Walentynki-SP3k-300x276.jpg 300w, http:\/\/spp3.slawno.pl\/wp-content\/uploads\/2021\/02\/Walentynki-SP3k-768x706.jpg 768w\" sizes=\"(max-width: 960px) 100vw, 960px\" \/> <img loading=\"lazy\" decoding=\"async\" class=\"alignnone size-full wp-image-6042\" src=\"http:\/\/spp3.slawno.pl\/wp-content\/uploads\/2021\/02\/Walentynki-SP3j.jpg\" alt=\"Dzieci z serduszkami-Walentynki\" width=\"960\" height=\"616\" srcset=\"http:\/\/spp3.slawno.pl\/wp-content\/uploads\/2021\/02\/Walentynki-SP3j.jpg 960w, http:\/\/spp3.slawno.pl\/wp-content\/uploads\/2021\/02\/Walentynki-SP3j-300x193.jpg 300w, http:\/\/spp3.slawno.pl\/wp-content\/uploads\/2021\/02\/Walentynki-SP3j-768x493.jpg 768w\" sizes=\"(max-width: 960px) 100vw, 960px\" \/> <img loading=\"lazy\" decoding=\"async\" class=\"alignnone size-full wp-image-6041\" src=\"http:\/\/spp3.slawno.pl\/wp-content\/uploads\/2021\/02\/Walentynki-SP3i.jpg\" alt=\"Dzieci z serduszkami-Walentynki\" width=\"960\" height=\"930\" srcset=\"http:\/\/spp3.slawno.pl\/wp-content\/uploads\/2021\/02\/Walentynki-SP3i.jpg 960w, http:\/\/spp3.slawno.pl\/wp-content\/uploads\/2021\/02\/Walentynki-SP3i-300x291.jpg 300w, http:\/\/spp3.slawno.pl\/wp-content\/uploads\/2021\/02\/Walentynki-SP3i-768x744.jpg 768w\" sizes=\"(max-width: 960px) 100vw, 960px\" \/> <img loading=\"lazy\" decoding=\"async\" class=\"alignnone size-full wp-image-6040\" src=\"http:\/\/spp3.slawno.pl\/wp-content\/uploads\/2021\/02\/Walentynki-SP3h.jpg\" alt=\"Serduszko -praca wykonana na walentynki przez ucznia SP3\" width=\"720\" height=\"960\" srcset=\"http:\/\/spp3.slawno.pl\/wp-content\/uploads\/2021\/02\/Walentynki-SP3h.jpg 720w, http:\/\/spp3.slawno.pl\/wp-content\/uploads\/2021\/02\/Walentynki-SP3h-225x300.jpg 225w\" sizes=\"(max-width: 720px) 100vw, 720px\" \/> <img loading=\"lazy\" decoding=\"async\" class=\"alignnone size-full wp-image-6034\" src=\"http:\/\/spp3.slawno.pl\/wp-content\/uploads\/2021\/02\/Walentynki-SP3b.jpg\" alt=\"Dzieci z serduszkami-Walentynki\" width=\"960\" height=\"540\" srcset=\"http:\/\/spp3.slawno.pl\/wp-content\/uploads\/2021\/02\/Walentynki-SP3b.jpg 960w, http:\/\/spp3.slawno.pl\/wp-content\/uploads\/2021\/02\/Walentynki-SP3b-300x169.jpg 300w, http:\/\/spp3.slawno.pl\/wp-content\/uploads\/2021\/02\/Walentynki-SP3b-768x432.jpg 768w, http:\/\/spp3.slawno.pl\/wp-content\/uploads\/2021\/02\/Walentynki-SP3b-678x381.jpg 678w\" sizes=\"(max-width: 960px) 100vw, 960px\" \/> <img loading=\"lazy\" decoding=\"async\" class=\"alignnone size-full wp-image-6035\" src=\"http:\/\/spp3.slawno.pl\/wp-content\/uploads\/2021\/02\/Walentynki-SP3c.jpg\" alt=\"Dzieci z serduszkami-Walentynki\" width=\"960\" height=\"540\" srcset=\"http:\/\/spp3.slawno.pl\/wp-content\/uploads\/2021\/02\/Walentynki-SP3c.jpg 960w, http:\/\/spp3.slawno.pl\/wp-content\/uploads\/2021\/02\/Walentynki-SP3c-300x169.jpg 300w, http:\/\/spp3.slawno.pl\/wp-content\/uploads\/2021\/02\/Walentynki-SP3c-768x432.jpg 768w, http:\/\/spp3.slawno.pl\/wp-content\/uploads\/2021\/02\/Walentynki-SP3c-678x381.jpg 678w\" sizes=\"(max-width: 960px) 100vw, 960px\" \/> <img loading=\"lazy\" decoding=\"async\" class=\"alignnone size-full wp-image-6036\" src=\"http:\/\/spp3.slawno.pl\/wp-content\/uploads\/2021\/02\/Walentynki-SP3d.jpg\" alt=\"Dzieci z serduszkami-Walentynki\" width=\"960\" height=\"540\" srcset=\"http:\/\/spp3.slawno.pl\/wp-content\/uploads\/2021\/02\/Walentynki-SP3d.jpg 960w, http:\/\/spp3.slawno.pl\/wp-content\/uploads\/2021\/02\/Walentynki-SP3d-300x169.jpg 300w, http:\/\/spp3.slawno.pl\/wp-content\/uploads\/2021\/02\/Walentynki-SP3d-768x432.jpg 768w, http:\/\/spp3.slawno.pl\/wp-content\/uploads\/2021\/02\/Walentynki-SP3d-678x381.jpg 678w\" sizes=\"(max-width: 960px) 100vw, 960px\" \/> <img loading=\"lazy\" decoding=\"async\" class=\"alignnone size-full wp-image-6037\" src=\"http:\/\/spp3.slawno.pl\/wp-content\/uploads\/2021\/02\/Walentynki-SP3e.jpg\" alt=\"Dzieci z serduszkami-Walentynki\" width=\"960\" height=\"960\" srcset=\"http:\/\/spp3.slawno.pl\/wp-content\/uploads\/2021\/02\/Walentynki-SP3e.jpg 960w, http:\/\/spp3.slawno.pl\/wp-content\/uploads\/2021\/02\/Walentynki-SP3e-150x150.jpg 150w, http:\/\/spp3.slawno.pl\/wp-content\/uploads\/2021\/02\/Walentynki-SP3e-300x300.jpg 300w, http:\/\/spp3.slawno.pl\/wp-content\/uploads\/2021\/02\/Walentynki-SP3e-768x768.jpg 768w\" sizes=\"(max-width: 960px) 100vw, 960px\" \/> <img loading=\"lazy\" decoding=\"async\" class=\"alignnone size-full wp-image-6038\" src=\"http:\/\/spp3.slawno.pl\/wp-content\/uploads\/2021\/02\/Walentynki-SP3f.jpg\" alt=\"Dzieci z serduszkami-Walentynki\" width=\"960\" height=\"960\" srcset=\"http:\/\/spp3.slawno.pl\/wp-content\/uploads\/2021\/02\/Walentynki-SP3f.jpg 960w, http:\/\/spp3.slawno.pl\/wp-content\/uploads\/2021\/02\/Walentynki-SP3f-150x150.jpg 150w, http:\/\/spp3.slawno.pl\/wp-content\/uploads\/2021\/02\/Walentynki-SP3f-300x300.jpg 300w, http:\/\/spp3.slawno.pl\/wp-content\/uploads\/2021\/02\/Walentynki-SP3f-768x768.jpg 768w\" sizes=\"(max-width: 960px) 100vw, 960px\" \/> <img loading=\"lazy\" decoding=\"async\" class=\"alignnone size-full wp-image-6039\" src=\"http:\/\/spp3.slawno.pl\/wp-content\/uploads\/2021\/02\/Walentynki-SP3g.jpg\" alt=\"Serduszko -praca wykonana na walentynki przez ucznia SP3\" width=\"720\" height=\"960\" srcset=\"http:\/\/spp3.slawno.pl\/wp-content\/uploads\/2021\/02\/Walentynki-SP3g.jpg 720w, http:\/\/spp3.slawno.pl\/wp-content\/uploads\/2021\/02\/Walentynki-SP3g-225x300.jpg 225w\" sizes=\"(max-width: 720px) 100vw, 720px\" \/> <img loading=\"lazy\" decoding=\"async\" class=\"alignnone size-full wp-image-6032\" src=\"http:\/\/spp3.slawno.pl\/wp-content\/uploads\/2021\/02\/Walentynki-SP3.jpg\" alt=\"Wystr\u00f3j klasy na Walentynki\" width=\"960\" height=\"540\" srcset=\"http:\/\/spp3.slawno.pl\/wp-content\/uploads\/2021\/02\/Walentynki-SP3.jpg 960w, http:\/\/spp3.slawno.pl\/wp-content\/uploads\/2021\/02\/Walentynki-SP3-300x169.jpg 300w, http:\/\/spp3.slawno.pl\/wp-content\/uploads\/2021\/02\/Walentynki-SP3-768x432.jpg 768w, http:\/\/spp3.slawno.pl\/wp-content\/uploads\/2021\/02\/Walentynki-SP3-678x381.jpg 678w\" sizes=\"(max-width: 960px) 100vw, 960px\" \/><\/p>\n","protected":false},"excerpt":{"rendered":"<div class=\"mh-excerpt\"><\/div>","protected":false},"author":2,"featured_media":6056,"comment_status":"closed","ping_status":"open","sticky":false,"template":"","format":"standard","meta":{"footnotes":""},"categories":[32,8,24],"tags":[],"class_list":["post-6031","post","type-post","status-publish","format-standard","has-post-thumbnail","hentry","category-akcje","category-wydarzenia","category-zajecia-na-swietlicy-szkolnej"],"_links":{"self":[{"href":"http:\/\/spp3.slawno.pl\/index.php?rest_route=\/wp\/v2\/posts\/6031"}],"collection":[{"href":"http:\/\/spp3.slawno.pl\/index.php?rest_route=\/wp\/v2\/posts"}],"about":[{"href":"http:\/\/spp3.slawno.pl\/index.php?rest_route=\/wp\/v2\/types\/post"}],"author":[{"embeddable":true,"href":"http:\/\/spp3.slawno.pl\/index.php?rest_route=\/wp\/v2\/users\/2"}],"replies":[{"embeddable":true,"href":"http:\/\/spp3.slawno.pl\/index.php?rest_route=%2Fwp%2Fv2%2Fcomments&post=6031"}],"version-history":[{"count":4,"href":"http:\/\/spp3.slawno.pl\/index.php?rest_route=\/wp\/v2\/posts\/6031\/revisions"}],"predecessor-version":[{"id":6058,"href":"http:\/\/spp3.slawno.pl\/index.php?rest_route=\/wp\/v2\/posts\/6031\/revisions\/6058"}],"wp:featuredmedia":[{"embeddable":true,"href":"http:\/\/spp3.slawno.pl\/index.php?rest_route=\/wp\/v2\/media\/6056"}],"wp:attachment":[{"href":"http:\/\/spp3.slawno.pl\/index.php?rest_route=%2Fwp%2Fv2%2Fmedia&parent=6031"}],"wp:term":[{"taxonomy":"category","embeddable":true,"href":"http:\/\/spp3.slawno.pl\/index.php?rest_route=%2Fwp%2Fv2%2Fcategories&post=6031"},{"taxonomy":"post_tag","embeddable":true,"href":"http:\/\/spp3.slawno.pl\/index.php?rest_route=%2Fwp%2Fv2%2Ftags&post=6031"}],"curies":[{"name":"wp","href":"https:\/\/api.w.org\/{rel}","templated":true}]}}