{"id":6068,"date":"2021-02-17T14:08:20","date_gmt":"2021-02-17T13:08:20","guid":{"rendered":"http:\/\/spp3.slawno.pl\/?p=6068"},"modified":"2021-05-30T17:48:26","modified_gmt":"2021-05-30T15:48:26","slug":"dzien-kota-klasa-3a","status":"publish","type":"post","link":"http:\/\/spp3.slawno.pl\/?p=6068","title":{"rendered":"Dzie\u0144 Kota &#8211; klasa 3a"},"content":{"rendered":"<p>17 lutego to \u015aWIATOWY DZIE\u0143 KOTA. <span class=\"pq6dq46d tbxw36s4 knj5qynh kvgmc6g5 ditlmg2l oygrvhab nvdbi5me sf5mxxl7 gl3lb2sf hhz5lgdu\"><img loading=\"lazy\" decoding=\"async\" src=\"https:\/\/static.xx.fbcdn.net\/images\/emoji.php\/v9\/taa\/1\/16\/1f431.png\" alt=\"\ud83d\udc31\" width=\"16\" height=\"16\" \/><\/span> W klasie III a pami\u0119tali\u015bmy o tych przemi\u0142ych zwierzakach.<\/p>\n<p>Wi\u0119cej zdj\u0119\u0107 na<a href=\"https:\/\/www.facebook.com\/Szko%C5%82a-Podstawowa-nr-3-w-S%C5%82awnie-1735795480042431\/\"> fb SP3<\/a><\/p>\n<p><img loading=\"lazy\" decoding=\"async\" class=\"alignnone size-full wp-image-6070\" src=\"http:\/\/spp3.slawno.pl\/wp-content\/uploads\/2021\/02\/Dzie\u0144-Kota1.jpg\" alt=\"Dzieci przebrane za koty z pracami plastycznymi o kotach\" width=\"720\" height=\"960\" srcset=\"http:\/\/spp3.slawno.pl\/wp-content\/uploads\/2021\/02\/Dzie\u0144-Kota1.jpg 720w, http:\/\/spp3.slawno.pl\/wp-content\/uploads\/2021\/02\/Dzie\u0144-Kota1-225x300.jpg 225w\" sizes=\"(max-width: 720px) 100vw, 720px\" \/> <img loading=\"lazy\" decoding=\"async\" class=\"alignnone size-full wp-image-6071\" src=\"http:\/\/spp3.slawno.pl\/wp-content\/uploads\/2021\/02\/Dzie\u0144-Kota2.jpg\" alt=\"Dzieci przebrane za koty z pracami plastycznymi o kotach\" width=\"960\" height=\"664\" srcset=\"http:\/\/spp3.slawno.pl\/wp-content\/uploads\/2021\/02\/Dzie\u0144-Kota2.jpg 960w, http:\/\/spp3.slawno.pl\/wp-content\/uploads\/2021\/02\/Dzie\u0144-Kota2-300x208.jpg 300w, http:\/\/spp3.slawno.pl\/wp-content\/uploads\/2021\/02\/Dzie\u0144-Kota2-768x531.jpg 768w\" sizes=\"(max-width: 960px) 100vw, 960px\" \/> <img loading=\"lazy\" decoding=\"async\" class=\"alignnone size-full wp-image-6072\" src=\"http:\/\/spp3.slawno.pl\/wp-content\/uploads\/2021\/02\/Dzie\u0144-Kota3.jpg\" alt=\"Dzieci przebrane za koty z pracami plastycznymi o kotach\" width=\"960\" height=\"622\" srcset=\"http:\/\/spp3.slawno.pl\/wp-content\/uploads\/2021\/02\/Dzie\u0144-Kota3.jpg 960w, http:\/\/spp3.slawno.pl\/wp-content\/uploads\/2021\/02\/Dzie\u0144-Kota3-300x194.jpg 300w, http:\/\/spp3.slawno.pl\/wp-content\/uploads\/2021\/02\/Dzie\u0144-Kota3-768x498.jpg 768w\" sizes=\"(max-width: 960px) 100vw, 960px\" \/> <img loading=\"lazy\" decoding=\"async\" class=\"alignnone size-full wp-image-6073\" src=\"http:\/\/spp3.slawno.pl\/wp-content\/uploads\/2021\/02\/Dzie\u0144-Kota4.jpg\" alt=\"Dzieci przebrane za koty z pracami plastycznymi o kotach\" width=\"960\" height=\"520\" srcset=\"http:\/\/spp3.slawno.pl\/wp-content\/uploads\/2021\/02\/Dzie\u0144-Kota4.jpg 960w, http:\/\/spp3.slawno.pl\/wp-content\/uploads\/2021\/02\/Dzie\u0144-Kota4-300x163.jpg 300w, http:\/\/spp3.slawno.pl\/wp-content\/uploads\/2021\/02\/Dzie\u0144-Kota4-768x416.jpg 768w\" sizes=\"(max-width: 960px) 100vw, 960px\" \/><\/p>\n<p><img loading=\"lazy\" decoding=\"async\" class=\"alignnone size-full wp-image-6069\" src=\"http:\/\/spp3.slawno.pl\/wp-content\/uploads\/2021\/02\/Dzie\u0144-kota.jpg\" alt=\"Dzieci przebrane za koty z pracami plastycznymi o kotach\" width=\"580\" height=\"960\" srcset=\"http:\/\/spp3.slawno.pl\/wp-content\/uploads\/2021\/02\/Dzie\u0144-kota.jpg 580w, http:\/\/spp3.slawno.pl\/wp-content\/uploads\/2021\/02\/Dzie\u0144-kota-181x300.jpg 181w\" sizes=\"(max-width: 580px) 100vw, 580px\" \/><\/p>\n","protected":false},"excerpt":{"rendered":"<div class=\"mh-excerpt\"><p>17 lutego to \u015aWIATOWY DZIE\u0143 KOTA. W klasie III a pami\u0119tali\u015bmy o tych przemi\u0142ych zwierzakach. Wi\u0119cej zdj\u0119\u0107 na fb SP3<\/p>\n<\/div>","protected":false},"author":2,"featured_media":6070,"comment_status":"closed","ping_status":"open","sticky":false,"template":"","format":"standard","meta":{"footnotes":""},"categories":[32,22,8],"tags":[],"class_list":["post-6068","post","type-post","status-publish","format-standard","has-post-thumbnail","hentry","category-akcje","category-lekcje-w-naszej-szkole-nie-sa-nudne","category-wydarzenia"],"_links":{"self":[{"href":"http:\/\/spp3.slawno.pl\/index.php?rest_route=\/wp\/v2\/posts\/6068"}],"collection":[{"href":"http:\/\/spp3.slawno.pl\/index.php?rest_route=\/wp\/v2\/posts"}],"about":[{"href":"http:\/\/spp3.slawno.pl\/index.php?rest_route=\/wp\/v2\/types\/post"}],"author":[{"embeddable":true,"href":"http:\/\/spp3.slawno.pl\/index.php?rest_route=\/wp\/v2\/users\/2"}],"replies":[{"embeddable":true,"href":"http:\/\/spp3.slawno.pl\/index.php?rest_route=%2Fwp%2Fv2%2Fcomments&post=6068"}],"version-history":[{"count":4,"href":"http:\/\/spp3.slawno.pl\/index.php?rest_route=\/wp\/v2\/posts\/6068\/revisions"}],"predecessor-version":[{"id":6077,"href":"http:\/\/spp3.slawno.pl\/index.php?rest_route=\/wp\/v2\/posts\/6068\/revisions\/6077"}],"wp:featuredmedia":[{"embeddable":true,"href":"http:\/\/spp3.slawno.pl\/index.php?rest_route=\/wp\/v2\/media\/6070"}],"wp:attachment":[{"href":"http:\/\/spp3.slawno.pl\/index.php?rest_route=%2Fwp%2Fv2%2Fmedia&parent=6068"}],"wp:term":[{"taxonomy":"category","embeddable":true,"href":"http:\/\/spp3.slawno.pl\/index.php?rest_route=%2Fwp%2Fv2%2Fcategories&post=6068"},{"taxonomy":"post_tag","embeddable":true,"href":"http:\/\/spp3.slawno.pl\/index.php?rest_route=%2Fwp%2Fv2%2Ftags&post=6068"}],"curies":[{"name":"wp","href":"https:\/\/api.w.org\/{rel}","templated":true}]}}