{"id":6081,"date":"2021-02-18T22:28:57","date_gmt":"2021-02-18T21:28:57","guid":{"rendered":"http:\/\/spp3.slawno.pl\/?p=6081"},"modified":"2021-03-03T19:46:24","modified_gmt":"2021-03-03T18:46:24","slug":"zimowe-inspiracje-klasy-2-a","status":"publish","type":"post","link":"http:\/\/spp3.slawno.pl\/?p=6081","title":{"rendered":"Zimowe inspiracje klasy 2 a"},"content":{"rendered":"<p>Gdy za oknem \u015bnieg klasa 2 a wraz z pani\u0105 przygotowuj\u0105 przepi\u0119knie wykonane dekoracje klasy. W\u015br\u00f3d najciekawszych mo\u017cna znale\u017a\u0107 wykonane z cukru \u015bnie\u017cynki, odzie\u017c zimow\u0105 z w\u0142\u00f3czki czy Antarktyd\u0119 ze styropianu.<\/p>\n<p><img loading=\"lazy\" decoding=\"async\" class=\"alignnone size-full wp-image-6100\" src=\"http:\/\/spp3.slawno.pl\/wp-content\/uploads\/2021\/02\/Zimowe-inspiracje.jpg\" alt=\"Uczniowie z ich zimowymi pracami - iglo\" width=\"490\" height=\"653\" srcset=\"http:\/\/spp3.slawno.pl\/wp-content\/uploads\/2021\/02\/Zimowe-inspiracje.jpg 490w, http:\/\/spp3.slawno.pl\/wp-content\/uploads\/2021\/02\/Zimowe-inspiracje-225x300.jpg 225w\" sizes=\"(max-width: 490px) 100vw, 490px\" \/> <img loading=\"lazy\" decoding=\"async\" class=\"alignnone size-full wp-image-6114\" src=\"http:\/\/spp3.slawno.pl\/wp-content\/uploads\/2021\/02\/Zimowe-inspiracje14.jpg\" alt=\"Prace dzieci -zima\" width=\"653\" height=\"490\" srcset=\"http:\/\/spp3.slawno.pl\/wp-content\/uploads\/2021\/02\/Zimowe-inspiracje14.jpg 653w, http:\/\/spp3.slawno.pl\/wp-content\/uploads\/2021\/02\/Zimowe-inspiracje14-300x225.jpg 300w, http:\/\/spp3.slawno.pl\/wp-content\/uploads\/2021\/02\/Zimowe-inspiracje14-326x245.jpg 326w, http:\/\/spp3.slawno.pl\/wp-content\/uploads\/2021\/02\/Zimowe-inspiracje14-80x60.jpg 80w\" sizes=\"(max-width: 653px) 100vw, 653px\" \/> <img loading=\"lazy\" decoding=\"async\" class=\"alignnone size-full wp-image-6108\" src=\"http:\/\/spp3.slawno.pl\/wp-content\/uploads\/2021\/02\/Zimowe-inspiracje8.jpg\" alt=\"Uczniowie z ich zimowymi pracami - iglo\" width=\"490\" height=\"653\" srcset=\"http:\/\/spp3.slawno.pl\/wp-content\/uploads\/2021\/02\/Zimowe-inspiracje8.jpg 490w, http:\/\/spp3.slawno.pl\/wp-content\/uploads\/2021\/02\/Zimowe-inspiracje8-225x300.jpg 225w\" sizes=\"(max-width: 490px) 100vw, 490px\" \/> <img loading=\"lazy\" decoding=\"async\" class=\"alignnone size-full wp-image-6102\" src=\"http:\/\/spp3.slawno.pl\/wp-content\/uploads\/2021\/02\/Zimowe-inspiracje2.jpg\" alt=\"Uczniowie z ich zimowymi pracami - iglo\" width=\"490\" height=\"653\" srcset=\"http:\/\/spp3.slawno.pl\/wp-content\/uploads\/2021\/02\/Zimowe-inspiracje2.jpg 490w, http:\/\/spp3.slawno.pl\/wp-content\/uploads\/2021\/02\/Zimowe-inspiracje2-225x300.jpg 225w\" sizes=\"(max-width: 490px) 100vw, 490px\" \/> <img loading=\"lazy\" decoding=\"async\" class=\"alignnone size-full wp-image-6101\" src=\"http:\/\/spp3.slawno.pl\/wp-content\/uploads\/2021\/02\/Zimowe-inspiracje1.jpg\" alt=\"Uczniowie z ich zimowymi pracami - iglo\" width=\"490\" height=\"653\" srcset=\"http:\/\/spp3.slawno.pl\/wp-content\/uploads\/2021\/02\/Zimowe-inspiracje1.jpg 490w, http:\/\/spp3.slawno.pl\/wp-content\/uploads\/2021\/02\/Zimowe-inspiracje1-225x300.jpg 225w\" sizes=\"(max-width: 490px) 100vw, 490px\" \/> <img loading=\"lazy\" decoding=\"async\" class=\"alignnone size-full wp-image-6107\" src=\"http:\/\/spp3.slawno.pl\/wp-content\/uploads\/2021\/02\/Zimowe-inspiracje7.jpg\" alt=\"Uczniowie z ich zimowymi pracami - iglo\" width=\"490\" height=\"653\" srcset=\"http:\/\/spp3.slawno.pl\/wp-content\/uploads\/2021\/02\/Zimowe-inspiracje7.jpg 490w, http:\/\/spp3.slawno.pl\/wp-content\/uploads\/2021\/02\/Zimowe-inspiracje7-225x300.jpg 225w\" sizes=\"(max-width: 490px) 100vw, 490px\" \/> <img loading=\"lazy\" decoding=\"async\" class=\"alignnone size-full wp-image-6106\" src=\"http:\/\/spp3.slawno.pl\/wp-content\/uploads\/2021\/02\/Zimowe-inspiracje6.jpg\" alt=\"Uczniowie z ich zimowymi pracami - iglo\" width=\"490\" height=\"653\" srcset=\"http:\/\/spp3.slawno.pl\/wp-content\/uploads\/2021\/02\/Zimowe-inspiracje6.jpg 490w, http:\/\/spp3.slawno.pl\/wp-content\/uploads\/2021\/02\/Zimowe-inspiracje6-225x300.jpg 225w\" sizes=\"(max-width: 490px) 100vw, 490px\" \/> <img loading=\"lazy\" decoding=\"async\" class=\"alignnone size-full wp-image-6112\" src=\"http:\/\/spp3.slawno.pl\/wp-content\/uploads\/2021\/02\/Zimowe-inspiracje12.jpg\" alt=\"Prace dzieci -zima\" width=\"653\" height=\"490\" srcset=\"http:\/\/spp3.slawno.pl\/wp-content\/uploads\/2021\/02\/Zimowe-inspiracje12.jpg 653w, http:\/\/spp3.slawno.pl\/wp-content\/uploads\/2021\/02\/Zimowe-inspiracje12-300x225.jpg 300w, http:\/\/spp3.slawno.pl\/wp-content\/uploads\/2021\/02\/Zimowe-inspiracje12-326x245.jpg 326w, http:\/\/spp3.slawno.pl\/wp-content\/uploads\/2021\/02\/Zimowe-inspiracje12-80x60.jpg 80w\" sizes=\"(max-width: 653px) 100vw, 653px\" \/> <img loading=\"lazy\" decoding=\"async\" class=\"alignnone size-full wp-image-6113\" src=\"http:\/\/spp3.slawno.pl\/wp-content\/uploads\/2021\/02\/Zimowe-inspiracje13.jpg\" alt=\"Prace dzieci -zima\" width=\"653\" height=\"490\" srcset=\"http:\/\/spp3.slawno.pl\/wp-content\/uploads\/2021\/02\/Zimowe-inspiracje13.jpg 653w, http:\/\/spp3.slawno.pl\/wp-content\/uploads\/2021\/02\/Zimowe-inspiracje13-300x225.jpg 300w, http:\/\/spp3.slawno.pl\/wp-content\/uploads\/2021\/02\/Zimowe-inspiracje13-326x245.jpg 326w, http:\/\/spp3.slawno.pl\/wp-content\/uploads\/2021\/02\/Zimowe-inspiracje13-80x60.jpg 80w\" sizes=\"(max-width: 653px) 100vw, 653px\" \/> <img loading=\"lazy\" decoding=\"async\" class=\"alignnone size-full wp-image-6111\" src=\"http:\/\/spp3.slawno.pl\/wp-content\/uploads\/2021\/02\/Zimowe-inspiracje11.jpg\" alt=\"Prace dzieci -zima\" width=\"653\" height=\"490\" srcset=\"http:\/\/spp3.slawno.pl\/wp-content\/uploads\/2021\/02\/Zimowe-inspiracje11.jpg 653w, http:\/\/spp3.slawno.pl\/wp-content\/uploads\/2021\/02\/Zimowe-inspiracje11-300x225.jpg 300w, http:\/\/spp3.slawno.pl\/wp-content\/uploads\/2021\/02\/Zimowe-inspiracje11-326x245.jpg 326w, http:\/\/spp3.slawno.pl\/wp-content\/uploads\/2021\/02\/Zimowe-inspiracje11-80x60.jpg 80w\" sizes=\"(max-width: 653px) 100vw, 653px\" \/> <img loading=\"lazy\" decoding=\"async\" class=\"alignnone size-full wp-image-6105\" src=\"http:\/\/spp3.slawno.pl\/wp-content\/uploads\/2021\/02\/Zimowe-inspiracje5.jpg\" alt=\"Uczniowie z ich zimowymi pracami - iglo\" width=\"490\" height=\"653\" srcset=\"http:\/\/spp3.slawno.pl\/wp-content\/uploads\/2021\/02\/Zimowe-inspiracje5.jpg 490w, http:\/\/spp3.slawno.pl\/wp-content\/uploads\/2021\/02\/Zimowe-inspiracje5-225x300.jpg 225w\" sizes=\"(max-width: 490px) 100vw, 490px\" \/> <img loading=\"lazy\" decoding=\"async\" class=\"alignnone size-full wp-image-6104\" src=\"http:\/\/spp3.slawno.pl\/wp-content\/uploads\/2021\/02\/Zimowe-inspiracje4.jpg\" alt=\"Uczniowie z ich zimowymi pracami - iglo\" width=\"490\" height=\"653\" srcset=\"http:\/\/spp3.slawno.pl\/wp-content\/uploads\/2021\/02\/Zimowe-inspiracje4.jpg 490w, http:\/\/spp3.slawno.pl\/wp-content\/uploads\/2021\/02\/Zimowe-inspiracje4-225x300.jpg 225w\" sizes=\"(max-width: 490px) 100vw, 490px\" \/> <img loading=\"lazy\" decoding=\"async\" class=\"alignnone size-full wp-image-6110\" src=\"http:\/\/spp3.slawno.pl\/wp-content\/uploads\/2021\/02\/Zimowe-inspiracje10.jpg\" alt=\"Prace dzieci -zima\" width=\"653\" height=\"490\" srcset=\"http:\/\/spp3.slawno.pl\/wp-content\/uploads\/2021\/02\/Zimowe-inspiracje10.jpg 653w, http:\/\/spp3.slawno.pl\/wp-content\/uploads\/2021\/02\/Zimowe-inspiracje10-300x225.jpg 300w, http:\/\/spp3.slawno.pl\/wp-content\/uploads\/2021\/02\/Zimowe-inspiracje10-326x245.jpg 326w, http:\/\/spp3.slawno.pl\/wp-content\/uploads\/2021\/02\/Zimowe-inspiracje10-80x60.jpg 80w\" sizes=\"(max-width: 653px) 100vw, 653px\" \/> <img loading=\"lazy\" decoding=\"async\" class=\"alignnone size-full wp-image-6109\" src=\"http:\/\/spp3.slawno.pl\/wp-content\/uploads\/2021\/02\/Zimowe-inspiracje9.jpg\" alt=\"Uczniowie z ich zimowymi pracami - iglo\" width=\"490\" height=\"653\" srcset=\"http:\/\/spp3.slawno.pl\/wp-content\/uploads\/2021\/02\/Zimowe-inspiracje9.jpg 490w, http:\/\/spp3.slawno.pl\/wp-content\/uploads\/2021\/02\/Zimowe-inspiracje9-225x300.jpg 225w\" sizes=\"(max-width: 490px) 100vw, 490px\" \/> <img loading=\"lazy\" decoding=\"async\" class=\"alignnone size-full wp-image-6103\" src=\"http:\/\/spp3.slawno.pl\/wp-content\/uploads\/2021\/02\/Zimowe-inspiracje3.jpg\" alt=\"Uczniowie z ich zimowymi pracami - iglo\" width=\"490\" height=\"653\" srcset=\"http:\/\/spp3.slawno.pl\/wp-content\/uploads\/2021\/02\/Zimowe-inspiracje3.jpg 490w, http:\/\/spp3.slawno.pl\/wp-content\/uploads\/2021\/02\/Zimowe-inspiracje3-225x300.jpg 225w\" sizes=\"(max-width: 490px) 100vw, 490px\" \/><\/p>\n","protected":false},"excerpt":{"rendered":"<div class=\"mh-excerpt\"><p>Gdy za oknem \u015bnieg klasa 2 a wraz z pani\u0105 przygotowuj\u0105 przepi\u0119knie wykonane dekoracje klasy. W\u015br\u00f3d najciekawszych mo\u017cna znale\u017a\u0107 wykonane z cukru \u015bnie\u017cynki, odzie\u017c zimow\u0105 <a class=\"mh-excerpt-more\" href=\"http:\/\/spp3.slawno.pl\/?p=6081\" title=\"Zimowe inspiracje klasy 2 a\">[&#8230;]<\/a><\/p>\n<\/div>","protected":false},"author":2,"featured_media":6107,"comment_status":"closed","ping_status":"open","sticky":false,"template":"","format":"standard","meta":{"footnotes":""},"categories":[22,8],"tags":[],"class_list":["post-6081","post","type-post","status-publish","format-standard","has-post-thumbnail","hentry","category-lekcje-w-naszej-szkole-nie-sa-nudne","category-wydarzenia"],"_links":{"self":[{"href":"http:\/\/spp3.slawno.pl\/index.php?rest_route=\/wp\/v2\/posts\/6081"}],"collection":[{"href":"http:\/\/spp3.slawno.pl\/index.php?rest_route=\/wp\/v2\/posts"}],"about":[{"href":"http:\/\/spp3.slawno.pl\/index.php?rest_route=\/wp\/v2\/types\/post"}],"author":[{"embeddable":true,"href":"http:\/\/spp3.slawno.pl\/index.php?rest_route=\/wp\/v2\/users\/2"}],"replies":[{"embeddable":true,"href":"http:\/\/spp3.slawno.pl\/index.php?rest_route=%2Fwp%2Fv2%2Fcomments&post=6081"}],"version-history":[{"count":1,"href":"http:\/\/spp3.slawno.pl\/index.php?rest_route=\/wp\/v2\/posts\/6081\/revisions"}],"predecessor-version":[{"id":6115,"href":"http:\/\/spp3.slawno.pl\/index.php?rest_route=\/wp\/v2\/posts\/6081\/revisions\/6115"}],"wp:featuredmedia":[{"embeddable":true,"href":"http:\/\/spp3.slawno.pl\/index.php?rest_route=\/wp\/v2\/media\/6107"}],"wp:attachment":[{"href":"http:\/\/spp3.slawno.pl\/index.php?rest_route=%2Fwp%2Fv2%2Fmedia&parent=6081"}],"wp:term":[{"taxonomy":"category","embeddable":true,"href":"http:\/\/spp3.slawno.pl\/index.php?rest_route=%2Fwp%2Fv2%2Fcategories&post=6081"},{"taxonomy":"post_tag","embeddable":true,"href":"http:\/\/spp3.slawno.pl\/index.php?rest_route=%2Fwp%2Fv2%2Ftags&post=6081"}],"curies":[{"name":"wp","href":"https:\/\/api.w.org\/{rel}","templated":true}]}}