{"id":6116,"date":"2021-02-18T22:38:09","date_gmt":"2021-02-18T21:38:09","guid":{"rendered":"http:\/\/spp3.slawno.pl\/?p=6116"},"modified":"2021-03-03T19:45:37","modified_gmt":"2021-03-03T18:45:37","slug":"dzien-kota-w-2a","status":"publish","type":"post","link":"http:\/\/spp3.slawno.pl\/?p=6116","title":{"rendered":"Dzie\u0144 Kota w 2a i 2b"},"content":{"rendered":"<p>W Dniu Kota w klasie 2 a\u00a0 nie zabrak\u0142o kocich zabaw. By\u0142y zawody w piciu mleka,\u00a0 zawijanie k\u0142\u0119bk\u00f3w we\u0142ny na czas oraz zabawy integracyjne w grupach. Dzieci przygotowa\u0142y pi\u0119kne kocie dekoracje oraz wy\u015bpiewa\u0142y rytmicznie kocie piosenki. Po prostu\u00a0 Koci \u015bwiat.<\/p>\n<p><img loading=\"lazy\" decoding=\"async\" class=\"alignnone wp-image-6126\" src=\"http:\/\/spp3.slawno.pl\/wp-content\/uploads\/2021\/02\/Dzie\u0144-Kota-2b.jpg\" alt=\"\" width=\"474\" height=\"632\" srcset=\"http:\/\/spp3.slawno.pl\/wp-content\/uploads\/2021\/02\/Dzie\u0144-Kota-2b.jpg 720w, http:\/\/spp3.slawno.pl\/wp-content\/uploads\/2021\/02\/Dzie\u0144-Kota-2b-225x300.jpg 225w\" sizes=\"(max-width: 474px) 100vw, 474px\" \/><\/p>\n<p><img loading=\"lazy\" decoding=\"async\" class=\"alignnone size-full wp-image-6117\" src=\"http:\/\/spp3.slawno.pl\/wp-content\/uploads\/2021\/02\/Dzie\u0144-Kota.jpg\" alt=\"Dzieci przebrane za koty na tle kocich prac\" width=\"653\" height=\"490\" srcset=\"http:\/\/spp3.slawno.pl\/wp-content\/uploads\/2021\/02\/Dzie\u0144-Kota.jpg 653w, http:\/\/spp3.slawno.pl\/wp-content\/uploads\/2021\/02\/Dzie\u0144-Kota-300x225.jpg 300w, http:\/\/spp3.slawno.pl\/wp-content\/uploads\/2021\/02\/Dzie\u0144-Kota-326x245.jpg 326w, http:\/\/spp3.slawno.pl\/wp-content\/uploads\/2021\/02\/Dzie\u0144-Kota-80x60.jpg 80w\" sizes=\"(max-width: 653px) 100vw, 653px\" \/> <img loading=\"lazy\" decoding=\"async\" class=\"alignnone size-large wp-image-6118\" src=\"http:\/\/spp3.slawno.pl\/wp-content\/uploads\/2021\/02\/Dzie\u0144-Kota1-1.jpg\" alt=\"\" width=\"653\" height=\"490\" srcset=\"http:\/\/spp3.slawno.pl\/wp-content\/uploads\/2021\/02\/Dzie\u0144-Kota1-1.jpg 653w, http:\/\/spp3.slawno.pl\/wp-content\/uploads\/2021\/02\/Dzie\u0144-Kota1-1-300x225.jpg 300w, http:\/\/spp3.slawno.pl\/wp-content\/uploads\/2021\/02\/Dzie\u0144-Kota1-1-326x245.jpg 326w, http:\/\/spp3.slawno.pl\/wp-content\/uploads\/2021\/02\/Dzie\u0144-Kota1-1-80x60.jpg 80w\" sizes=\"(max-width: 653px) 100vw, 653px\" \/> <img loading=\"lazy\" decoding=\"async\" class=\"alignnone size-large wp-image-6119\" src=\"http:\/\/spp3.slawno.pl\/wp-content\/uploads\/2021\/02\/Dzie\u0144-Kota2-1.jpg\" alt=\"\" width=\"653\" height=\"490\" srcset=\"http:\/\/spp3.slawno.pl\/wp-content\/uploads\/2021\/02\/Dzie\u0144-Kota2-1.jpg 653w, http:\/\/spp3.slawno.pl\/wp-content\/uploads\/2021\/02\/Dzie\u0144-Kota2-1-300x225.jpg 300w, http:\/\/spp3.slawno.pl\/wp-content\/uploads\/2021\/02\/Dzie\u0144-Kota2-1-326x245.jpg 326w, http:\/\/spp3.slawno.pl\/wp-content\/uploads\/2021\/02\/Dzie\u0144-Kota2-1-80x60.jpg 80w\" sizes=\"(max-width: 653px) 100vw, 653px\" \/> <img loading=\"lazy\" decoding=\"async\" class=\"alignnone size-large wp-image-6120\" src=\"http:\/\/spp3.slawno.pl\/wp-content\/uploads\/2021\/02\/Dzie\u0144-Kota3-1.jpg\" alt=\"\" width=\"490\" height=\"653\" srcset=\"http:\/\/spp3.slawno.pl\/wp-content\/uploads\/2021\/02\/Dzie\u0144-Kota3-1.jpg 490w, http:\/\/spp3.slawno.pl\/wp-content\/uploads\/2021\/02\/Dzie\u0144-Kota3-1-225x300.jpg 225w\" sizes=\"(max-width: 490px) 100vw, 490px\" \/> <img loading=\"lazy\" decoding=\"async\" class=\"alignnone size-large wp-image-6121\" src=\"http:\/\/spp3.slawno.pl\/wp-content\/uploads\/2021\/02\/Dzie\u0144-Kota4-1.jpg\" alt=\"\" width=\"653\" height=\"490\" srcset=\"http:\/\/spp3.slawno.pl\/wp-content\/uploads\/2021\/02\/Dzie\u0144-Kota4-1.jpg 653w, http:\/\/spp3.slawno.pl\/wp-content\/uploads\/2021\/02\/Dzie\u0144-Kota4-1-300x225.jpg 300w, http:\/\/spp3.slawno.pl\/wp-content\/uploads\/2021\/02\/Dzie\u0144-Kota4-1-326x245.jpg 326w, http:\/\/spp3.slawno.pl\/wp-content\/uploads\/2021\/02\/Dzie\u0144-Kota4-1-80x60.jpg 80w\" sizes=\"(max-width: 653px) 100vw, 653px\" \/> <img loading=\"lazy\" decoding=\"async\" class=\"alignnone size-large wp-image-6122\" src=\"http:\/\/spp3.slawno.pl\/wp-content\/uploads\/2021\/02\/Dzie\u0144-Kota5.jpg\" alt=\"\" width=\"490\" height=\"653\" srcset=\"http:\/\/spp3.slawno.pl\/wp-content\/uploads\/2021\/02\/Dzie\u0144-Kota5.jpg 490w, http:\/\/spp3.slawno.pl\/wp-content\/uploads\/2021\/02\/Dzie\u0144-Kota5-225x300.jpg 225w\" sizes=\"(max-width: 490px) 100vw, 490px\" \/> <img loading=\"lazy\" decoding=\"async\" class=\"alignnone size-large wp-image-6123\" src=\"http:\/\/spp3.slawno.pl\/wp-content\/uploads\/2021\/02\/Dzie\u0144-Kota6.jpg\" alt=\"\" width=\"490\" height=\"653\" srcset=\"http:\/\/spp3.slawno.pl\/wp-content\/uploads\/2021\/02\/Dzie\u0144-Kota6.jpg 490w, http:\/\/spp3.slawno.pl\/wp-content\/uploads\/2021\/02\/Dzie\u0144-Kota6-225x300.jpg 225w\" sizes=\"(max-width: 490px) 100vw, 490px\" \/> <img loading=\"lazy\" decoding=\"async\" class=\"alignnone size-large wp-image-6124\" src=\"http:\/\/spp3.slawno.pl\/wp-content\/uploads\/2021\/02\/Dzie\u0144-Kota7.jpg\" alt=\"\" width=\"490\" height=\"653\" srcset=\"http:\/\/spp3.slawno.pl\/wp-content\/uploads\/2021\/02\/Dzie\u0144-Kota7.jpg 490w, http:\/\/spp3.slawno.pl\/wp-content\/uploads\/2021\/02\/Dzie\u0144-Kota7-225x300.jpg 225w\" sizes=\"(max-width: 490px) 100vw, 490px\" \/><\/p>\n","protected":false},"excerpt":{"rendered":"<div class=\"mh-excerpt\"><p>W Dniu Kota w klasie 2 a\u00a0 nie zabrak\u0142o kocich zabaw. By\u0142y zawody w piciu mleka,\u00a0 zawijanie k\u0142\u0119bk\u00f3w we\u0142ny na czas oraz zabawy integracyjne w <a class=\"mh-excerpt-more\" href=\"http:\/\/spp3.slawno.pl\/?p=6116\" title=\"Dzie\u0144 Kota w 2a i 2b\">[&#8230;]<\/a><\/p>\n<\/div>","protected":false},"author":2,"featured_media":6117,"comment_status":"closed","ping_status":"open","sticky":false,"template":"","format":"standard","meta":{"footnotes":""},"categories":[22,8],"tags":[],"class_list":["post-6116","post","type-post","status-publish","format-standard","has-post-thumbnail","hentry","category-lekcje-w-naszej-szkole-nie-sa-nudne","category-wydarzenia"],"_links":{"self":[{"href":"http:\/\/spp3.slawno.pl\/index.php?rest_route=\/wp\/v2\/posts\/6116"}],"collection":[{"href":"http:\/\/spp3.slawno.pl\/index.php?rest_route=\/wp\/v2\/posts"}],"about":[{"href":"http:\/\/spp3.slawno.pl\/index.php?rest_route=\/wp\/v2\/types\/post"}],"author":[{"embeddable":true,"href":"http:\/\/spp3.slawno.pl\/index.php?rest_route=\/wp\/v2\/users\/2"}],"replies":[{"embeddable":true,"href":"http:\/\/spp3.slawno.pl\/index.php?rest_route=%2Fwp%2Fv2%2Fcomments&post=6116"}],"version-history":[{"count":4,"href":"http:\/\/spp3.slawno.pl\/index.php?rest_route=\/wp\/v2\/posts\/6116\/revisions"}],"predecessor-version":[{"id":6129,"href":"http:\/\/spp3.slawno.pl\/index.php?rest_route=\/wp\/v2\/posts\/6116\/revisions\/6129"}],"wp:featuredmedia":[{"embeddable":true,"href":"http:\/\/spp3.slawno.pl\/index.php?rest_route=\/wp\/v2\/media\/6117"}],"wp:attachment":[{"href":"http:\/\/spp3.slawno.pl\/index.php?rest_route=%2Fwp%2Fv2%2Fmedia&parent=6116"}],"wp:term":[{"taxonomy":"category","embeddable":true,"href":"http:\/\/spp3.slawno.pl\/index.php?rest_route=%2Fwp%2Fv2%2Fcategories&post=6116"},{"taxonomy":"post_tag","embeddable":true,"href":"http:\/\/spp3.slawno.pl\/index.php?rest_route=%2Fwp%2Fv2%2Ftags&post=6116"}],"curies":[{"name":"wp","href":"https:\/\/api.w.org\/{rel}","templated":true}]}}