{"id":6130,"date":"2021-02-18T22:53:56","date_gmt":"2021-02-18T21:53:56","guid":{"rendered":"http:\/\/spp3.slawno.pl\/?p=6130"},"modified":"2021-05-30T17:47:58","modified_gmt":"2021-05-30T15:47:58","slug":"dzien-kota","status":"publish","type":"post","link":"http:\/\/spp3.slawno.pl\/?p=6130","title":{"rendered":"Dzie\u0144 Kota"},"content":{"rendered":"<p>NA DZIE\u0143 KOTA &#8211; TOBIE KOCIE,<br \/>\nNA PAMI\u0104TK\u0118 DAM \u0141AKOCIE<br \/>\nI ZABAWK\u0118 DAM CI NOW\u0104<br \/>\nI LAURK\u0118 KOLOROW\u0104<br \/>\nI NAPISZ\u0118 W NIEJ NA \u015aRODKU,<span class=\"text_exposed_show\"><br \/>\n\u017bYCZENIA DLA CIEBIE KOTKU&#8230;<br \/>\nBO JA DOBRZE PRZECIE\u017b WIEM TO,<br \/>\n\u017bE DZISIAJ JEST TWOJE \u015aWI\u0118TO<\/span><\/p>\n<p><img loading=\"lazy\" decoding=\"async\" class=\"alignnone wp-image-6131\" src=\"http:\/\/spp3.slawno.pl\/wp-content\/uploads\/2021\/02\/Dzie\u0144-Kotaa.jpg\" alt=\"Uczniowie przebrani za koty z kocimi pracami\" width=\"727\" height=\"545\" srcset=\"http:\/\/spp3.slawno.pl\/wp-content\/uploads\/2021\/02\/Dzie\u0144-Kotaa.jpg 960w, http:\/\/spp3.slawno.pl\/wp-content\/uploads\/2021\/02\/Dzie\u0144-Kotaa-300x225.jpg 300w, http:\/\/spp3.slawno.pl\/wp-content\/uploads\/2021\/02\/Dzie\u0144-Kotaa-768x576.jpg 768w, http:\/\/spp3.slawno.pl\/wp-content\/uploads\/2021\/02\/Dzie\u0144-Kotaa-678x509.jpg 678w, http:\/\/spp3.slawno.pl\/wp-content\/uploads\/2021\/02\/Dzie\u0144-Kotaa-326x245.jpg 326w, http:\/\/spp3.slawno.pl\/wp-content\/uploads\/2021\/02\/Dzie\u0144-Kotaa-80x60.jpg 80w\" sizes=\"(max-width: 727px) 100vw, 727px\" \/> <img loading=\"lazy\" decoding=\"async\" class=\"alignnone wp-image-6132\" src=\"http:\/\/spp3.slawno.pl\/wp-content\/uploads\/2021\/02\/Dzie\u0144-Kotab.jpg\" alt=\"Uczniowie przebrani za koty z kocimi pracami\" width=\"727\" height=\"545\" srcset=\"http:\/\/spp3.slawno.pl\/wp-content\/uploads\/2021\/02\/Dzie\u0144-Kotab.jpg 960w, http:\/\/spp3.slawno.pl\/wp-content\/uploads\/2021\/02\/Dzie\u0144-Kotab-300x225.jpg 300w, http:\/\/spp3.slawno.pl\/wp-content\/uploads\/2021\/02\/Dzie\u0144-Kotab-768x576.jpg 768w, http:\/\/spp3.slawno.pl\/wp-content\/uploads\/2021\/02\/Dzie\u0144-Kotab-678x509.jpg 678w, http:\/\/spp3.slawno.pl\/wp-content\/uploads\/2021\/02\/Dzie\u0144-Kotab-326x245.jpg 326w, http:\/\/spp3.slawno.pl\/wp-content\/uploads\/2021\/02\/Dzie\u0144-Kotab-80x60.jpg 80w\" sizes=\"(max-width: 727px) 100vw, 727px\" \/> <img loading=\"lazy\" decoding=\"async\" class=\"alignnone wp-image-6133\" src=\"http:\/\/spp3.slawno.pl\/wp-content\/uploads\/2021\/02\/Dzie\u0144-Kotac.jpg\" alt=\"Uczniowie przebrani za koty z kocimi pracami\" width=\"507\" height=\"676\" srcset=\"http:\/\/spp3.slawno.pl\/wp-content\/uploads\/2021\/02\/Dzie\u0144-Kotac.jpg 720w, http:\/\/spp3.slawno.pl\/wp-content\/uploads\/2021\/02\/Dzie\u0144-Kotac-225x300.jpg 225w\" sizes=\"(max-width: 507px) 100vw, 507px\" \/> <img loading=\"lazy\" decoding=\"async\" class=\"alignnone wp-image-6134\" src=\"http:\/\/spp3.slawno.pl\/wp-content\/uploads\/2021\/02\/Dzie\u0144-Kotad.jpg\" alt=\"Uczniowie przebrani za koty z kocimi pracami\" width=\"681\" height=\"511\" srcset=\"http:\/\/spp3.slawno.pl\/wp-content\/uploads\/2021\/02\/Dzie\u0144-Kotad.jpg 960w, http:\/\/spp3.slawno.pl\/wp-content\/uploads\/2021\/02\/Dzie\u0144-Kotad-300x225.jpg 300w, http:\/\/spp3.slawno.pl\/wp-content\/uploads\/2021\/02\/Dzie\u0144-Kotad-768x576.jpg 768w, http:\/\/spp3.slawno.pl\/wp-content\/uploads\/2021\/02\/Dzie\u0144-Kotad-678x509.jpg 678w, http:\/\/spp3.slawno.pl\/wp-content\/uploads\/2021\/02\/Dzie\u0144-Kotad-326x245.jpg 326w, http:\/\/spp3.slawno.pl\/wp-content\/uploads\/2021\/02\/Dzie\u0144-Kotad-80x60.jpg 80w\" sizes=\"(max-width: 681px) 100vw, 681px\" \/> <img loading=\"lazy\" decoding=\"async\" class=\"alignnone wp-image-6135\" src=\"http:\/\/spp3.slawno.pl\/wp-content\/uploads\/2021\/02\/Dzie\u0144-Kotae.jpg\" alt=\"Uczniowie przebrani za koty z kocimi pracami\" width=\"671\" height=\"503\" srcset=\"http:\/\/spp3.slawno.pl\/wp-content\/uploads\/2021\/02\/Dzie\u0144-Kotae.jpg 960w, http:\/\/spp3.slawno.pl\/wp-content\/uploads\/2021\/02\/Dzie\u0144-Kotae-300x225.jpg 300w, http:\/\/spp3.slawno.pl\/wp-content\/uploads\/2021\/02\/Dzie\u0144-Kotae-768x576.jpg 768w, http:\/\/spp3.slawno.pl\/wp-content\/uploads\/2021\/02\/Dzie\u0144-Kotae-678x509.jpg 678w, http:\/\/spp3.slawno.pl\/wp-content\/uploads\/2021\/02\/Dzie\u0144-Kotae-326x245.jpg 326w, http:\/\/spp3.slawno.pl\/wp-content\/uploads\/2021\/02\/Dzie\u0144-Kotae-80x60.jpg 80w\" sizes=\"(max-width: 671px) 100vw, 671px\" \/><\/p>\n","protected":false},"excerpt":{"rendered":"<div class=\"mh-excerpt\"><p>NA DZIE\u0143 KOTA &#8211; TOBIE KOCIE, NA PAMI\u0104TK\u0118 DAM \u0141AKOCIE I ZABAWK\u0118 DAM CI NOW\u0104 I LAURK\u0118 KOLOROW\u0104 I NAPISZ\u0118 W NIEJ NA \u015aRODKU, \u017bYCZENIA <a class=\"mh-excerpt-more\" href=\"http:\/\/spp3.slawno.pl\/?p=6130\" title=\"Dzie\u0144 Kota\">[&#8230;]<\/a><\/p>\n<\/div>","protected":false},"author":2,"featured_media":6132,"comment_status":"closed","ping_status":"open","sticky":false,"template":"","format":"standard","meta":{"footnotes":""},"categories":[32,22,8],"tags":[],"class_list":["post-6130","post","type-post","status-publish","format-standard","has-post-thumbnail","hentry","category-akcje","category-lekcje-w-naszej-szkole-nie-sa-nudne","category-wydarzenia"],"_links":{"self":[{"href":"http:\/\/spp3.slawno.pl\/index.php?rest_route=\/wp\/v2\/posts\/6130"}],"collection":[{"href":"http:\/\/spp3.slawno.pl\/index.php?rest_route=\/wp\/v2\/posts"}],"about":[{"href":"http:\/\/spp3.slawno.pl\/index.php?rest_route=\/wp\/v2\/types\/post"}],"author":[{"embeddable":true,"href":"http:\/\/spp3.slawno.pl\/index.php?rest_route=\/wp\/v2\/users\/2"}],"replies":[{"embeddable":true,"href":"http:\/\/spp3.slawno.pl\/index.php?rest_route=%2Fwp%2Fv2%2Fcomments&post=6130"}],"version-history":[{"count":2,"href":"http:\/\/spp3.slawno.pl\/index.php?rest_route=\/wp\/v2\/posts\/6130\/revisions"}],"predecessor-version":[{"id":6137,"href":"http:\/\/spp3.slawno.pl\/index.php?rest_route=\/wp\/v2\/posts\/6130\/revisions\/6137"}],"wp:featuredmedia":[{"embeddable":true,"href":"http:\/\/spp3.slawno.pl\/index.php?rest_route=\/wp\/v2\/media\/6132"}],"wp:attachment":[{"href":"http:\/\/spp3.slawno.pl\/index.php?rest_route=%2Fwp%2Fv2%2Fmedia&parent=6130"}],"wp:term":[{"taxonomy":"category","embeddable":true,"href":"http:\/\/spp3.slawno.pl\/index.php?rest_route=%2Fwp%2Fv2%2Fcategories&post=6130"},{"taxonomy":"post_tag","embeddable":true,"href":"http:\/\/spp3.slawno.pl\/index.php?rest_route=%2Fwp%2Fv2%2Ftags&post=6130"}],"curies":[{"name":"wp","href":"https:\/\/api.w.org\/{rel}","templated":true}]}}