{"id":6174,"date":"2021-02-23T21:15:43","date_gmt":"2021-02-23T20:15:43","guid":{"rendered":"http:\/\/spp3.slawno.pl\/?p=6174"},"modified":"2021-02-23T21:15:43","modified_gmt":"2021-02-23T20:15:43","slug":"swietliciowe-zajecia-ruchowe","status":"publish","type":"post","link":"http:\/\/spp3.slawno.pl\/?p=6174","title":{"rendered":"\u015awietliciowe zaj\u0119cia ruchowe"},"content":{"rendered":"<p><img loading=\"lazy\" decoding=\"async\" class=\"alignnone size-full wp-image-6175\" src=\"http:\/\/spp3.slawno.pl\/wp-content\/uploads\/2021\/02\/Zaj\u0119cia-na-\u015bwietlicy.jpg\" alt=\"Ta\u0144cz\u0105ce dzieci\" width=\"960\" height=\"720\" srcset=\"http:\/\/spp3.slawno.pl\/wp-content\/uploads\/2021\/02\/Zaj\u0119cia-na-\u015bwietlicy.jpg 960w, http:\/\/spp3.slawno.pl\/wp-content\/uploads\/2021\/02\/Zaj\u0119cia-na-\u015bwietlicy-300x225.jpg 300w, http:\/\/spp3.slawno.pl\/wp-content\/uploads\/2021\/02\/Zaj\u0119cia-na-\u015bwietlicy-768x576.jpg 768w, http:\/\/spp3.slawno.pl\/wp-content\/uploads\/2021\/02\/Zaj\u0119cia-na-\u015bwietlicy-678x509.jpg 678w, http:\/\/spp3.slawno.pl\/wp-content\/uploads\/2021\/02\/Zaj\u0119cia-na-\u015bwietlicy-326x245.jpg 326w, http:\/\/spp3.slawno.pl\/wp-content\/uploads\/2021\/02\/Zaj\u0119cia-na-\u015bwietlicy-80x60.jpg 80w\" sizes=\"(max-width: 960px) 100vw, 960px\" \/> <img loading=\"lazy\" decoding=\"async\" class=\"alignnone size-full wp-image-6176\" src=\"http:\/\/spp3.slawno.pl\/wp-content\/uploads\/2021\/02\/Zaj\u0119cia-na-\u015bwietlicy1.jpg\" alt=\"Ta\u0144cz\u0105ce dzieci\" width=\"960\" height=\"720\" srcset=\"http:\/\/spp3.slawno.pl\/wp-content\/uploads\/2021\/02\/Zaj\u0119cia-na-\u015bwietlicy1.jpg 960w, http:\/\/spp3.slawno.pl\/wp-content\/uploads\/2021\/02\/Zaj\u0119cia-na-\u015bwietlicy1-300x225.jpg 300w, http:\/\/spp3.slawno.pl\/wp-content\/uploads\/2021\/02\/Zaj\u0119cia-na-\u015bwietlicy1-768x576.jpg 768w, http:\/\/spp3.slawno.pl\/wp-content\/uploads\/2021\/02\/Zaj\u0119cia-na-\u015bwietlicy1-678x509.jpg 678w, http:\/\/spp3.slawno.pl\/wp-content\/uploads\/2021\/02\/Zaj\u0119cia-na-\u015bwietlicy1-326x245.jpg 326w, http:\/\/spp3.slawno.pl\/wp-content\/uploads\/2021\/02\/Zaj\u0119cia-na-\u015bwietlicy1-80x60.jpg 80w\" sizes=\"(max-width: 960px) 100vw, 960px\" \/> <img loading=\"lazy\" decoding=\"async\" class=\"alignnone size-full wp-image-6177\" src=\"http:\/\/spp3.slawno.pl\/wp-content\/uploads\/2021\/02\/Zaj\u0119cia-na-\u015bwietlicy2.jpg\" alt=\"Ta\u0144cz\u0105ce dzieci\" width=\"960\" height=\"720\" srcset=\"http:\/\/spp3.slawno.pl\/wp-content\/uploads\/2021\/02\/Zaj\u0119cia-na-\u015bwietlicy2.jpg 960w, http:\/\/spp3.slawno.pl\/wp-content\/uploads\/2021\/02\/Zaj\u0119cia-na-\u015bwietlicy2-300x225.jpg 300w, http:\/\/spp3.slawno.pl\/wp-content\/uploads\/2021\/02\/Zaj\u0119cia-na-\u015bwietlicy2-768x576.jpg 768w, http:\/\/spp3.slawno.pl\/wp-content\/uploads\/2021\/02\/Zaj\u0119cia-na-\u015bwietlicy2-678x509.jpg 678w, http:\/\/spp3.slawno.pl\/wp-content\/uploads\/2021\/02\/Zaj\u0119cia-na-\u015bwietlicy2-326x245.jpg 326w, http:\/\/spp3.slawno.pl\/wp-content\/uploads\/2021\/02\/Zaj\u0119cia-na-\u015bwietlicy2-80x60.jpg 80w\" sizes=\"(max-width: 960px) 100vw, 960px\" \/><\/p>\n<p>Wi\u0119cej zdj\u0119\u0107 na <a href=\"https:\/\/www.facebook.com\/Szko%C5%82a-Podstawowa-nr-3-w-S%C5%82awnie-1735795480042431\/\">fb SP3<\/a><\/p>\n","protected":false},"excerpt":{"rendered":"<div class=\"mh-excerpt\"><p>Wi\u0119cej zdj\u0119\u0107 na fb SP3<\/p>\n<\/div>","protected":false},"author":2,"featured_media":6175,"comment_status":"closed","ping_status":"open","sticky":false,"template":"","format":"standard","meta":{"footnotes":""},"categories":[8,24],"tags":[],"class_list":["post-6174","post","type-post","status-publish","format-standard","has-post-thumbnail","hentry","category-wydarzenia","category-zajecia-na-swietlicy-szkolnej"],"_links":{"self":[{"href":"http:\/\/spp3.slawno.pl\/index.php?rest_route=\/wp\/v2\/posts\/6174"}],"collection":[{"href":"http:\/\/spp3.slawno.pl\/index.php?rest_route=\/wp\/v2\/posts"}],"about":[{"href":"http:\/\/spp3.slawno.pl\/index.php?rest_route=\/wp\/v2\/types\/post"}],"author":[{"embeddable":true,"href":"http:\/\/spp3.slawno.pl\/index.php?rest_route=\/wp\/v2\/users\/2"}],"replies":[{"embeddable":true,"href":"http:\/\/spp3.slawno.pl\/index.php?rest_route=%2Fwp%2Fv2%2Fcomments&post=6174"}],"version-history":[{"count":1,"href":"http:\/\/spp3.slawno.pl\/index.php?rest_route=\/wp\/v2\/posts\/6174\/revisions"}],"predecessor-version":[{"id":6178,"href":"http:\/\/spp3.slawno.pl\/index.php?rest_route=\/wp\/v2\/posts\/6174\/revisions\/6178"}],"wp:featuredmedia":[{"embeddable":true,"href":"http:\/\/spp3.slawno.pl\/index.php?rest_route=\/wp\/v2\/media\/6175"}],"wp:attachment":[{"href":"http:\/\/spp3.slawno.pl\/index.php?rest_route=%2Fwp%2Fv2%2Fmedia&parent=6174"}],"wp:term":[{"taxonomy":"category","embeddable":true,"href":"http:\/\/spp3.slawno.pl\/index.php?rest_route=%2Fwp%2Fv2%2Fcategories&post=6174"},{"taxonomy":"post_tag","embeddable":true,"href":"http:\/\/spp3.slawno.pl\/index.php?rest_route=%2Fwp%2Fv2%2Ftags&post=6174"}],"curies":[{"name":"wp","href":"https:\/\/api.w.org\/{rel}","templated":true}]}}