{"id":6216,"date":"2021-02-26T21:31:43","date_gmt":"2021-02-26T20:31:43","guid":{"rendered":"http:\/\/spp3.slawno.pl\/?p=6216"},"modified":"2021-03-03T19:42:43","modified_gmt":"2021-03-03T18:42:43","slug":"konkurs-swietlicowy-zima-wokol-nas","status":"publish","type":"post","link":"http:\/\/spp3.slawno.pl\/?p=6216","title":{"rendered":"Konkurs \u015bwietlicowy ,,Zima wok\u00f3\u0142 nas\u201d"},"content":{"rendered":"<p><img loading=\"lazy\" decoding=\"async\" class=\"alignnone size-full wp-image-6217\" src=\"http:\/\/spp3.slawno.pl\/wp-content\/uploads\/2021\/02\/Konkurs-Zima-wok\u00f3\u0142-nas.jpg\" alt=\"Prace zimowe uczennic ze \u015bwietlicy\" width=\"960\" height=\"720\" srcset=\"http:\/\/spp3.slawno.pl\/wp-content\/uploads\/2021\/02\/Konkurs-Zima-wok\u00f3\u0142-nas.jpg 960w, http:\/\/spp3.slawno.pl\/wp-content\/uploads\/2021\/02\/Konkurs-Zima-wok\u00f3\u0142-nas-300x225.jpg 300w, http:\/\/spp3.slawno.pl\/wp-content\/uploads\/2021\/02\/Konkurs-Zima-wok\u00f3\u0142-nas-768x576.jpg 768w, http:\/\/spp3.slawno.pl\/wp-content\/uploads\/2021\/02\/Konkurs-Zima-wok\u00f3\u0142-nas-678x509.jpg 678w, http:\/\/spp3.slawno.pl\/wp-content\/uploads\/2021\/02\/Konkurs-Zima-wok\u00f3\u0142-nas-326x245.jpg 326w, http:\/\/spp3.slawno.pl\/wp-content\/uploads\/2021\/02\/Konkurs-Zima-wok\u00f3\u0142-nas-80x60.jpg 80w\" sizes=\"(max-width: 960px) 100vw, 960px\" \/> <img loading=\"lazy\" decoding=\"async\" class=\"alignnone size-full wp-image-6218\" src=\"http:\/\/spp3.slawno.pl\/wp-content\/uploads\/2021\/02\/Konkurs-Zima-wok\u00f3\u0142-nas1.jpg\" alt=\"Uczennice, kt\u00f3re wygra\u0142y konkurs o zimie z ich pracami i nagrodami\" width=\"960\" height=\"720\" srcset=\"http:\/\/spp3.slawno.pl\/wp-content\/uploads\/2021\/02\/Konkurs-Zima-wok\u00f3\u0142-nas1.jpg 960w, http:\/\/spp3.slawno.pl\/wp-content\/uploads\/2021\/02\/Konkurs-Zima-wok\u00f3\u0142-nas1-300x225.jpg 300w, http:\/\/spp3.slawno.pl\/wp-content\/uploads\/2021\/02\/Konkurs-Zima-wok\u00f3\u0142-nas1-768x576.jpg 768w, http:\/\/spp3.slawno.pl\/wp-content\/uploads\/2021\/02\/Konkurs-Zima-wok\u00f3\u0142-nas1-678x509.jpg 678w, http:\/\/spp3.slawno.pl\/wp-content\/uploads\/2021\/02\/Konkurs-Zima-wok\u00f3\u0142-nas1-326x245.jpg 326w, http:\/\/spp3.slawno.pl\/wp-content\/uploads\/2021\/02\/Konkurs-Zima-wok\u00f3\u0142-nas1-80x60.jpg 80w\" sizes=\"(max-width: 960px) 100vw, 960px\" \/><\/p>\n","protected":false},"excerpt":{"rendered":"<div class=\"mh-excerpt\"><\/div>","protected":false},"author":2,"featured_media":6218,"comment_status":"closed","ping_status":"open","sticky":false,"template":"","format":"standard","meta":{"footnotes":""},"categories":[8,24],"tags":[],"class_list":["post-6216","post","type-post","status-publish","format-standard","has-post-thumbnail","hentry","category-wydarzenia","category-zajecia-na-swietlicy-szkolnej"],"_links":{"self":[{"href":"http:\/\/spp3.slawno.pl\/index.php?rest_route=\/wp\/v2\/posts\/6216"}],"collection":[{"href":"http:\/\/spp3.slawno.pl\/index.php?rest_route=\/wp\/v2\/posts"}],"about":[{"href":"http:\/\/spp3.slawno.pl\/index.php?rest_route=\/wp\/v2\/types\/post"}],"author":[{"embeddable":true,"href":"http:\/\/spp3.slawno.pl\/index.php?rest_route=\/wp\/v2\/users\/2"}],"replies":[{"embeddable":true,"href":"http:\/\/spp3.slawno.pl\/index.php?rest_route=%2Fwp%2Fv2%2Fcomments&post=6216"}],"version-history":[{"count":1,"href":"http:\/\/spp3.slawno.pl\/index.php?rest_route=\/wp\/v2\/posts\/6216\/revisions"}],"predecessor-version":[{"id":6219,"href":"http:\/\/spp3.slawno.pl\/index.php?rest_route=\/wp\/v2\/posts\/6216\/revisions\/6219"}],"wp:featuredmedia":[{"embeddable":true,"href":"http:\/\/spp3.slawno.pl\/index.php?rest_route=\/wp\/v2\/media\/6218"}],"wp:attachment":[{"href":"http:\/\/spp3.slawno.pl\/index.php?rest_route=%2Fwp%2Fv2%2Fmedia&parent=6216"}],"wp:term":[{"taxonomy":"category","embeddable":true,"href":"http:\/\/spp3.slawno.pl\/index.php?rest_route=%2Fwp%2Fv2%2Fcategories&post=6216"},{"taxonomy":"post_tag","embeddable":true,"href":"http:\/\/spp3.slawno.pl\/index.php?rest_route=%2Fwp%2Fv2%2Ftags&post=6216"}],"curies":[{"name":"wp","href":"https:\/\/api.w.org\/{rel}","templated":true}]}}