{"id":6246,"date":"2021-03-03T19:22:55","date_gmt":"2021-03-03T18:22:55","guid":{"rendered":"http:\/\/spp3.slawno.pl\/?p=6246"},"modified":"2021-03-03T19:31:58","modified_gmt":"2021-03-03T18:31:58","slug":"szczepimy-sie","status":"publish","type":"post","link":"http:\/\/spp3.slawno.pl\/?p=6246","title":{"rendered":"Szczepimy si\u0119"},"content":{"rendered":"<p><img loading=\"lazy\" decoding=\"async\" class=\"alignnone size-full wp-image-6247\" src=\"http:\/\/spp3.slawno.pl\/wp-content\/uploads\/2021\/03\/Szczepienie.png\" alt=\"Plakat zach\u0119caj\u0105cy do szczepie\u0144\" width=\"794\" height=\"668\" srcset=\"http:\/\/spp3.slawno.pl\/wp-content\/uploads\/2021\/03\/Szczepienie.png 794w, http:\/\/spp3.slawno.pl\/wp-content\/uploads\/2021\/03\/Szczepienie-300x252.png 300w, http:\/\/spp3.slawno.pl\/wp-content\/uploads\/2021\/03\/Szczepienie-768x646.png 768w\" sizes=\"(max-width: 794px) 100vw, 794px\" \/><\/p>\n<p><img loading=\"lazy\" decoding=\"async\" class=\"alignnone size-full wp-image-6250\" src=\"http:\/\/spp3.slawno.pl\/wp-content\/uploads\/2021\/03\/Szczepienie1.png\" alt=\"Plakat zach\u0119caj\u0105cy do szczepie\u0144\" width=\"794\" height=\"676\" srcset=\"http:\/\/spp3.slawno.pl\/wp-content\/uploads\/2021\/03\/Szczepienie1.png 794w, http:\/\/spp3.slawno.pl\/wp-content\/uploads\/2021\/03\/Szczepienie1-300x255.png 300w, http:\/\/spp3.slawno.pl\/wp-content\/uploads\/2021\/03\/Szczepienie1-768x654.png 768w\" sizes=\"(max-width: 794px) 100vw, 794px\" \/><\/p>\n<p><img loading=\"lazy\" decoding=\"async\" class=\"alignnone size-full wp-image-6251\" src=\"http:\/\/spp3.slawno.pl\/wp-content\/uploads\/2021\/03\/Szczepienie2.png\" alt=\"Plakat zach\u0119caj\u0105cy do szczepie\u0144\" width=\"794\" height=\"678\" srcset=\"http:\/\/spp3.slawno.pl\/wp-content\/uploads\/2021\/03\/Szczepienie2.png 794w, http:\/\/spp3.slawno.pl\/wp-content\/uploads\/2021\/03\/Szczepienie2-300x256.png 300w, http:\/\/spp3.slawno.pl\/wp-content\/uploads\/2021\/03\/Szczepienie2-768x656.png 768w\" sizes=\"(max-width: 794px) 100vw, 794px\" \/><\/p>\n<p><img loading=\"lazy\" decoding=\"async\" class=\"alignnone size-full wp-image-6252\" src=\"http:\/\/spp3.slawno.pl\/wp-content\/uploads\/2021\/03\/Szczepienie3.png\" alt=\"Plakat zach\u0119caj\u0105cy do szczepie\u0144\" width=\"794\" height=\"196\" srcset=\"http:\/\/spp3.slawno.pl\/wp-content\/uploads\/2021\/03\/Szczepienie3.png 794w, http:\/\/spp3.slawno.pl\/wp-content\/uploads\/2021\/03\/Szczepienie3-300x74.png 300w, http:\/\/spp3.slawno.pl\/wp-content\/uploads\/2021\/03\/Szczepienie3-768x190.png 768w\" sizes=\"(max-width: 794px) 100vw, 794px\" \/><\/p>\n<p><a href=\"http:\/\/spp3.slawno.pl\/wp-content\/uploads\/2021\/03\/WSSE-SZCZEPIMYSIE-1.pdf\">WSSE #SZCZEPIMYSIE-1<\/a><\/p>\n","protected":false},"excerpt":{"rendered":"<div class=\"mh-excerpt\"><p>WSSE #SZCZEPIMYSIE-1<\/p>\n<\/div>","protected":false},"author":2,"featured_media":6247,"comment_status":"closed","ping_status":"open","sticky":false,"template":"","format":"standard","meta":{"footnotes":""},"categories":[8],"tags":[],"class_list":["post-6246","post","type-post","status-publish","format-standard","has-post-thumbnail","hentry","category-wydarzenia"],"_links":{"self":[{"href":"http:\/\/spp3.slawno.pl\/index.php?rest_route=\/wp\/v2\/posts\/6246"}],"collection":[{"href":"http:\/\/spp3.slawno.pl\/index.php?rest_route=\/wp\/v2\/posts"}],"about":[{"href":"http:\/\/spp3.slawno.pl\/index.php?rest_route=\/wp\/v2\/types\/post"}],"author":[{"embeddable":true,"href":"http:\/\/spp3.slawno.pl\/index.php?rest_route=\/wp\/v2\/users\/2"}],"replies":[{"embeddable":true,"href":"http:\/\/spp3.slawno.pl\/index.php?rest_route=%2Fwp%2Fv2%2Fcomments&post=6246"}],"version-history":[{"count":4,"href":"http:\/\/spp3.slawno.pl\/index.php?rest_route=\/wp\/v2\/posts\/6246\/revisions"}],"predecessor-version":[{"id":6255,"href":"http:\/\/spp3.slawno.pl\/index.php?rest_route=\/wp\/v2\/posts\/6246\/revisions\/6255"}],"wp:featuredmedia":[{"embeddable":true,"href":"http:\/\/spp3.slawno.pl\/index.php?rest_route=\/wp\/v2\/media\/6247"}],"wp:attachment":[{"href":"http:\/\/spp3.slawno.pl\/index.php?rest_route=%2Fwp%2Fv2%2Fmedia&parent=6246"}],"wp:term":[{"taxonomy":"category","embeddable":true,"href":"http:\/\/spp3.slawno.pl\/index.php?rest_route=%2Fwp%2Fv2%2Fcategories&post=6246"},{"taxonomy":"post_tag","embeddable":true,"href":"http:\/\/spp3.slawno.pl\/index.php?rest_route=%2Fwp%2Fv2%2Ftags&post=6246"}],"curies":[{"name":"wp","href":"https:\/\/api.w.org\/{rel}","templated":true}]}}