{"id":6256,"date":"2021-03-03T19:32:33","date_gmt":"2021-03-03T18:32:33","guid":{"rendered":"http:\/\/spp3.slawno.pl\/?p=6256"},"modified":"2021-03-03T19:40:50","modified_gmt":"2021-03-03T18:40:50","slug":"niepelnosprawnosc-lekcja-z-pedagogiem-w-klasie-3c","status":"publish","type":"post","link":"http:\/\/spp3.slawno.pl\/?p=6256","title":{"rendered":"Niepe\u0142nosprawno\u015b\u0107 &#8211; lekcja z pedagogiem w klasie 3c"},"content":{"rendered":"<p>&#8222;Pewnie mnie zupe\u0142nie nie znasz. No bo w\u0142a\u015bciwie sk\u0105d mia\u0142by\u015b mnie zna\u0107. Jestem Jasiek. Zbieram modele samochodzik\u00f3w i lubi\u0119 budowa\u0107 r\u00f3\u017cne rzeczy z klock\u00f3w&#8230;..&#8221; Zaj\u0119cia dotycz\u0105ce tak wa\u017cnego tematu jak NIEPE\u0141NOSPRAWNO\u015a\u0106 w spos\u00f3b bardzo dost\u0119pny i przejrzysty dla uczni\u00f3w klasy 3 c, z wykorzystaniem zmys\u0142\u00f3w przeprowadzi\u0142y Pani Pedagog Izabela Rejman Ptaszek oraz Katarzyna D\u0105browska.<img loading=\"lazy\" decoding=\"async\" class=\"alignnone size-full wp-image-6257\" src=\"http:\/\/spp3.slawno.pl\/wp-content\/uploads\/2021\/03\/Niepe\u0142nosprawno\u015b\u0107.jpg\" alt=\"Dzieci podczas lekcji o niepe\u0142nosprawno\u015bci\" width=\"960\" height=\"720\" srcset=\"http:\/\/spp3.slawno.pl\/wp-content\/uploads\/2021\/03\/Niepe\u0142nosprawno\u015b\u0107.jpg 960w, http:\/\/spp3.slawno.pl\/wp-content\/uploads\/2021\/03\/Niepe\u0142nosprawno\u015b\u0107-300x225.jpg 300w, http:\/\/spp3.slawno.pl\/wp-content\/uploads\/2021\/03\/Niepe\u0142nosprawno\u015b\u0107-768x576.jpg 768w, http:\/\/spp3.slawno.pl\/wp-content\/uploads\/2021\/03\/Niepe\u0142nosprawno\u015b\u0107-678x509.jpg 678w, http:\/\/spp3.slawno.pl\/wp-content\/uploads\/2021\/03\/Niepe\u0142nosprawno\u015b\u0107-326x245.jpg 326w, http:\/\/spp3.slawno.pl\/wp-content\/uploads\/2021\/03\/Niepe\u0142nosprawno\u015b\u0107-80x60.jpg 80w\" sizes=\"(max-width: 960px) 100vw, 960px\" \/> <img loading=\"lazy\" decoding=\"async\" class=\"alignnone size-full wp-image-6258\" src=\"http:\/\/spp3.slawno.pl\/wp-content\/uploads\/2021\/03\/Niepe\u0142nosprawno\u015b\u01071.jpg\" alt=\"Dzieci podczas lekcji o niepe\u0142nosprawno\u015bci\" width=\"960\" height=\"720\" srcset=\"http:\/\/spp3.slawno.pl\/wp-content\/uploads\/2021\/03\/Niepe\u0142nosprawno\u015b\u01071.jpg 960w, http:\/\/spp3.slawno.pl\/wp-content\/uploads\/2021\/03\/Niepe\u0142nosprawno\u015b\u01071-300x225.jpg 300w, http:\/\/spp3.slawno.pl\/wp-content\/uploads\/2021\/03\/Niepe\u0142nosprawno\u015b\u01071-768x576.jpg 768w, http:\/\/spp3.slawno.pl\/wp-content\/uploads\/2021\/03\/Niepe\u0142nosprawno\u015b\u01071-678x509.jpg 678w, http:\/\/spp3.slawno.pl\/wp-content\/uploads\/2021\/03\/Niepe\u0142nosprawno\u015b\u01071-326x245.jpg 326w, http:\/\/spp3.slawno.pl\/wp-content\/uploads\/2021\/03\/Niepe\u0142nosprawno\u015b\u01071-80x60.jpg 80w\" sizes=\"(max-width: 960px) 100vw, 960px\" \/> <img loading=\"lazy\" decoding=\"async\" class=\"alignnone size-full wp-image-6259\" src=\"http:\/\/spp3.slawno.pl\/wp-content\/uploads\/2021\/03\/Niepe\u0142nosprawno\u015b\u01072.jpg\" alt=\"Dzieci pi pedagog odczas lekcji o niepe\u0142nosprawno\u015bci\" width=\"960\" height=\"720\" srcset=\"http:\/\/spp3.slawno.pl\/wp-content\/uploads\/2021\/03\/Niepe\u0142nosprawno\u015b\u01072.jpg 960w, http:\/\/spp3.slawno.pl\/wp-content\/uploads\/2021\/03\/Niepe\u0142nosprawno\u015b\u01072-300x225.jpg 300w, http:\/\/spp3.slawno.pl\/wp-content\/uploads\/2021\/03\/Niepe\u0142nosprawno\u015b\u01072-768x576.jpg 768w, http:\/\/spp3.slawno.pl\/wp-content\/uploads\/2021\/03\/Niepe\u0142nosprawno\u015b\u01072-678x509.jpg 678w, http:\/\/spp3.slawno.pl\/wp-content\/uploads\/2021\/03\/Niepe\u0142nosprawno\u015b\u01072-326x245.jpg 326w, http:\/\/spp3.slawno.pl\/wp-content\/uploads\/2021\/03\/Niepe\u0142nosprawno\u015b\u01072-80x60.jpg 80w\" sizes=\"(max-width: 960px) 100vw, 960px\" \/> <img loading=\"lazy\" decoding=\"async\" class=\"alignnone size-full wp-image-6260\" src=\"http:\/\/spp3.slawno.pl\/wp-content\/uploads\/2021\/03\/Niepe\u0142nosprawno\u015b\u01073.jpg\" alt=\"Dzieci podczas lekcji o niepe\u0142nosprawno\u015bci\" width=\"960\" height=\"720\" srcset=\"http:\/\/spp3.slawno.pl\/wp-content\/uploads\/2021\/03\/Niepe\u0142nosprawno\u015b\u01073.jpg 960w, http:\/\/spp3.slawno.pl\/wp-content\/uploads\/2021\/03\/Niepe\u0142nosprawno\u015b\u01073-300x225.jpg 300w, http:\/\/spp3.slawno.pl\/wp-content\/uploads\/2021\/03\/Niepe\u0142nosprawno\u015b\u01073-768x576.jpg 768w, http:\/\/spp3.slawno.pl\/wp-content\/uploads\/2021\/03\/Niepe\u0142nosprawno\u015b\u01073-678x509.jpg 678w, http:\/\/spp3.slawno.pl\/wp-content\/uploads\/2021\/03\/Niepe\u0142nosprawno\u015b\u01073-326x245.jpg 326w, http:\/\/spp3.slawno.pl\/wp-content\/uploads\/2021\/03\/Niepe\u0142nosprawno\u015b\u01073-80x60.jpg 80w\" sizes=\"(max-width: 960px) 100vw, 960px\" \/> <img loading=\"lazy\" decoding=\"async\" class=\"alignnone size-full wp-image-6261\" src=\"http:\/\/spp3.slawno.pl\/wp-content\/uploads\/2021\/03\/Niepe\u0142nosprawno\u015b\u01074.jpg\" alt=\"Dzieci podczas lekcji o niepe\u0142nosprawno\u015bci\" width=\"960\" height=\"720\" srcset=\"http:\/\/spp3.slawno.pl\/wp-content\/uploads\/2021\/03\/Niepe\u0142nosprawno\u015b\u01074.jpg 960w, http:\/\/spp3.slawno.pl\/wp-content\/uploads\/2021\/03\/Niepe\u0142nosprawno\u015b\u01074-300x225.jpg 300w, http:\/\/spp3.slawno.pl\/wp-content\/uploads\/2021\/03\/Niepe\u0142nosprawno\u015b\u01074-768x576.jpg 768w, http:\/\/spp3.slawno.pl\/wp-content\/uploads\/2021\/03\/Niepe\u0142nosprawno\u015b\u01074-678x509.jpg 678w, http:\/\/spp3.slawno.pl\/wp-content\/uploads\/2021\/03\/Niepe\u0142nosprawno\u015b\u01074-326x245.jpg 326w, http:\/\/spp3.slawno.pl\/wp-content\/uploads\/2021\/03\/Niepe\u0142nosprawno\u015b\u01074-80x60.jpg 80w\" sizes=\"(max-width: 960px) 100vw, 960px\" \/> <img loading=\"lazy\" decoding=\"async\" class=\"alignnone size-full wp-image-6262\" src=\"http:\/\/spp3.slawno.pl\/wp-content\/uploads\/2021\/03\/Niepe\u0142nosprawno\u015b\u01075.jpg\" alt=\"Dzieci podczas lekcji o niepe\u0142nosprawno\u015bci\" width=\"960\" height=\"720\" srcset=\"http:\/\/spp3.slawno.pl\/wp-content\/uploads\/2021\/03\/Niepe\u0142nosprawno\u015b\u01075.jpg 960w, http:\/\/spp3.slawno.pl\/wp-content\/uploads\/2021\/03\/Niepe\u0142nosprawno\u015b\u01075-300x225.jpg 300w, http:\/\/spp3.slawno.pl\/wp-content\/uploads\/2021\/03\/Niepe\u0142nosprawno\u015b\u01075-768x576.jpg 768w, http:\/\/spp3.slawno.pl\/wp-content\/uploads\/2021\/03\/Niepe\u0142nosprawno\u015b\u01075-678x509.jpg 678w, http:\/\/spp3.slawno.pl\/wp-content\/uploads\/2021\/03\/Niepe\u0142nosprawno\u015b\u01075-326x245.jpg 326w, http:\/\/spp3.slawno.pl\/wp-content\/uploads\/2021\/03\/Niepe\u0142nosprawno\u015b\u01075-80x60.jpg 80w\" sizes=\"(max-width: 960px) 100vw, 960px\" \/> <img loading=\"lazy\" decoding=\"async\" class=\"alignnone size-full wp-image-6263\" src=\"http:\/\/spp3.slawno.pl\/wp-content\/uploads\/2021\/03\/Niepe\u0142nosprawno\u015b\u01076.jpg\" alt=\"Dzieci i pedagog podczas lekcji o niepe\u0142nosprawno\u015bci\" width=\"960\" height=\"720\" srcset=\"http:\/\/spp3.slawno.pl\/wp-content\/uploads\/2021\/03\/Niepe\u0142nosprawno\u015b\u01076.jpg 960w, http:\/\/spp3.slawno.pl\/wp-content\/uploads\/2021\/03\/Niepe\u0142nosprawno\u015b\u01076-300x225.jpg 300w, http:\/\/spp3.slawno.pl\/wp-content\/uploads\/2021\/03\/Niepe\u0142nosprawno\u015b\u01076-768x576.jpg 768w, http:\/\/spp3.slawno.pl\/wp-content\/uploads\/2021\/03\/Niepe\u0142nosprawno\u015b\u01076-678x509.jpg 678w, http:\/\/spp3.slawno.pl\/wp-content\/uploads\/2021\/03\/Niepe\u0142nosprawno\u015b\u01076-326x245.jpg 326w, http:\/\/spp3.slawno.pl\/wp-content\/uploads\/2021\/03\/Niepe\u0142nosprawno\u015b\u01076-80x60.jpg 80w\" sizes=\"(max-width: 960px) 100vw, 960px\" \/><\/p>\n","protected":false},"excerpt":{"rendered":"<div class=\"mh-excerpt\"><p>&#8222;Pewnie mnie zupe\u0142nie nie znasz. No bo w\u0142a\u015bciwie sk\u0105d mia\u0142by\u015b mnie zna\u0107. Jestem Jasiek. Zbieram modele samochodzik\u00f3w i lubi\u0119 budowa\u0107 r\u00f3\u017cne rzeczy z klock\u00f3w&#8230;..&#8221; Zaj\u0119cia <a class=\"mh-excerpt-more\" href=\"http:\/\/spp3.slawno.pl\/?p=6256\" title=\"Niepe\u0142nosprawno\u015b\u0107 &#8211; lekcja z pedagogiem w klasie 3c\">[&#8230;]<\/a><\/p>\n<\/div>","protected":false},"author":2,"featured_media":6259,"comment_status":"closed","ping_status":"open","sticky":false,"template":"","format":"standard","meta":{"footnotes":""},"categories":[22,8],"tags":[],"class_list":["post-6256","post","type-post","status-publish","format-standard","has-post-thumbnail","hentry","category-lekcje-w-naszej-szkole-nie-sa-nudne","category-wydarzenia"],"_links":{"self":[{"href":"http:\/\/spp3.slawno.pl\/index.php?rest_route=\/wp\/v2\/posts\/6256"}],"collection":[{"href":"http:\/\/spp3.slawno.pl\/index.php?rest_route=\/wp\/v2\/posts"}],"about":[{"href":"http:\/\/spp3.slawno.pl\/index.php?rest_route=\/wp\/v2\/types\/post"}],"author":[{"embeddable":true,"href":"http:\/\/spp3.slawno.pl\/index.php?rest_route=\/wp\/v2\/users\/2"}],"replies":[{"embeddable":true,"href":"http:\/\/spp3.slawno.pl\/index.php?rest_route=%2Fwp%2Fv2%2Fcomments&post=6256"}],"version-history":[{"count":2,"href":"http:\/\/spp3.slawno.pl\/index.php?rest_route=\/wp\/v2\/posts\/6256\/revisions"}],"predecessor-version":[{"id":6265,"href":"http:\/\/spp3.slawno.pl\/index.php?rest_route=\/wp\/v2\/posts\/6256\/revisions\/6265"}],"wp:featuredmedia":[{"embeddable":true,"href":"http:\/\/spp3.slawno.pl\/index.php?rest_route=\/wp\/v2\/media\/6259"}],"wp:attachment":[{"href":"http:\/\/spp3.slawno.pl\/index.php?rest_route=%2Fwp%2Fv2%2Fmedia&parent=6256"}],"wp:term":[{"taxonomy":"category","embeddable":true,"href":"http:\/\/spp3.slawno.pl\/index.php?rest_route=%2Fwp%2Fv2%2Fcategories&post=6256"},{"taxonomy":"post_tag","embeddable":true,"href":"http:\/\/spp3.slawno.pl\/index.php?rest_route=%2Fwp%2Fv2%2Ftags&post=6256"}],"curies":[{"name":"wp","href":"https:\/\/api.w.org\/{rel}","templated":true}]}}