{"id":6267,"date":"2021-03-07T19:33:06","date_gmt":"2021-03-07T18:33:06","guid":{"rendered":"http:\/\/spp3.slawno.pl\/?p=6267"},"modified":"2021-03-07T19:45:57","modified_gmt":"2021-03-07T18:45:57","slug":"konkurs-slawno-moje-miasto-2","status":"publish","type":"post","link":"http:\/\/spp3.slawno.pl\/?p=6267","title":{"rendered":"Konkurs &#8211; S\u0142awno, Moje Miasto"},"content":{"rendered":"<p>W klasie III a odby\u0142 si\u0119 konkurs wiedzy &#8211; S\u0141AWNO, MOJE MIASTO. Dru\u017cyny z zaanga\u017cowaniem wykonywa\u0142y r\u00f3\u017cnorodne zadania, wykazuj\u0105c si\u0119 ogromn\u0105 znajomo\u015bci\u0105 historii, ciekawostek oraz tera\u017aniejszo\u015bci naszego miasta. Serdeczne gratulacje dla zwyci\u0119zc\u00f3w i wszystkich uczestnik\u00f3w.<\/p>\n<p>Wi\u0119cej zdj\u0119\u0107 na <a href=\"https:\/\/www.facebook.com\/Szko%C5%82a-Podstawowa-nr-3-w-S%C5%82awnie-1735795480042431\/\">fb SP3<\/a><\/p>\n<p><img loading=\"lazy\" decoding=\"async\" class=\"alignnone size-full wp-image-6268\" src=\"http:\/\/spp3.slawno.pl\/wp-content\/uploads\/2021\/03\/Konkurs-S\u0142awno-Moje-Miasto.jpg\" alt=\"Dzieci nagrodzone podczas konkursu S\u0142awno Moje Miasto\" width=\"960\" height=\"730\" srcset=\"http:\/\/spp3.slawno.pl\/wp-content\/uploads\/2021\/03\/Konkurs-S\u0142awno-Moje-Miasto.jpg 960w, http:\/\/spp3.slawno.pl\/wp-content\/uploads\/2021\/03\/Konkurs-S\u0142awno-Moje-Miasto-300x228.jpg 300w, http:\/\/spp3.slawno.pl\/wp-content\/uploads\/2021\/03\/Konkurs-S\u0142awno-Moje-Miasto-768x584.jpg 768w, http:\/\/spp3.slawno.pl\/wp-content\/uploads\/2021\/03\/Konkurs-S\u0142awno-Moje-Miasto-80x60.jpg 80w\" sizes=\"(max-width: 960px) 100vw, 960px\" \/> <img loading=\"lazy\" decoding=\"async\" class=\"alignnone size-full wp-image-6269\" src=\"http:\/\/spp3.slawno.pl\/wp-content\/uploads\/2021\/03\/Konkurs-S\u0142awno-Moje-Miasto1.jpg\" alt=\"Dzieci nagrodzone podczas konkursu S\u0142awno Moje Miasto\" width=\"960\" height=\"752\" srcset=\"http:\/\/spp3.slawno.pl\/wp-content\/uploads\/2021\/03\/Konkurs-S\u0142awno-Moje-Miasto1.jpg 960w, http:\/\/spp3.slawno.pl\/wp-content\/uploads\/2021\/03\/Konkurs-S\u0142awno-Moje-Miasto1-300x235.jpg 300w, http:\/\/spp3.slawno.pl\/wp-content\/uploads\/2021\/03\/Konkurs-S\u0142awno-Moje-Miasto1-768x602.jpg 768w\" sizes=\"(max-width: 960px) 100vw, 960px\" \/> <img loading=\"lazy\" decoding=\"async\" class=\"alignnone size-full wp-image-6270\" src=\"http:\/\/spp3.slawno.pl\/wp-content\/uploads\/2021\/03\/Konkurs-S\u0142awno-Moje-Miasto2.jpg\" alt=\"Dzieci nagrodzone podczas konkursu S\u0142awno Moje Miasto\" width=\"960\" height=\"450\" srcset=\"http:\/\/spp3.slawno.pl\/wp-content\/uploads\/2021\/03\/Konkurs-S\u0142awno-Moje-Miasto2.jpg 960w, http:\/\/spp3.slawno.pl\/wp-content\/uploads\/2021\/03\/Konkurs-S\u0142awno-Moje-Miasto2-300x141.jpg 300w, http:\/\/spp3.slawno.pl\/wp-content\/uploads\/2021\/03\/Konkurs-S\u0142awno-Moje-Miasto2-768x360.jpg 768w\" sizes=\"(max-width: 960px) 100vw, 960px\" \/> <img loading=\"lazy\" decoding=\"async\" class=\"alignnone size-large wp-image-6271\" src=\"http:\/\/spp3.slawno.pl\/wp-content\/uploads\/2021\/03\/Konkurs-S\u0142awno-Moje-Miasto3-1024x463.jpg\" alt=\"Dzieci nagrodzone podczas konkursu S\u0142awno Moje Miasto\" width=\"1024\" height=\"463\" srcset=\"http:\/\/spp3.slawno.pl\/wp-content\/uploads\/2021\/03\/Konkurs-S\u0142awno-Moje-Miasto3-1024x463.jpg 1024w, http:\/\/spp3.slawno.pl\/wp-content\/uploads\/2021\/03\/Konkurs-S\u0142awno-Moje-Miasto3-300x136.jpg 300w, http:\/\/spp3.slawno.pl\/wp-content\/uploads\/2021\/03\/Konkurs-S\u0142awno-Moje-Miasto3-768x347.jpg 768w, http:\/\/spp3.slawno.pl\/wp-content\/uploads\/2021\/03\/Konkurs-S\u0142awno-Moje-Miasto3.jpg 1416w\" sizes=\"(max-width: 1024px) 100vw, 1024px\" \/> <img loading=\"lazy\" decoding=\"async\" class=\"alignnone size-full wp-image-6272\" src=\"http:\/\/spp3.slawno.pl\/wp-content\/uploads\/2021\/03\/Konkurs-S\u0142awno-Moje-Miasto4.jpg\" alt=\"Dzieci nagrodzone podczas konkursu S\u0142awno Moje Miasto\" width=\"960\" height=\"438\" srcset=\"http:\/\/spp3.slawno.pl\/wp-content\/uploads\/2021\/03\/Konkurs-S\u0142awno-Moje-Miasto4.jpg 960w, http:\/\/spp3.slawno.pl\/wp-content\/uploads\/2021\/03\/Konkurs-S\u0142awno-Moje-Miasto4-300x137.jpg 300w, http:\/\/spp3.slawno.pl\/wp-content\/uploads\/2021\/03\/Konkurs-S\u0142awno-Moje-Miasto4-768x350.jpg 768w\" sizes=\"(max-width: 960px) 100vw, 960px\" \/> <img loading=\"lazy\" decoding=\"async\" class=\"alignnone size-full wp-image-6273\" src=\"http:\/\/spp3.slawno.pl\/wp-content\/uploads\/2021\/03\/Konkurs-S\u0142awno-Moje-Miasto5.jpg\" alt=\"Dzieci nagrodzone podczas konkursu S\u0142awno Moje Miasto\" width=\"960\" height=\"590\" srcset=\"http:\/\/spp3.slawno.pl\/wp-content\/uploads\/2021\/03\/Konkurs-S\u0142awno-Moje-Miasto5.jpg 960w, http:\/\/spp3.slawno.pl\/wp-content\/uploads\/2021\/03\/Konkurs-S\u0142awno-Moje-Miasto5-300x184.jpg 300w, http:\/\/spp3.slawno.pl\/wp-content\/uploads\/2021\/03\/Konkurs-S\u0142awno-Moje-Miasto5-768x472.jpg 768w\" sizes=\"(max-width: 960px) 100vw, 960px\" \/> <img loading=\"lazy\" decoding=\"async\" class=\"alignnone size-full wp-image-6274\" src=\"http:\/\/spp3.slawno.pl\/wp-content\/uploads\/2021\/03\/Konkurs-S\u0142awno-Moje-Miasto6.jpg\" alt=\"Dzieci nagrodzone podczas konkursu S\u0142awno Moje Miasto\" width=\"960\" height=\"688\" srcset=\"http:\/\/spp3.slawno.pl\/wp-content\/uploads\/2021\/03\/Konkurs-S\u0142awno-Moje-Miasto6.jpg 960w, http:\/\/spp3.slawno.pl\/wp-content\/uploads\/2021\/03\/Konkurs-S\u0142awno-Moje-Miasto6-300x215.jpg 300w, http:\/\/spp3.slawno.pl\/wp-content\/uploads\/2021\/03\/Konkurs-S\u0142awno-Moje-Miasto6-768x550.jpg 768w\" sizes=\"(max-width: 960px) 100vw, 960px\" \/> <img loading=\"lazy\" decoding=\"async\" class=\"alignnone size-full wp-image-6275\" src=\"http:\/\/spp3.slawno.pl\/wp-content\/uploads\/2021\/03\/Konkurs-S\u0142awno-Moje-Miasto7.jpg\" alt=\"Dzieci nagrodzone podczas konkursu S\u0142awno Moje Miasto\" width=\"960\" height=\"614\" srcset=\"http:\/\/spp3.slawno.pl\/wp-content\/uploads\/2021\/03\/Konkurs-S\u0142awno-Moje-Miasto7.jpg 960w, http:\/\/spp3.slawno.pl\/wp-content\/uploads\/2021\/03\/Konkurs-S\u0142awno-Moje-Miasto7-300x192.jpg 300w, http:\/\/spp3.slawno.pl\/wp-content\/uploads\/2021\/03\/Konkurs-S\u0142awno-Moje-Miasto7-768x491.jpg 768w\" sizes=\"(max-width: 960px) 100vw, 960px\" \/> <img loading=\"lazy\" decoding=\"async\" class=\"alignnone size-full wp-image-6276\" src=\"http:\/\/spp3.slawno.pl\/wp-content\/uploads\/2021\/03\/Konkurs-S\u0142awno-Moje-Miasto8.jpg\" alt=\"Dzieci nagrodzone podczas konkursu S\u0142awno Moje Miasto\" width=\"960\" height=\"760\" srcset=\"http:\/\/spp3.slawno.pl\/wp-content\/uploads\/2021\/03\/Konkurs-S\u0142awno-Moje-Miasto8.jpg 960w, http:\/\/spp3.slawno.pl\/wp-content\/uploads\/2021\/03\/Konkurs-S\u0142awno-Moje-Miasto8-300x238.jpg 300w, http:\/\/spp3.slawno.pl\/wp-content\/uploads\/2021\/03\/Konkurs-S\u0142awno-Moje-Miasto8-768x608.jpg 768w\" sizes=\"(max-width: 960px) 100vw, 960px\" \/><\/p>\n","protected":false},"excerpt":{"rendered":"<div class=\"mh-excerpt\"><p>W klasie III a odby\u0142 si\u0119 konkurs wiedzy &#8211; S\u0141AWNO, MOJE MIASTO. Dru\u017cyny z zaanga\u017cowaniem wykonywa\u0142y r\u00f3\u017cnorodne zadania, wykazuj\u0105c si\u0119 ogromn\u0105 znajomo\u015bci\u0105 historii, ciekawostek oraz <a class=\"mh-excerpt-more\" href=\"http:\/\/spp3.slawno.pl\/?p=6267\" title=\"Konkurs &#8211; S\u0142awno, Moje Miasto\">[&#8230;]<\/a><\/p>\n<\/div>","protected":false},"author":2,"featured_media":6268,"comment_status":"closed","ping_status":"open","sticky":false,"template":"","format":"standard","meta":{"footnotes":""},"categories":[7,8],"tags":[],"class_list":["post-6267","post","type-post","status-publish","format-standard","has-post-thumbnail","hentry","category-konkursy","category-wydarzenia"],"_links":{"self":[{"href":"http:\/\/spp3.slawno.pl\/index.php?rest_route=\/wp\/v2\/posts\/6267"}],"collection":[{"href":"http:\/\/spp3.slawno.pl\/index.php?rest_route=\/wp\/v2\/posts"}],"about":[{"href":"http:\/\/spp3.slawno.pl\/index.php?rest_route=\/wp\/v2\/types\/post"}],"author":[{"embeddable":true,"href":"http:\/\/spp3.slawno.pl\/index.php?rest_route=\/wp\/v2\/users\/2"}],"replies":[{"embeddable":true,"href":"http:\/\/spp3.slawno.pl\/index.php?rest_route=%2Fwp%2Fv2%2Fcomments&post=6267"}],"version-history":[{"count":2,"href":"http:\/\/spp3.slawno.pl\/index.php?rest_route=\/wp\/v2\/posts\/6267\/revisions"}],"predecessor-version":[{"id":6296,"href":"http:\/\/spp3.slawno.pl\/index.php?rest_route=\/wp\/v2\/posts\/6267\/revisions\/6296"}],"wp:featuredmedia":[{"embeddable":true,"href":"http:\/\/spp3.slawno.pl\/index.php?rest_route=\/wp\/v2\/media\/6268"}],"wp:attachment":[{"href":"http:\/\/spp3.slawno.pl\/index.php?rest_route=%2Fwp%2Fv2%2Fmedia&parent=6267"}],"wp:term":[{"taxonomy":"category","embeddable":true,"href":"http:\/\/spp3.slawno.pl\/index.php?rest_route=%2Fwp%2Fv2%2Fcategories&post=6267"},{"taxonomy":"post_tag","embeddable":true,"href":"http:\/\/spp3.slawno.pl\/index.php?rest_route=%2Fwp%2Fv2%2Ftags&post=6267"}],"curies":[{"name":"wp","href":"https:\/\/api.w.org\/{rel}","templated":true}]}}