{"id":6282,"date":"2021-03-07T19:44:02","date_gmt":"2021-03-07T18:44:02","guid":{"rendered":"http:\/\/spp3.slawno.pl\/?p=6282"},"modified":"2021-03-07T21:40:39","modified_gmt":"2021-03-07T20:40:39","slug":"moja-ulubiona-ksiazka-konkurs-biblioteki-szkolnej","status":"publish","type":"post","link":"http:\/\/spp3.slawno.pl\/?p=6282","title":{"rendered":"&#8222;Moja ulubiona ksi\u0105\u017cka&#8221;- konkurs biblioteki szkolnej"},"content":{"rendered":"<p>Biblioteka szkolna og\u0142osi\u0142a konkurs plastyczny dla uczni\u00f3w klas I- III pt,, Moja ulubiona ksi\u0105\u017cka\u201d Prace i pomys\u0142y naszych uczni\u00f3w wzbudzi\u0142y og\u00f3lny zachwyt.<span class=\"pq6dq46d tbxw36s4 knj5qynh kvgmc6g5 ditlmg2l oygrvhab nvdbi5me sf5mxxl7 gl3lb2sf hhz5lgdu\"><img loading=\"lazy\" decoding=\"async\" src=\"https:\/\/static.xx.fbcdn.net\/images\/emoji.php\/v9\/ta2\/1.5\/16\/1f4da.png\" alt=\"\ud83d\udcda\" width=\"16\" height=\"16\" \/><\/span>&#8230;.<\/p>\n<p>Wi\u0119cej zdj\u0119\u0107 na <a href=\"https:\/\/www.facebook.com\/Szko%C5%82a-Podstawowa-nr-3-w-S%C5%82awnie-1735795480042431\/\">fb SP3<\/a><\/p>\n<p><img loading=\"lazy\" decoding=\"async\" class=\"alignnone size-full wp-image-6293\" src=\"http:\/\/spp3.slawno.pl\/wp-content\/uploads\/2021\/03\/Moja-ulubiona-ksi\u0105\u017cka10.jpg\" alt=\"Nagrodzeni uczniowie w konkursie Moja ulubiona ksi\u0105\u017cka\" width=\"720\" height=\"960\" srcset=\"http:\/\/spp3.slawno.pl\/wp-content\/uploads\/2021\/03\/Moja-ulubiona-ksi\u0105\u017cka10.jpg 720w, http:\/\/spp3.slawno.pl\/wp-content\/uploads\/2021\/03\/Moja-ulubiona-ksi\u0105\u017cka10-225x300.jpg 225w\" sizes=\"(max-width: 720px) 100vw, 720px\" \/><\/p>\n<p><img loading=\"lazy\" decoding=\"async\" class=\"alignnone size-full wp-image-6283\" src=\"http:\/\/spp3.slawno.pl\/wp-content\/uploads\/2021\/03\/Moja-ulubiona-ksi\u0105\u017cka.jpg\" alt=\"Prace, wystawa konkursu Moja ulubiona ksi\u0105\u017cka\" width=\"720\" height=\"960\" srcset=\"http:\/\/spp3.slawno.pl\/wp-content\/uploads\/2021\/03\/Moja-ulubiona-ksi\u0105\u017cka.jpg 720w, http:\/\/spp3.slawno.pl\/wp-content\/uploads\/2021\/03\/Moja-ulubiona-ksi\u0105\u017cka-225x300.jpg 225w\" sizes=\"(max-width: 720px) 100vw, 720px\" \/> <img loading=\"lazy\" decoding=\"async\" class=\"alignnone size-full wp-image-6284\" src=\"http:\/\/spp3.slawno.pl\/wp-content\/uploads\/2021\/03\/Moja-ulubiona-ksi\u0105\u017cka1.jpg\" alt=\"Prace, wystawa konkursu Moja ulubiona ksi\u0105\u017cka\" width=\"720\" height=\"960\" srcset=\"http:\/\/spp3.slawno.pl\/wp-content\/uploads\/2021\/03\/Moja-ulubiona-ksi\u0105\u017cka1.jpg 720w, http:\/\/spp3.slawno.pl\/wp-content\/uploads\/2021\/03\/Moja-ulubiona-ksi\u0105\u017cka1-225x300.jpg 225w\" sizes=\"(max-width: 720px) 100vw, 720px\" \/> <img loading=\"lazy\" decoding=\"async\" class=\"alignnone size-full wp-image-6285\" src=\"http:\/\/spp3.slawno.pl\/wp-content\/uploads\/2021\/03\/Moja-ulubiona-ksi\u0105\u017cka2.jpg\" alt=\"Prace, wystawa konkursu Moja ulubiona ksi\u0105\u017cka\" width=\"720\" height=\"960\" srcset=\"http:\/\/spp3.slawno.pl\/wp-content\/uploads\/2021\/03\/Moja-ulubiona-ksi\u0105\u017cka2.jpg 720w, http:\/\/spp3.slawno.pl\/wp-content\/uploads\/2021\/03\/Moja-ulubiona-ksi\u0105\u017cka2-225x300.jpg 225w\" sizes=\"(max-width: 720px) 100vw, 720px\" \/> <img loading=\"lazy\" decoding=\"async\" class=\"alignnone size-full wp-image-6286\" src=\"http:\/\/spp3.slawno.pl\/wp-content\/uploads\/2021\/03\/Moja-ulubiona-ksi\u0105\u017cka3.jpg\" alt=\"Prace, wystawa konkursu Moja ulubiona ksi\u0105\u017cka\" width=\"720\" height=\"960\" srcset=\"http:\/\/spp3.slawno.pl\/wp-content\/uploads\/2021\/03\/Moja-ulubiona-ksi\u0105\u017cka3.jpg 720w, http:\/\/spp3.slawno.pl\/wp-content\/uploads\/2021\/03\/Moja-ulubiona-ksi\u0105\u017cka3-225x300.jpg 225w\" sizes=\"(max-width: 720px) 100vw, 720px\" \/> <img loading=\"lazy\" decoding=\"async\" class=\"alignnone size-full wp-image-6287\" src=\"http:\/\/spp3.slawno.pl\/wp-content\/uploads\/2021\/03\/Moja-ulubiona-ksi\u0105\u017cka4.jpg\" alt=\"Prace, wystawa konkursu Moja ulubiona ksi\u0105\u017cka\" width=\"720\" height=\"960\" srcset=\"http:\/\/spp3.slawno.pl\/wp-content\/uploads\/2021\/03\/Moja-ulubiona-ksi\u0105\u017cka4.jpg 720w, http:\/\/spp3.slawno.pl\/wp-content\/uploads\/2021\/03\/Moja-ulubiona-ksi\u0105\u017cka4-225x300.jpg 225w\" sizes=\"(max-width: 720px) 100vw, 720px\" \/> <img loading=\"lazy\" decoding=\"async\" class=\"alignnone size-full wp-image-6288\" src=\"http:\/\/spp3.slawno.pl\/wp-content\/uploads\/2021\/03\/Moja-ulubiona-ksi\u0105\u017cka5.jpg\" alt=\"Prace, wystawa konkursu Moja ulubiona ksi\u0105\u017cka\" width=\"720\" height=\"960\" srcset=\"http:\/\/spp3.slawno.pl\/wp-content\/uploads\/2021\/03\/Moja-ulubiona-ksi\u0105\u017cka5.jpg 720w, http:\/\/spp3.slawno.pl\/wp-content\/uploads\/2021\/03\/Moja-ulubiona-ksi\u0105\u017cka5-225x300.jpg 225w\" sizes=\"(max-width: 720px) 100vw, 720px\" \/> <img loading=\"lazy\" decoding=\"async\" class=\"alignnone size-full wp-image-6289\" src=\"http:\/\/spp3.slawno.pl\/wp-content\/uploads\/2021\/03\/Moja-ulubiona-ksi\u0105\u017cka6.jpg\" alt=\"Prace, wystawa konkursu Moja ulubiona ksi\u0105\u017cka\" width=\"720\" height=\"960\" srcset=\"http:\/\/spp3.slawno.pl\/wp-content\/uploads\/2021\/03\/Moja-ulubiona-ksi\u0105\u017cka6.jpg 720w, http:\/\/spp3.slawno.pl\/wp-content\/uploads\/2021\/03\/Moja-ulubiona-ksi\u0105\u017cka6-225x300.jpg 225w\" sizes=\"(max-width: 720px) 100vw, 720px\" \/> <img loading=\"lazy\" decoding=\"async\" class=\"alignnone size-full wp-image-6290\" src=\"http:\/\/spp3.slawno.pl\/wp-content\/uploads\/2021\/03\/Moja-ulubiona-ksi\u0105\u017cka7.jpg\" alt=\"Prace, wystawa konkursu Moja ulubiona ksi\u0105\u017cka\" width=\"720\" height=\"960\" srcset=\"http:\/\/spp3.slawno.pl\/wp-content\/uploads\/2021\/03\/Moja-ulubiona-ksi\u0105\u017cka7.jpg 720w, http:\/\/spp3.slawno.pl\/wp-content\/uploads\/2021\/03\/Moja-ulubiona-ksi\u0105\u017cka7-225x300.jpg 225w\" sizes=\"(max-width: 720px) 100vw, 720px\" \/> <img loading=\"lazy\" decoding=\"async\" class=\"alignnone size-full wp-image-6291\" src=\"http:\/\/spp3.slawno.pl\/wp-content\/uploads\/2021\/03\/Moja-ulubiona-ksi\u0105\u017cka8.jpg\" alt=\"Prace, wystawa konkursu Moja ulubiona ksi\u0105\u017cka\" width=\"720\" height=\"960\" srcset=\"http:\/\/spp3.slawno.pl\/wp-content\/uploads\/2021\/03\/Moja-ulubiona-ksi\u0105\u017cka8.jpg 720w, http:\/\/spp3.slawno.pl\/wp-content\/uploads\/2021\/03\/Moja-ulubiona-ksi\u0105\u017cka8-225x300.jpg 225w\" sizes=\"(max-width: 720px) 100vw, 720px\" \/> <img loading=\"lazy\" decoding=\"async\" class=\"alignnone size-full wp-image-6292\" src=\"http:\/\/spp3.slawno.pl\/wp-content\/uploads\/2021\/03\/Moja-ulubiona-ksi\u0105\u017cka9.jpg\" alt=\"Nagrodzeni uczniowie w konkursie Moja ulubiona ksi\u0105\u017cka\" width=\"720\" height=\"960\" srcset=\"http:\/\/spp3.slawno.pl\/wp-content\/uploads\/2021\/03\/Moja-ulubiona-ksi\u0105\u017cka9.jpg 720w, http:\/\/spp3.slawno.pl\/wp-content\/uploads\/2021\/03\/Moja-ulubiona-ksi\u0105\u017cka9-225x300.jpg 225w\" sizes=\"(max-width: 720px) 100vw, 720px\" \/><\/p>\n","protected":false},"excerpt":{"rendered":"<div class=\"mh-excerpt\"><p>Biblioteka szkolna og\u0142osi\u0142a konkurs plastyczny dla uczni\u00f3w klas I- III pt,, Moja ulubiona ksi\u0105\u017cka\u201d Prace i pomys\u0142y naszych uczni\u00f3w wzbudzi\u0142y og\u00f3lny zachwyt.&#8230;. Wi\u0119cej zdj\u0119\u0107 na <a class=\"mh-excerpt-more\" href=\"http:\/\/spp3.slawno.pl\/?p=6282\" title=\"&#8222;Moja ulubiona ksi\u0105\u017cka&#8221;- konkurs biblioteki szkolnej\">[&#8230;]<\/a><\/p>\n<\/div>","protected":false},"author":2,"featured_media":6292,"comment_status":"closed","ping_status":"open","sticky":false,"template":"","format":"standard","meta":{"footnotes":""},"categories":[7,8],"tags":[],"class_list":["post-6282","post","type-post","status-publish","format-standard","has-post-thumbnail","hentry","category-konkursy","category-wydarzenia"],"_links":{"self":[{"href":"http:\/\/spp3.slawno.pl\/index.php?rest_route=\/wp\/v2\/posts\/6282"}],"collection":[{"href":"http:\/\/spp3.slawno.pl\/index.php?rest_route=\/wp\/v2\/posts"}],"about":[{"href":"http:\/\/spp3.slawno.pl\/index.php?rest_route=\/wp\/v2\/types\/post"}],"author":[{"embeddable":true,"href":"http:\/\/spp3.slawno.pl\/index.php?rest_route=\/wp\/v2\/users\/2"}],"replies":[{"embeddable":true,"href":"http:\/\/spp3.slawno.pl\/index.php?rest_route=%2Fwp%2Fv2%2Fcomments&post=6282"}],"version-history":[{"count":4,"href":"http:\/\/spp3.slawno.pl\/index.php?rest_route=\/wp\/v2\/posts\/6282\/revisions"}],"predecessor-version":[{"id":6298,"href":"http:\/\/spp3.slawno.pl\/index.php?rest_route=\/wp\/v2\/posts\/6282\/revisions\/6298"}],"wp:featuredmedia":[{"embeddable":true,"href":"http:\/\/spp3.slawno.pl\/index.php?rest_route=\/wp\/v2\/media\/6292"}],"wp:attachment":[{"href":"http:\/\/spp3.slawno.pl\/index.php?rest_route=%2Fwp%2Fv2%2Fmedia&parent=6282"}],"wp:term":[{"taxonomy":"category","embeddable":true,"href":"http:\/\/spp3.slawno.pl\/index.php?rest_route=%2Fwp%2Fv2%2Fcategories&post=6282"},{"taxonomy":"post_tag","embeddable":true,"href":"http:\/\/spp3.slawno.pl\/index.php?rest_route=%2Fwp%2Fv2%2Ftags&post=6282"}],"curies":[{"name":"wp","href":"https:\/\/api.w.org\/{rel}","templated":true}]}}