{"id":6299,"date":"2021-03-08T18:27:04","date_gmt":"2021-03-08T17:27:04","guid":{"rendered":"http:\/\/spp3.slawno.pl\/?p=6299"},"modified":"2021-05-30T17:57:17","modified_gmt":"2021-05-30T15:57:17","slug":"dzien-kobiet-i-mezczyzn-w-klasie-iii-b","status":"publish","type":"post","link":"http:\/\/spp3.slawno.pl\/?p=6299","title":{"rendered":"Dzie\u0144 Kobiet i M\u0119\u017cczyzn w klasie III b"},"content":{"rendered":"<p>Dzie\u0144 Kobiet i M\u0119\u017cczyzn w klasie III b, to dzie\u0144 pe\u0142en wra\u017ce\u0144 i wspania\u0142ych niespodzianek. \u2698\ud83c\udf37\ud83c\udf39Mieli\u015bmy przyjemno\u015b\u0107 wys\u0142ucha\u0107 rewelacyjnego koncertu naszego kolegi Wiktora (specjalnie dla wszystkich dziewczynek) i dzi\u0119ki pomocy rodzic\u00f3w obje\u015b\u0107 si\u0119 tym, co kochamy najbardziej \ud83c\udf55\ud83c\udf55\ud83c\udf55 Niespodziewanie odwiedzi\u0142 nas r\u00f3wnie\u017c Pan Wicedyrektor,\u00a0 kt\u00f3ry spontanicznie wykona\u0142 wsp\u00f3lnie z nami kilka utwor\u00f3w.\u00a0 Dzi\u0119kujemy \u2763\ud83c\udf3b\ud83c\udf39<\/p>\n<p><img loading=\"lazy\" decoding=\"async\" class=\"alignnone size-full wp-image-6300\" src=\"http:\/\/spp3.slawno.pl\/wp-content\/uploads\/2021\/03\/Dzie\u0144-Kobiet-3b.jpg\" alt=\"Uczniowie s\u0142uchaj\u0105cy gry p. dyrektora na gitarze\" width=\"807\" height=\"454\" srcset=\"http:\/\/spp3.slawno.pl\/wp-content\/uploads\/2021\/03\/Dzie\u0144-Kobiet-3b.jpg 807w, http:\/\/spp3.slawno.pl\/wp-content\/uploads\/2021\/03\/Dzie\u0144-Kobiet-3b-300x169.jpg 300w, http:\/\/spp3.slawno.pl\/wp-content\/uploads\/2021\/03\/Dzie\u0144-Kobiet-3b-768x432.jpg 768w, http:\/\/spp3.slawno.pl\/wp-content\/uploads\/2021\/03\/Dzie\u0144-Kobiet-3b-678x381.jpg 678w\" sizes=\"(max-width: 807px) 100vw, 807px\" \/> <img loading=\"lazy\" decoding=\"async\" class=\"alignnone size-full wp-image-6301\" src=\"http:\/\/spp3.slawno.pl\/wp-content\/uploads\/2021\/03\/Dzie\u0144-Kobiet-3b1.jpg\" alt=\"Uczniowie jedz\u0105cy pizz\u0119 z okazji Dnia Kobiet i M\u0119\u017cczyzn\" width=\"368\" height=\"653\" srcset=\"http:\/\/spp3.slawno.pl\/wp-content\/uploads\/2021\/03\/Dzie\u0144-Kobiet-3b1.jpg 368w, http:\/\/spp3.slawno.pl\/wp-content\/uploads\/2021\/03\/Dzie\u0144-Kobiet-3b1-169x300.jpg 169w\" sizes=\"(max-width: 368px) 100vw, 368px\" \/> <img loading=\"lazy\" decoding=\"async\" class=\"alignnone size-full wp-image-6302\" src=\"http:\/\/spp3.slawno.pl\/wp-content\/uploads\/2021\/03\/Dzie\u0144-Kobiet-3b2.jpg\" alt=\"zdj\u0119cie zbiorowe klasy 3b z okazji Dnia Kobiet i M\u0119\u017cczyzn\" width=\"807\" height=\"454\" srcset=\"http:\/\/spp3.slawno.pl\/wp-content\/uploads\/2021\/03\/Dzie\u0144-Kobiet-3b2.jpg 807w, http:\/\/spp3.slawno.pl\/wp-content\/uploads\/2021\/03\/Dzie\u0144-Kobiet-3b2-300x169.jpg 300w, http:\/\/spp3.slawno.pl\/wp-content\/uploads\/2021\/03\/Dzie\u0144-Kobiet-3b2-768x432.jpg 768w, http:\/\/spp3.slawno.pl\/wp-content\/uploads\/2021\/03\/Dzie\u0144-Kobiet-3b2-678x381.jpg 678w\" sizes=\"(max-width: 807px) 100vw, 807px\" \/> <img loading=\"lazy\" decoding=\"async\" class=\"alignnone size-full wp-image-6303\" src=\"http:\/\/spp3.slawno.pl\/wp-content\/uploads\/2021\/03\/Dzie\u0144-Kobiet-3b3.jpg\" alt=\"zdj\u0119cie zbiorowe klasy 3b z okazji Dnia Kobiet i M\u0119\u017cczyzn\" width=\"807\" height=\"454\" srcset=\"http:\/\/spp3.slawno.pl\/wp-content\/uploads\/2021\/03\/Dzie\u0144-Kobiet-3b3.jpg 807w, http:\/\/spp3.slawno.pl\/wp-content\/uploads\/2021\/03\/Dzie\u0144-Kobiet-3b3-300x169.jpg 300w, http:\/\/spp3.slawno.pl\/wp-content\/uploads\/2021\/03\/Dzie\u0144-Kobiet-3b3-768x432.jpg 768w, http:\/\/spp3.slawno.pl\/wp-content\/uploads\/2021\/03\/Dzie\u0144-Kobiet-3b3-678x381.jpg 678w\" sizes=\"(max-width: 807px) 100vw, 807px\" \/> <img loading=\"lazy\" decoding=\"async\" class=\"alignnone size-full wp-image-6304\" src=\"http:\/\/spp3.slawno.pl\/wp-content\/uploads\/2021\/03\/Dzie\u0144-Kobiet-3b4.jpg\" alt=\"Uczniowie s\u0142uchaj\u0105 koncertu gitarowego z okazji Dnia Kobiet\" width=\"807\" height=\"454\" srcset=\"http:\/\/spp3.slawno.pl\/wp-content\/uploads\/2021\/03\/Dzie\u0144-Kobiet-3b4.jpg 807w, http:\/\/spp3.slawno.pl\/wp-content\/uploads\/2021\/03\/Dzie\u0144-Kobiet-3b4-300x169.jpg 300w, http:\/\/spp3.slawno.pl\/wp-content\/uploads\/2021\/03\/Dzie\u0144-Kobiet-3b4-768x432.jpg 768w, http:\/\/spp3.slawno.pl\/wp-content\/uploads\/2021\/03\/Dzie\u0144-Kobiet-3b4-678x381.jpg 678w\" sizes=\"(max-width: 807px) 100vw, 807px\" \/> <img loading=\"lazy\" decoding=\"async\" class=\"alignnone size-full wp-image-6305\" src=\"http:\/\/spp3.slawno.pl\/wp-content\/uploads\/2021\/03\/Dzie\u0144-Kobiet-3b5.jpg\" alt=\"Uczniowie pokazuj\u0105 prezenty z okazji Dnia Kobiet i M\u0119\u017cczyzn\" width=\"807\" height=\"454\" srcset=\"http:\/\/spp3.slawno.pl\/wp-content\/uploads\/2021\/03\/Dzie\u0144-Kobiet-3b5.jpg 807w, http:\/\/spp3.slawno.pl\/wp-content\/uploads\/2021\/03\/Dzie\u0144-Kobiet-3b5-300x169.jpg 300w, http:\/\/spp3.slawno.pl\/wp-content\/uploads\/2021\/03\/Dzie\u0144-Kobiet-3b5-768x432.jpg 768w, http:\/\/spp3.slawno.pl\/wp-content\/uploads\/2021\/03\/Dzie\u0144-Kobiet-3b5-678x381.jpg 678w\" sizes=\"(max-width: 807px) 100vw, 807px\" \/> <img loading=\"lazy\" decoding=\"async\" class=\"alignnone size-full wp-image-6306\" src=\"http:\/\/spp3.slawno.pl\/wp-content\/uploads\/2021\/03\/Dzie\u0144-Kobiet-3b6.jpg\" alt=\"Ucze\u0144 z p\u0119kiem kwiat\u00f3w z okazji Dnia Kobiet\" width=\"454\" height=\"807\" srcset=\"http:\/\/spp3.slawno.pl\/wp-content\/uploads\/2021\/03\/Dzie\u0144-Kobiet-3b6.jpg 454w, http:\/\/spp3.slawno.pl\/wp-content\/uploads\/2021\/03\/Dzie\u0144-Kobiet-3b6-169x300.jpg 169w\" sizes=\"(max-width: 454px) 100vw, 454px\" \/> <img loading=\"lazy\" decoding=\"async\" class=\"alignnone size-full wp-image-6307\" src=\"http:\/\/spp3.slawno.pl\/wp-content\/uploads\/2021\/03\/Dzie\u0144-Kobiet-3b7.jpg\" alt=\"Uczniowie pokazuj\u0105 prezenty z okazji Dnia Kobiet i M\u0119\u017cczyzn\" width=\"807\" height=\"454\" srcset=\"http:\/\/spp3.slawno.pl\/wp-content\/uploads\/2021\/03\/Dzie\u0144-Kobiet-3b7.jpg 807w, http:\/\/spp3.slawno.pl\/wp-content\/uploads\/2021\/03\/Dzie\u0144-Kobiet-3b7-300x169.jpg 300w, http:\/\/spp3.slawno.pl\/wp-content\/uploads\/2021\/03\/Dzie\u0144-Kobiet-3b7-768x432.jpg 768w, http:\/\/spp3.slawno.pl\/wp-content\/uploads\/2021\/03\/Dzie\u0144-Kobiet-3b7-678x381.jpg 678w\" sizes=\"(max-width: 807px) 100vw, 807px\" \/> <img loading=\"lazy\" decoding=\"async\" class=\"alignnone size-full wp-image-6308\" src=\"http:\/\/spp3.slawno.pl\/wp-content\/uploads\/2021\/03\/Dzie\u0144-Kobiet-3b8.jpg\" alt=\"Uczniowie pokazuj\u0105 prezenty z okazji Dnia Kobiet i M\u0119\u017cczyzn\" width=\"807\" height=\"454\" srcset=\"http:\/\/spp3.slawno.pl\/wp-content\/uploads\/2021\/03\/Dzie\u0144-Kobiet-3b8.jpg 807w, http:\/\/spp3.slawno.pl\/wp-content\/uploads\/2021\/03\/Dzie\u0144-Kobiet-3b8-300x169.jpg 300w, http:\/\/spp3.slawno.pl\/wp-content\/uploads\/2021\/03\/Dzie\u0144-Kobiet-3b8-768x432.jpg 768w, http:\/\/spp3.slawno.pl\/wp-content\/uploads\/2021\/03\/Dzie\u0144-Kobiet-3b8-678x381.jpg 678w\" sizes=\"(max-width: 807px) 100vw, 807px\" \/> <img loading=\"lazy\" decoding=\"async\" class=\"alignnone size-full wp-image-6309\" src=\"http:\/\/spp3.slawno.pl\/wp-content\/uploads\/2021\/03\/Dzie\u0144-Kobiet-3b9.jpg\" alt=\"Uczniowie pokazuj\u0105 prezenty z okazji Dnia Kobiet i M\u0119\u017cczyzn\" width=\"454\" height=\"807\" srcset=\"http:\/\/spp3.slawno.pl\/wp-content\/uploads\/2021\/03\/Dzie\u0144-Kobiet-3b9.jpg 454w, http:\/\/spp3.slawno.pl\/wp-content\/uploads\/2021\/03\/Dzie\u0144-Kobiet-3b9-169x300.jpg 169w\" sizes=\"(max-width: 454px) 100vw, 454px\" \/><\/p>\n","protected":false},"excerpt":{"rendered":"<div class=\"mh-excerpt\"><p>Dzie\u0144 Kobiet i M\u0119\u017cczyzn w klasie III b, to dzie\u0144 pe\u0142en wra\u017ce\u0144 i wspania\u0142ych niespodzianek. \u2698\ud83c\udf37\ud83c\udf39Mieli\u015bmy przyjemno\u015b\u0107 wys\u0142ucha\u0107 rewelacyjnego koncertu naszego kolegi Wiktora (specjalnie dla <a class=\"mh-excerpt-more\" href=\"http:\/\/spp3.slawno.pl\/?p=6299\" title=\"Dzie\u0144 Kobiet i M\u0119\u017cczyzn w klasie III b\">[&#8230;]<\/a><\/p>\n<\/div>","protected":false},"author":2,"featured_media":6303,"comment_status":"closed","ping_status":"open","sticky":false,"template":"","format":"standard","meta":{"footnotes":""},"categories":[32,8],"tags":[],"class_list":["post-6299","post","type-post","status-publish","format-standard","has-post-thumbnail","hentry","category-akcje","category-wydarzenia"],"_links":{"self":[{"href":"http:\/\/spp3.slawno.pl\/index.php?rest_route=\/wp\/v2\/posts\/6299"}],"collection":[{"href":"http:\/\/spp3.slawno.pl\/index.php?rest_route=\/wp\/v2\/posts"}],"about":[{"href":"http:\/\/spp3.slawno.pl\/index.php?rest_route=\/wp\/v2\/types\/post"}],"author":[{"embeddable":true,"href":"http:\/\/spp3.slawno.pl\/index.php?rest_route=\/wp\/v2\/users\/2"}],"replies":[{"embeddable":true,"href":"http:\/\/spp3.slawno.pl\/index.php?rest_route=%2Fwp%2Fv2%2Fcomments&post=6299"}],"version-history":[{"count":1,"href":"http:\/\/spp3.slawno.pl\/index.php?rest_route=\/wp\/v2\/posts\/6299\/revisions"}],"predecessor-version":[{"id":6310,"href":"http:\/\/spp3.slawno.pl\/index.php?rest_route=\/wp\/v2\/posts\/6299\/revisions\/6310"}],"wp:featuredmedia":[{"embeddable":true,"href":"http:\/\/spp3.slawno.pl\/index.php?rest_route=\/wp\/v2\/media\/6303"}],"wp:attachment":[{"href":"http:\/\/spp3.slawno.pl\/index.php?rest_route=%2Fwp%2Fv2%2Fmedia&parent=6299"}],"wp:term":[{"taxonomy":"category","embeddable":true,"href":"http:\/\/spp3.slawno.pl\/index.php?rest_route=%2Fwp%2Fv2%2Fcategories&post=6299"},{"taxonomy":"post_tag","embeddable":true,"href":"http:\/\/spp3.slawno.pl\/index.php?rest_route=%2Fwp%2Fv2%2Ftags&post=6299"}],"curies":[{"name":"wp","href":"https:\/\/api.w.org\/{rel}","templated":true}]}}