{"id":6367,"date":"2021-03-08T19:32:28","date_gmt":"2021-03-08T18:32:28","guid":{"rendered":"http:\/\/spp3.slawno.pl\/?p=6367"},"modified":"2021-05-30T17:50:21","modified_gmt":"2021-05-30T15:50:21","slug":"chlopcy-ze-swietlicy-pamietaja-o-dniu-kobiet","status":"publish","type":"post","link":"http:\/\/spp3.slawno.pl\/?p=6367","title":{"rendered":"Ch\u0142opcy ze \u015bwietlicy pami\u0119taj\u0105 o Dniu Kobiet"},"content":{"rendered":"<p>Ch\u0142opcy ze \u015bwietlicy te\u017c pami\u0119tali o wszystkich szkolnych kobietach<span class=\"pq6dq46d tbxw36s4 knj5qynh kvgmc6g5 ditlmg2l oygrvhab nvdbi5me sf5mxxl7 gl3lb2sf hhz5lgdu\"><img loading=\"lazy\" decoding=\"async\" src=\"https:\/\/static.xx.fbcdn.net\/images\/emoji.php\/v9\/t99\/1\/16\/1f33a.png\" alt=\"\ud83c\udf3a\" width=\"16\" height=\"16\" \/><\/span>Dzi\u0119kujemy <span class=\"pq6dq46d tbxw36s4 knj5qynh kvgmc6g5 ditlmg2l oygrvhab nvdbi5me sf5mxxl7 gl3lb2sf hhz5lgdu\"><img loading=\"lazy\" decoding=\"async\" src=\"https:\/\/static.xx.fbcdn.net\/images\/emoji.php\/v9\/tf0\/1\/16\/1f338.png\" alt=\"\ud83c\udf38\" width=\"16\" height=\"16\" \/><\/span><\/p>\n<p><img loading=\"lazy\" decoding=\"async\" class=\"alignnone size-full wp-image-6369\" src=\"http:\/\/spp3.slawno.pl\/wp-content\/uploads\/2021\/03\/\u015awietlica-Dzie\u0144-Kobiet1.jpg\" alt=\"Ucze\u0144 i wychowawczyni ze \u015bwietlicy rozdaj\u0105 Pani\u0105 upominki z okazji Dnia Kobiet\" width=\"720\" height=\"960\" srcset=\"http:\/\/spp3.slawno.pl\/wp-content\/uploads\/2021\/03\/\u015awietlica-Dzie\u0144-Kobiet1.jpg 720w, http:\/\/spp3.slawno.pl\/wp-content\/uploads\/2021\/03\/\u015awietlica-Dzie\u0144-Kobiet1-225x300.jpg 225w\" sizes=\"(max-width: 720px) 100vw, 720px\" \/> <img loading=\"lazy\" decoding=\"async\" class=\"alignnone size-full wp-image-6370\" src=\"http:\/\/spp3.slawno.pl\/wp-content\/uploads\/2021\/03\/\u015awietlica-Dzie\u0144-Kobiet2.jpg\" alt=\"Ucze\u0144 i wychowawczyni ze \u015bwietlicy rozdaj\u0105 Pani\u0105 upominki z okazji Dnia Kobiet\" width=\"720\" height=\"960\" srcset=\"http:\/\/spp3.slawno.pl\/wp-content\/uploads\/2021\/03\/\u015awietlica-Dzie\u0144-Kobiet2.jpg 720w, http:\/\/spp3.slawno.pl\/wp-content\/uploads\/2021\/03\/\u015awietlica-Dzie\u0144-Kobiet2-225x300.jpg 225w\" sizes=\"(max-width: 720px) 100vw, 720px\" \/> <img loading=\"lazy\" decoding=\"async\" class=\"alignnone size-full wp-image-6371\" src=\"http:\/\/spp3.slawno.pl\/wp-content\/uploads\/2021\/03\/\u015awietlica-Dzie\u0144-Kobiet3.jpg\" alt=\"Ucze\u0144 i wychowawczyni ze \u015bwietlicy rozdaj\u0105 Pani\u0105 upominki z okazji Dnia Kobiet\" width=\"720\" height=\"960\" srcset=\"http:\/\/spp3.slawno.pl\/wp-content\/uploads\/2021\/03\/\u015awietlica-Dzie\u0144-Kobiet3.jpg 720w, http:\/\/spp3.slawno.pl\/wp-content\/uploads\/2021\/03\/\u015awietlica-Dzie\u0144-Kobiet3-225x300.jpg 225w\" sizes=\"(max-width: 720px) 100vw, 720px\" \/> <img loading=\"lazy\" decoding=\"async\" class=\"alignnone size-full wp-image-6372\" src=\"http:\/\/spp3.slawno.pl\/wp-content\/uploads\/2021\/03\/\u015awietlica-Dzie\u0144-Kobiet4.jpg\" alt=\"Ucze\u0144 i wychowawczyni ze \u015bwietlicy rozdaj\u0105 Pani\u0105 upominki z okazji Dnia Kobiet\" width=\"720\" height=\"960\" srcset=\"http:\/\/spp3.slawno.pl\/wp-content\/uploads\/2021\/03\/\u015awietlica-Dzie\u0144-Kobiet4.jpg 720w, http:\/\/spp3.slawno.pl\/wp-content\/uploads\/2021\/03\/\u015awietlica-Dzie\u0144-Kobiet4-225x300.jpg 225w\" sizes=\"(max-width: 720px) 100vw, 720px\" \/> <img loading=\"lazy\" decoding=\"async\" class=\"alignnone size-full wp-image-6373\" src=\"http:\/\/spp3.slawno.pl\/wp-content\/uploads\/2021\/03\/\u015awietlica-Dzie\u0144-Kobiet5.jpg\" alt=\"Ucze\u0144 i wychowawczyni ze \u015bwietlicy rozdaj\u0105 Pani\u0105 upominki z okazji Dnia Kobiet\" width=\"720\" height=\"960\" srcset=\"http:\/\/spp3.slawno.pl\/wp-content\/uploads\/2021\/03\/\u015awietlica-Dzie\u0144-Kobiet5.jpg 720w, http:\/\/spp3.slawno.pl\/wp-content\/uploads\/2021\/03\/\u015awietlica-Dzie\u0144-Kobiet5-225x300.jpg 225w\" sizes=\"(max-width: 720px) 100vw, 720px\" \/> <img loading=\"lazy\" decoding=\"async\" class=\"alignnone size-full wp-image-6374\" src=\"http:\/\/spp3.slawno.pl\/wp-content\/uploads\/2021\/03\/\u015awietlica-Dzie\u0144-Kobiet6.jpg\" alt=\"Ucze\u0144 i wychowawczyni ze \u015bwietlicy rozdaj\u0105 Pani\u0105 upominki z okazji Dnia Kobiet\" width=\"720\" height=\"960\" srcset=\"http:\/\/spp3.slawno.pl\/wp-content\/uploads\/2021\/03\/\u015awietlica-Dzie\u0144-Kobiet6.jpg 720w, http:\/\/spp3.slawno.pl\/wp-content\/uploads\/2021\/03\/\u015awietlica-Dzie\u0144-Kobiet6-225x300.jpg 225w\" sizes=\"(max-width: 720px) 100vw, 720px\" \/> <img loading=\"lazy\" decoding=\"async\" class=\"alignnone size-full wp-image-6375\" src=\"http:\/\/spp3.slawno.pl\/wp-content\/uploads\/2021\/03\/\u015awietlica-Dzie\u0144-Kobiet7.jpg\" alt=\"Ucze\u0144 i wychowawczyni ze \u015bwietlicy rozdaj\u0105 Pani\u0105 upominki z okazji Dnia Kobiet\" width=\"720\" height=\"960\" srcset=\"http:\/\/spp3.slawno.pl\/wp-content\/uploads\/2021\/03\/\u015awietlica-Dzie\u0144-Kobiet7.jpg 720w, http:\/\/spp3.slawno.pl\/wp-content\/uploads\/2021\/03\/\u015awietlica-Dzie\u0144-Kobiet7-225x300.jpg 225w\" sizes=\"(max-width: 720px) 100vw, 720px\" \/> <img loading=\"lazy\" decoding=\"async\" class=\"alignnone size-full wp-image-6376\" src=\"http:\/\/spp3.slawno.pl\/wp-content\/uploads\/2021\/03\/\u015awietlica-Dzie\u0144-Kobiet8.jpg\" alt=\"Ucze\u0144 i wychowawczyni ze \u015bwietlicy rozdaj\u0105 Pani\u0105 upominki z okazji Dnia Kobiet\" width=\"720\" height=\"960\" srcset=\"http:\/\/spp3.slawno.pl\/wp-content\/uploads\/2021\/03\/\u015awietlica-Dzie\u0144-Kobiet8.jpg 720w, http:\/\/spp3.slawno.pl\/wp-content\/uploads\/2021\/03\/\u015awietlica-Dzie\u0144-Kobiet8-225x300.jpg 225w\" sizes=\"(max-width: 720px) 100vw, 720px\" \/> <img loading=\"lazy\" decoding=\"async\" class=\"alignnone size-full wp-image-6377\" src=\"http:\/\/spp3.slawno.pl\/wp-content\/uploads\/2021\/03\/\u015awietlica-Dzie\u0144-Kobiet9.jpg\" alt=\"Ucze\u0144 i wychowawczyni ze \u015bwietlicy rozdaj\u0105 Pani\u0105 upominki z okazji Dnia Kobiet\" width=\"720\" height=\"960\" srcset=\"http:\/\/spp3.slawno.pl\/wp-content\/uploads\/2021\/03\/\u015awietlica-Dzie\u0144-Kobiet9.jpg 720w, http:\/\/spp3.slawno.pl\/wp-content\/uploads\/2021\/03\/\u015awietlica-Dzie\u0144-Kobiet9-225x300.jpg 225w\" sizes=\"(max-width: 720px) 100vw, 720px\" \/> <img loading=\"lazy\" decoding=\"async\" class=\"alignnone size-full wp-image-6378\" src=\"http:\/\/spp3.slawno.pl\/wp-content\/uploads\/2021\/03\/\u015awietlica-Dzie\u0144-Kobiet10.jpg\" alt=\"Ucze\u0144 i wychowawczyni ze \u015bwietlicy rozdaj\u0105 Pani\u0105 upominki z okazji Dnia Kobiet\" width=\"720\" height=\"960\" srcset=\"http:\/\/spp3.slawno.pl\/wp-content\/uploads\/2021\/03\/\u015awietlica-Dzie\u0144-Kobiet10.jpg 720w, http:\/\/spp3.slawno.pl\/wp-content\/uploads\/2021\/03\/\u015awietlica-Dzie\u0144-Kobiet10-225x300.jpg 225w\" sizes=\"(max-width: 720px) 100vw, 720px\" \/> <img loading=\"lazy\" decoding=\"async\" class=\"alignnone size-full wp-image-6379\" src=\"http:\/\/spp3.slawno.pl\/wp-content\/uploads\/2021\/03\/\u015awietlica-Dzie\u0144-Kobiet11.jpg\" alt=\"Ucze\u0144 i wychowawczyni ze \u015bwietlicy rozdaj\u0105 Pani\u0105 upominki z okazji Dnia Kobiet\" width=\"720\" height=\"960\" srcset=\"http:\/\/spp3.slawno.pl\/wp-content\/uploads\/2021\/03\/\u015awietlica-Dzie\u0144-Kobiet11.jpg 720w, http:\/\/spp3.slawno.pl\/wp-content\/uploads\/2021\/03\/\u015awietlica-Dzie\u0144-Kobiet11-225x300.jpg 225w\" sizes=\"(max-width: 720px) 100vw, 720px\" \/> <img loading=\"lazy\" decoding=\"async\" class=\"alignnone size-full wp-image-6380\" src=\"http:\/\/spp3.slawno.pl\/wp-content\/uploads\/2021\/03\/\u015awietlica-Dzie\u0144-Kobiet12.jpg\" alt=\"Ucze\u0144 i wychowawczyni ze \u015bwietlicy rozdaj\u0105 Pani\u0105 upominki z okazji Dnia Kobiet\" width=\"720\" height=\"960\" srcset=\"http:\/\/spp3.slawno.pl\/wp-content\/uploads\/2021\/03\/\u015awietlica-Dzie\u0144-Kobiet12.jpg 720w, http:\/\/spp3.slawno.pl\/wp-content\/uploads\/2021\/03\/\u015awietlica-Dzie\u0144-Kobiet12-225x300.jpg 225w\" sizes=\"(max-width: 720px) 100vw, 720px\" \/> <img loading=\"lazy\" decoding=\"async\" class=\"alignnone size-full wp-image-6381\" src=\"http:\/\/spp3.slawno.pl\/wp-content\/uploads\/2021\/03\/\u015awietlica-Dzie\u0144-Kobiet13.jpg\" alt=\"Ucze\u0144 i wychowawczyni ze \u015bwietlicy rozdaj\u0105 Pani\u0105 upominki z okazji Dnia Kobiet\" width=\"720\" height=\"960\" srcset=\"http:\/\/spp3.slawno.pl\/wp-content\/uploads\/2021\/03\/\u015awietlica-Dzie\u0144-Kobiet13.jpg 720w, http:\/\/spp3.slawno.pl\/wp-content\/uploads\/2021\/03\/\u015awietlica-Dzie\u0144-Kobiet13-225x300.jpg 225w\" sizes=\"(max-width: 720px) 100vw, 720px\" \/> <img loading=\"lazy\" decoding=\"async\" class=\"alignnone size-full wp-image-6382\" src=\"http:\/\/spp3.slawno.pl\/wp-content\/uploads\/2021\/03\/\u015awietlica-Dzie\u0144-Kobiet14.jpg\" alt=\"Ucze\u0144 i wychowawczyni ze \u015bwietlicy rozdaj\u0105 Pani\u0105 upominki z okazji Dnia Kobiet\" width=\"720\" height=\"960\" srcset=\"http:\/\/spp3.slawno.pl\/wp-content\/uploads\/2021\/03\/\u015awietlica-Dzie\u0144-Kobiet14.jpg 720w, http:\/\/spp3.slawno.pl\/wp-content\/uploads\/2021\/03\/\u015awietlica-Dzie\u0144-Kobiet14-225x300.jpg 225w\" sizes=\"(max-width: 720px) 100vw, 720px\" \/><\/p>\n","protected":false},"excerpt":{"rendered":"<div class=\"mh-excerpt\"><p>Ch\u0142opcy ze \u015bwietlicy te\u017c pami\u0119tali o wszystkich szkolnych kobietachDzi\u0119kujemy<\/p>\n<\/div>","protected":false},"author":2,"featured_media":6368,"comment_status":"closed","ping_status":"open","sticky":false,"template":"","format":"standard","meta":{"footnotes":""},"categories":[32,8],"tags":[],"class_list":["post-6367","post","type-post","status-publish","format-standard","has-post-thumbnail","hentry","category-akcje","category-wydarzenia"],"_links":{"self":[{"href":"http:\/\/spp3.slawno.pl\/index.php?rest_route=\/wp\/v2\/posts\/6367"}],"collection":[{"href":"http:\/\/spp3.slawno.pl\/index.php?rest_route=\/wp\/v2\/posts"}],"about":[{"href":"http:\/\/spp3.slawno.pl\/index.php?rest_route=\/wp\/v2\/types\/post"}],"author":[{"embeddable":true,"href":"http:\/\/spp3.slawno.pl\/index.php?rest_route=\/wp\/v2\/users\/2"}],"replies":[{"embeddable":true,"href":"http:\/\/spp3.slawno.pl\/index.php?rest_route=%2Fwp%2Fv2%2Fcomments&post=6367"}],"version-history":[{"count":1,"href":"http:\/\/spp3.slawno.pl\/index.php?rest_route=\/wp\/v2\/posts\/6367\/revisions"}],"predecessor-version":[{"id":6383,"href":"http:\/\/spp3.slawno.pl\/index.php?rest_route=\/wp\/v2\/posts\/6367\/revisions\/6383"}],"wp:featuredmedia":[{"embeddable":true,"href":"http:\/\/spp3.slawno.pl\/index.php?rest_route=\/wp\/v2\/media\/6368"}],"wp:attachment":[{"href":"http:\/\/spp3.slawno.pl\/index.php?rest_route=%2Fwp%2Fv2%2Fmedia&parent=6367"}],"wp:term":[{"taxonomy":"category","embeddable":true,"href":"http:\/\/spp3.slawno.pl\/index.php?rest_route=%2Fwp%2Fv2%2Fcategories&post=6367"},{"taxonomy":"post_tag","embeddable":true,"href":"http:\/\/spp3.slawno.pl\/index.php?rest_route=%2Fwp%2Fv2%2Ftags&post=6367"}],"curies":[{"name":"wp","href":"https:\/\/api.w.org\/{rel}","templated":true}]}}