{"id":6459,"date":"2021-03-12T21:46:37","date_gmt":"2021-03-12T20:46:37","guid":{"rendered":"http:\/\/spp3.slawno.pl\/?p=6459"},"modified":"2021-05-30T17:49:22","modified_gmt":"2021-05-30T15:49:22","slug":"dzien-malych-mezczyzn-w-klasie-2-a","status":"publish","type":"post","link":"http:\/\/spp3.slawno.pl\/?p=6459","title":{"rendered":"Dzie\u0144 ma\u0142ych m\u0119\u017cczyzn w klasie 2 a."},"content":{"rendered":"<p>Ch\u0142opcy od razu zabrali si\u0119 do zabawy po kt\u00f3rej w naszej klasie mo\u017cna by\u0142o zaobserwowa\u0107 r\u00f3\u017cne owady. Pomys\u0142om nie by\u0142o ko\u0144ca&#8230;<\/p>\n<p><img loading=\"lazy\" decoding=\"async\" class=\"alignnone  wp-image-6460\" src=\"http:\/\/spp3.slawno.pl\/wp-content\/uploads\/2021\/03\/Dzie\u0144-Ch\u0142opca.jpg\" alt=\"Dzieci bawi\u0105ce si\u0119 zabawkami-owadami\" width=\"675\" height=\"506\" srcset=\"http:\/\/spp3.slawno.pl\/wp-content\/uploads\/2021\/03\/Dzie\u0144-Ch\u0142opca.jpg 960w, http:\/\/spp3.slawno.pl\/wp-content\/uploads\/2021\/03\/Dzie\u0144-Ch\u0142opca-300x225.jpg 300w, http:\/\/spp3.slawno.pl\/wp-content\/uploads\/2021\/03\/Dzie\u0144-Ch\u0142opca-768x576.jpg 768w, http:\/\/spp3.slawno.pl\/wp-content\/uploads\/2021\/03\/Dzie\u0144-Ch\u0142opca-678x509.jpg 678w, http:\/\/spp3.slawno.pl\/wp-content\/uploads\/2021\/03\/Dzie\u0144-Ch\u0142opca-326x245.jpg 326w, http:\/\/spp3.slawno.pl\/wp-content\/uploads\/2021\/03\/Dzie\u0144-Ch\u0142opca-80x60.jpg 80w\" sizes=\"(max-width: 675px) 100vw, 675px\" \/> <img loading=\"lazy\" decoding=\"async\" class=\"alignnone  wp-image-6461\" src=\"http:\/\/spp3.slawno.pl\/wp-content\/uploads\/2021\/03\/Dzie\u0144-Ch\u0142opca1.jpg\" alt=\"Dzieci bawi\u0105ce si\u0119 zabawkami-owadami\" width=\"675\" height=\"506\" srcset=\"http:\/\/spp3.slawno.pl\/wp-content\/uploads\/2021\/03\/Dzie\u0144-Ch\u0142opca1.jpg 960w, http:\/\/spp3.slawno.pl\/wp-content\/uploads\/2021\/03\/Dzie\u0144-Ch\u0142opca1-300x225.jpg 300w, http:\/\/spp3.slawno.pl\/wp-content\/uploads\/2021\/03\/Dzie\u0144-Ch\u0142opca1-768x576.jpg 768w, http:\/\/spp3.slawno.pl\/wp-content\/uploads\/2021\/03\/Dzie\u0144-Ch\u0142opca1-678x509.jpg 678w, http:\/\/spp3.slawno.pl\/wp-content\/uploads\/2021\/03\/Dzie\u0144-Ch\u0142opca1-326x245.jpg 326w, http:\/\/spp3.slawno.pl\/wp-content\/uploads\/2021\/03\/Dzie\u0144-Ch\u0142opca1-80x60.jpg 80w\" sizes=\"(max-width: 675px) 100vw, 675px\" \/> <img loading=\"lazy\" decoding=\"async\" class=\"alignnone  wp-image-6462\" src=\"http:\/\/spp3.slawno.pl\/wp-content\/uploads\/2021\/03\/Dzie\u0144-Ch\u0142opca2.jpg\" alt=\"Dzieci bawi\u0105ce si\u0119 zabawkami-owadami\" width=\"676\" height=\"507\" srcset=\"http:\/\/spp3.slawno.pl\/wp-content\/uploads\/2021\/03\/Dzie\u0144-Ch\u0142opca2.jpg 960w, http:\/\/spp3.slawno.pl\/wp-content\/uploads\/2021\/03\/Dzie\u0144-Ch\u0142opca2-300x225.jpg 300w, http:\/\/spp3.slawno.pl\/wp-content\/uploads\/2021\/03\/Dzie\u0144-Ch\u0142opca2-768x576.jpg 768w, http:\/\/spp3.slawno.pl\/wp-content\/uploads\/2021\/03\/Dzie\u0144-Ch\u0142opca2-678x509.jpg 678w, http:\/\/spp3.slawno.pl\/wp-content\/uploads\/2021\/03\/Dzie\u0144-Ch\u0142opca2-326x245.jpg 326w, http:\/\/spp3.slawno.pl\/wp-content\/uploads\/2021\/03\/Dzie\u0144-Ch\u0142opca2-80x60.jpg 80w\" sizes=\"(max-width: 676px) 100vw, 676px\" \/> <img loading=\"lazy\" decoding=\"async\" class=\"alignnone  wp-image-6463\" src=\"http:\/\/spp3.slawno.pl\/wp-content\/uploads\/2021\/03\/Dzie\u0144-Ch\u0142opca3.jpg\" alt=\"Dzieci bawi\u0105ce si\u0119 zabawkami-owadami\" width=\"671\" height=\"503\" srcset=\"http:\/\/spp3.slawno.pl\/wp-content\/uploads\/2021\/03\/Dzie\u0144-Ch\u0142opca3.jpg 960w, http:\/\/spp3.slawno.pl\/wp-content\/uploads\/2021\/03\/Dzie\u0144-Ch\u0142opca3-300x225.jpg 300w, http:\/\/spp3.slawno.pl\/wp-content\/uploads\/2021\/03\/Dzie\u0144-Ch\u0142opca3-768x576.jpg 768w, http:\/\/spp3.slawno.pl\/wp-content\/uploads\/2021\/03\/Dzie\u0144-Ch\u0142opca3-678x509.jpg 678w, http:\/\/spp3.slawno.pl\/wp-content\/uploads\/2021\/03\/Dzie\u0144-Ch\u0142opca3-326x245.jpg 326w, http:\/\/spp3.slawno.pl\/wp-content\/uploads\/2021\/03\/Dzie\u0144-Ch\u0142opca3-80x60.jpg 80w\" sizes=\"(max-width: 671px) 100vw, 671px\" \/> <img loading=\"lazy\" decoding=\"async\" class=\"alignnone  wp-image-6464\" src=\"http:\/\/spp3.slawno.pl\/wp-content\/uploads\/2021\/03\/Dzie\u0144-Ch\u0142opca4.jpg\" alt=\"Dzieci bawi\u0105ce si\u0119 zabawkami-owadami\" width=\"665\" height=\"499\" srcset=\"http:\/\/spp3.slawno.pl\/wp-content\/uploads\/2021\/03\/Dzie\u0144-Ch\u0142opca4.jpg 960w, http:\/\/spp3.slawno.pl\/wp-content\/uploads\/2021\/03\/Dzie\u0144-Ch\u0142opca4-300x225.jpg 300w, http:\/\/spp3.slawno.pl\/wp-content\/uploads\/2021\/03\/Dzie\u0144-Ch\u0142opca4-768x576.jpg 768w, http:\/\/spp3.slawno.pl\/wp-content\/uploads\/2021\/03\/Dzie\u0144-Ch\u0142opca4-678x509.jpg 678w, http:\/\/spp3.slawno.pl\/wp-content\/uploads\/2021\/03\/Dzie\u0144-Ch\u0142opca4-326x245.jpg 326w, http:\/\/spp3.slawno.pl\/wp-content\/uploads\/2021\/03\/Dzie\u0144-Ch\u0142opca4-80x60.jpg 80w\" sizes=\"(max-width: 665px) 100vw, 665px\" \/> <img loading=\"lazy\" decoding=\"async\" class=\"alignnone  wp-image-6465\" src=\"http:\/\/spp3.slawno.pl\/wp-content\/uploads\/2021\/03\/Dzie\u0144-Ch\u0142opca5.jpg\" alt=\"Dzieci bawi\u0105ce si\u0119 zabawkami-owadami\" width=\"667\" height=\"500\" srcset=\"http:\/\/spp3.slawno.pl\/wp-content\/uploads\/2021\/03\/Dzie\u0144-Ch\u0142opca5.jpg 960w, http:\/\/spp3.slawno.pl\/wp-content\/uploads\/2021\/03\/Dzie\u0144-Ch\u0142opca5-300x225.jpg 300w, http:\/\/spp3.slawno.pl\/wp-content\/uploads\/2021\/03\/Dzie\u0144-Ch\u0142opca5-768x576.jpg 768w, http:\/\/spp3.slawno.pl\/wp-content\/uploads\/2021\/03\/Dzie\u0144-Ch\u0142opca5-678x509.jpg 678w, http:\/\/spp3.slawno.pl\/wp-content\/uploads\/2021\/03\/Dzie\u0144-Ch\u0142opca5-326x245.jpg 326w, http:\/\/spp3.slawno.pl\/wp-content\/uploads\/2021\/03\/Dzie\u0144-Ch\u0142opca5-80x60.jpg 80w\" sizes=\"(max-width: 667px) 100vw, 667px\" \/> <img loading=\"lazy\" decoding=\"async\" class=\"alignnone  wp-image-6466\" src=\"http:\/\/spp3.slawno.pl\/wp-content\/uploads\/2021\/03\/Dzie\u0144-Ch\u0142opca6.jpg\" alt=\"Dzieci bawi\u0105ce si\u0119 zabawkami-owadami\" width=\"673\" height=\"505\" srcset=\"http:\/\/spp3.slawno.pl\/wp-content\/uploads\/2021\/03\/Dzie\u0144-Ch\u0142opca6.jpg 960w, http:\/\/spp3.slawno.pl\/wp-content\/uploads\/2021\/03\/Dzie\u0144-Ch\u0142opca6-300x225.jpg 300w, http:\/\/spp3.slawno.pl\/wp-content\/uploads\/2021\/03\/Dzie\u0144-Ch\u0142opca6-768x576.jpg 768w, http:\/\/spp3.slawno.pl\/wp-content\/uploads\/2021\/03\/Dzie\u0144-Ch\u0142opca6-678x509.jpg 678w, http:\/\/spp3.slawno.pl\/wp-content\/uploads\/2021\/03\/Dzie\u0144-Ch\u0142opca6-326x245.jpg 326w, http:\/\/spp3.slawno.pl\/wp-content\/uploads\/2021\/03\/Dzie\u0144-Ch\u0142opca6-80x60.jpg 80w\" sizes=\"(max-width: 673px) 100vw, 673px\" \/> <img loading=\"lazy\" decoding=\"async\" class=\"alignnone  wp-image-6467\" src=\"http:\/\/spp3.slawno.pl\/wp-content\/uploads\/2021\/03\/Dzie\u0144-Ch\u0142opca7.jpg\" alt=\"Dzieci bawi\u0105ce si\u0119 zabawkami-owadami\" width=\"497\" height=\"663\" srcset=\"http:\/\/spp3.slawno.pl\/wp-content\/uploads\/2021\/03\/Dzie\u0144-Ch\u0142opca7.jpg 720w, http:\/\/spp3.slawno.pl\/wp-content\/uploads\/2021\/03\/Dzie\u0144-Ch\u0142opca7-225x300.jpg 225w\" sizes=\"(max-width: 497px) 100vw, 497px\" \/><\/p>\n","protected":false},"excerpt":{"rendered":"<div class=\"mh-excerpt\"><p>Ch\u0142opcy od razu zabrali si\u0119 do zabawy po kt\u00f3rej w naszej klasie mo\u017cna by\u0142o zaobserwowa\u0107 r\u00f3\u017cne owady. Pomys\u0142om nie by\u0142o ko\u0144ca&#8230;<\/p>\n<\/div>","protected":false},"author":2,"featured_media":6467,"comment_status":"closed","ping_status":"open","sticky":false,"template":"","format":"standard","meta":{"footnotes":""},"categories":[32,8],"tags":[],"class_list":["post-6459","post","type-post","status-publish","format-standard","has-post-thumbnail","hentry","category-akcje","category-wydarzenia"],"_links":{"self":[{"href":"http:\/\/spp3.slawno.pl\/index.php?rest_route=\/wp\/v2\/posts\/6459"}],"collection":[{"href":"http:\/\/spp3.slawno.pl\/index.php?rest_route=\/wp\/v2\/posts"}],"about":[{"href":"http:\/\/spp3.slawno.pl\/index.php?rest_route=\/wp\/v2\/types\/post"}],"author":[{"embeddable":true,"href":"http:\/\/spp3.slawno.pl\/index.php?rest_route=\/wp\/v2\/users\/2"}],"replies":[{"embeddable":true,"href":"http:\/\/spp3.slawno.pl\/index.php?rest_route=%2Fwp%2Fv2%2Fcomments&post=6459"}],"version-history":[{"count":1,"href":"http:\/\/spp3.slawno.pl\/index.php?rest_route=\/wp\/v2\/posts\/6459\/revisions"}],"predecessor-version":[{"id":6468,"href":"http:\/\/spp3.slawno.pl\/index.php?rest_route=\/wp\/v2\/posts\/6459\/revisions\/6468"}],"wp:featuredmedia":[{"embeddable":true,"href":"http:\/\/spp3.slawno.pl\/index.php?rest_route=\/wp\/v2\/media\/6467"}],"wp:attachment":[{"href":"http:\/\/spp3.slawno.pl\/index.php?rest_route=%2Fwp%2Fv2%2Fmedia&parent=6459"}],"wp:term":[{"taxonomy":"category","embeddable":true,"href":"http:\/\/spp3.slawno.pl\/index.php?rest_route=%2Fwp%2Fv2%2Fcategories&post=6459"},{"taxonomy":"post_tag","embeddable":true,"href":"http:\/\/spp3.slawno.pl\/index.php?rest_route=%2Fwp%2Fv2%2Ftags&post=6459"}],"curies":[{"name":"wp","href":"https:\/\/api.w.org\/{rel}","templated":true}]}}