{"id":6493,"date":"2021-03-15T21:35:42","date_gmt":"2021-03-15T20:35:42","guid":{"rendered":"http:\/\/spp3.slawno.pl\/?p=6493"},"modified":"2021-05-30T17:59:35","modified_gmt":"2021-05-30T15:59:35","slug":"dzien-motyla","status":"publish","type":"post","link":"http:\/\/spp3.slawno.pl\/?p=6493","title":{"rendered":"Dzie\u0144 Motyla w 3a"},"content":{"rendered":"<p>Uczniowie klasy III a uczcili \u015awiatowy Dzie\u0144 Motyla, rozwi\u0105zuj\u0105c r\u00f3\u017cnorodne \u0142amig\u0142\u00f3wki i poznaj\u0105c ciekawostki z \u017cycia tych pi\u0119knych owad\u00f3w. Wykonali tak\u017ce KR\u00d3LEWSKIE MOTYLE, kt\u00f3re ozdobi\u0142y nasz\u0105 sal\u0119 i korytarz szkolny. <span class=\"pq6dq46d tbxw36s4 knj5qynh kvgmc6g5 ditlmg2l oygrvhab nvdbi5me sf5mxxl7 gl3lb2sf hhz5lgdu\"><img loading=\"lazy\" decoding=\"async\" src=\"https:\/\/static.xx.fbcdn.net\/images\/emoji.php\/v9\/tbb\/1\/16\/1f98b.png\" alt=\"\ud83e\udd8b\" width=\"16\" height=\"16\" \/><\/span><span class=\"pq6dq46d tbxw36s4 knj5qynh kvgmc6g5 ditlmg2l oygrvhab nvdbi5me sf5mxxl7 gl3lb2sf hhz5lgdu\"><img loading=\"lazy\" decoding=\"async\" src=\"https:\/\/static.xx.fbcdn.net\/images\/emoji.php\/v9\/tbb\/1\/16\/1f98b.png\" alt=\"\ud83e\udd8b\" width=\"16\" height=\"16\" \/><\/span><span class=\"pq6dq46d tbxw36s4 knj5qynh kvgmc6g5 ditlmg2l oygrvhab nvdbi5me sf5mxxl7 gl3lb2sf hhz5lgdu\"><img loading=\"lazy\" decoding=\"async\" src=\"https:\/\/static.xx.fbcdn.net\/images\/emoji.php\/v9\/tbb\/1\/16\/1f98b.png\" alt=\"\ud83e\udd8b\" width=\"16\" height=\"16\" \/><\/span><\/p>\n<p><img loading=\"lazy\" decoding=\"async\" class=\"alignnone size-full wp-image-6494\" src=\"http:\/\/spp3.slawno.pl\/wp-content\/uploads\/2021\/03\/Dzie\u0144-Motyla.jpg\" alt=\"Uczniowie z ich pracami-motylami\" width=\"960\" height=\"598\" srcset=\"http:\/\/spp3.slawno.pl\/wp-content\/uploads\/2021\/03\/Dzie\u0144-Motyla.jpg 960w, http:\/\/spp3.slawno.pl\/wp-content\/uploads\/2021\/03\/Dzie\u0144-Motyla-300x187.jpg 300w, http:\/\/spp3.slawno.pl\/wp-content\/uploads\/2021\/03\/Dzie\u0144-Motyla-768x478.jpg 768w\" sizes=\"(max-width: 960px) 100vw, 960px\" \/> <img loading=\"lazy\" decoding=\"async\" class=\"alignnone size-full wp-image-6495\" src=\"http:\/\/spp3.slawno.pl\/wp-content\/uploads\/2021\/03\/Dzie\u0144-Motyla0.jpg\" alt=\"Uczniowie z ich pracami-motylami\" width=\"960\" height=\"470\" srcset=\"http:\/\/spp3.slawno.pl\/wp-content\/uploads\/2021\/03\/Dzie\u0144-Motyla0.jpg 960w, http:\/\/spp3.slawno.pl\/wp-content\/uploads\/2021\/03\/Dzie\u0144-Motyla0-300x147.jpg 300w, http:\/\/spp3.slawno.pl\/wp-content\/uploads\/2021\/03\/Dzie\u0144-Motyla0-768x376.jpg 768w\" sizes=\"(max-width: 960px) 100vw, 960px\" \/> <img loading=\"lazy\" decoding=\"async\" class=\"alignnone size-full wp-image-6496\" src=\"http:\/\/spp3.slawno.pl\/wp-content\/uploads\/2021\/03\/Dzie\u0144-Motyla1.jpg\" alt=\"Uczniowie z ich pracami-motylami\" width=\"960\" height=\"634\" srcset=\"http:\/\/spp3.slawno.pl\/wp-content\/uploads\/2021\/03\/Dzie\u0144-Motyla1.jpg 960w, http:\/\/spp3.slawno.pl\/wp-content\/uploads\/2021\/03\/Dzie\u0144-Motyla1-300x198.jpg 300w, http:\/\/spp3.slawno.pl\/wp-content\/uploads\/2021\/03\/Dzie\u0144-Motyla1-768x507.jpg 768w\" sizes=\"(max-width: 960px) 100vw, 960px\" \/> <img loading=\"lazy\" decoding=\"async\" class=\"alignnone size-full wp-image-6497\" src=\"http:\/\/spp3.slawno.pl\/wp-content\/uploads\/2021\/03\/Dzie\u0144-Motyla2.jpg\" alt=\"Uczniowie z ich pracami-motylami\" width=\"960\" height=\"448\" srcset=\"http:\/\/spp3.slawno.pl\/wp-content\/uploads\/2021\/03\/Dzie\u0144-Motyla2.jpg 960w, http:\/\/spp3.slawno.pl\/wp-content\/uploads\/2021\/03\/Dzie\u0144-Motyla2-300x140.jpg 300w, http:\/\/spp3.slawno.pl\/wp-content\/uploads\/2021\/03\/Dzie\u0144-Motyla2-768x358.jpg 768w\" sizes=\"(max-width: 960px) 100vw, 960px\" \/> <img loading=\"lazy\" decoding=\"async\" class=\"alignnone size-full wp-image-6498\" src=\"http:\/\/spp3.slawno.pl\/wp-content\/uploads\/2021\/03\/Dzie\u0144-Motyla3.jpg\" alt=\"Uczniowie z ich pracami-motylami\" width=\"960\" height=\"590\" srcset=\"http:\/\/spp3.slawno.pl\/wp-content\/uploads\/2021\/03\/Dzie\u0144-Motyla3.jpg 960w, http:\/\/spp3.slawno.pl\/wp-content\/uploads\/2021\/03\/Dzie\u0144-Motyla3-300x184.jpg 300w, http:\/\/spp3.slawno.pl\/wp-content\/uploads\/2021\/03\/Dzie\u0144-Motyla3-768x472.jpg 768w\" sizes=\"(max-width: 960px) 100vw, 960px\" \/> <img loading=\"lazy\" decoding=\"async\" class=\"alignnone size-full wp-image-6499\" src=\"http:\/\/spp3.slawno.pl\/wp-content\/uploads\/2021\/03\/Dzie\u0144-Motyla4.jpg\" alt=\"Uczniowie z ich pracami-motylami\" width=\"960\" height=\"624\" srcset=\"http:\/\/spp3.slawno.pl\/wp-content\/uploads\/2021\/03\/Dzie\u0144-Motyla4.jpg 960w, http:\/\/spp3.slawno.pl\/wp-content\/uploads\/2021\/03\/Dzie\u0144-Motyla4-300x195.jpg 300w, http:\/\/spp3.slawno.pl\/wp-content\/uploads\/2021\/03\/Dzie\u0144-Motyla4-768x499.jpg 768w\" sizes=\"(max-width: 960px) 100vw, 960px\" \/> <img loading=\"lazy\" decoding=\"async\" class=\"alignnone size-full wp-image-6500\" src=\"http:\/\/spp3.slawno.pl\/wp-content\/uploads\/2021\/03\/Dzie\u0144-Motyla5.jpg\" alt=\"Uczniowie z ich pracami-motylami\" width=\"960\" height=\"578\" srcset=\"http:\/\/spp3.slawno.pl\/wp-content\/uploads\/2021\/03\/Dzie\u0144-Motyla5.jpg 960w, http:\/\/spp3.slawno.pl\/wp-content\/uploads\/2021\/03\/Dzie\u0144-Motyla5-300x181.jpg 300w, http:\/\/spp3.slawno.pl\/wp-content\/uploads\/2021\/03\/Dzie\u0144-Motyla5-768x462.jpg 768w\" sizes=\"(max-width: 960px) 100vw, 960px\" \/> <img loading=\"lazy\" decoding=\"async\" class=\"alignnone size-large wp-image-6501\" src=\"http:\/\/spp3.slawno.pl\/wp-content\/uploads\/2021\/03\/Dzie\u0144-Motyla6-1024x462.jpg\" alt=\"Uczniowie z ich pracami-motylami\" width=\"1024\" height=\"462\" srcset=\"http:\/\/spp3.slawno.pl\/wp-content\/uploads\/2021\/03\/Dzie\u0144-Motyla6-1024x462.jpg 1024w, http:\/\/spp3.slawno.pl\/wp-content\/uploads\/2021\/03\/Dzie\u0144-Motyla6-300x135.jpg 300w, http:\/\/spp3.slawno.pl\/wp-content\/uploads\/2021\/03\/Dzie\u0144-Motyla6-768x347.jpg 768w, http:\/\/spp3.slawno.pl\/wp-content\/uploads\/2021\/03\/Dzie\u0144-Motyla6.jpg 1418w\" sizes=\"(max-width: 1024px) 100vw, 1024px\" \/> <img loading=\"lazy\" decoding=\"async\" class=\"alignnone size-full wp-image-6502\" src=\"http:\/\/spp3.slawno.pl\/wp-content\/uploads\/2021\/03\/Dzie\u0144-Motyla7.jpg\" alt=\"Uczniowie z ich pracami-motylami\" width=\"960\" height=\"536\" srcset=\"http:\/\/spp3.slawno.pl\/wp-content\/uploads\/2021\/03\/Dzie\u0144-Motyla7.jpg 960w, http:\/\/spp3.slawno.pl\/wp-content\/uploads\/2021\/03\/Dzie\u0144-Motyla7-300x168.jpg 300w, http:\/\/spp3.slawno.pl\/wp-content\/uploads\/2021\/03\/Dzie\u0144-Motyla7-768x429.jpg 768w\" sizes=\"(max-width: 960px) 100vw, 960px\" \/> <img loading=\"lazy\" decoding=\"async\" class=\"alignnone size-full wp-image-6503\" src=\"http:\/\/spp3.slawno.pl\/wp-content\/uploads\/2021\/03\/Dzie\u0144-Motyla8.jpg\" alt=\"Uczniowie z ich pracami-motylami\" width=\"960\" height=\"528\" srcset=\"http:\/\/spp3.slawno.pl\/wp-content\/uploads\/2021\/03\/Dzie\u0144-Motyla8.jpg 960w, http:\/\/spp3.slawno.pl\/wp-content\/uploads\/2021\/03\/Dzie\u0144-Motyla8-300x165.jpg 300w, http:\/\/spp3.slawno.pl\/wp-content\/uploads\/2021\/03\/Dzie\u0144-Motyla8-768x422.jpg 768w\" sizes=\"(max-width: 960px) 100vw, 960px\" \/><\/p>\n<p>Wi\u0119cej zdj\u0119\u0107 na <a href=\"https:\/\/www.facebook.com\/Szko%C5%82a-Podstawowa-nr-3-w-S%C5%82awnie-1735795480042431\/\">fb SP3<\/a><\/p>\n<p>&nbsp;<\/p>\n","protected":false},"excerpt":{"rendered":"<div class=\"mh-excerpt\"><p>Uczniowie klasy III a uczcili \u015awiatowy Dzie\u0144 Motyla, rozwi\u0105zuj\u0105c r\u00f3\u017cnorodne \u0142amig\u0142\u00f3wki i poznaj\u0105c ciekawostki z \u017cycia tych pi\u0119knych owad\u00f3w. Wykonali tak\u017ce KR\u00d3LEWSKIE MOTYLE, kt\u00f3re ozdobi\u0142y <a class=\"mh-excerpt-more\" href=\"http:\/\/spp3.slawno.pl\/?p=6493\" title=\"Dzie\u0144 Motyla w 3a\">[&#8230;]<\/a><\/p>\n<\/div>","protected":false},"author":2,"featured_media":6495,"comment_status":"closed","ping_status":"open","sticky":false,"template":"","format":"standard","meta":{"footnotes":""},"categories":[32,22,8],"tags":[],"class_list":["post-6493","post","type-post","status-publish","format-standard","has-post-thumbnail","hentry","category-akcje","category-lekcje-w-naszej-szkole-nie-sa-nudne","category-wydarzenia"],"_links":{"self":[{"href":"http:\/\/spp3.slawno.pl\/index.php?rest_route=\/wp\/v2\/posts\/6493"}],"collection":[{"href":"http:\/\/spp3.slawno.pl\/index.php?rest_route=\/wp\/v2\/posts"}],"about":[{"href":"http:\/\/spp3.slawno.pl\/index.php?rest_route=\/wp\/v2\/types\/post"}],"author":[{"embeddable":true,"href":"http:\/\/spp3.slawno.pl\/index.php?rest_route=\/wp\/v2\/users\/2"}],"replies":[{"embeddable":true,"href":"http:\/\/spp3.slawno.pl\/index.php?rest_route=%2Fwp%2Fv2%2Fcomments&post=6493"}],"version-history":[{"count":2,"href":"http:\/\/spp3.slawno.pl\/index.php?rest_route=\/wp\/v2\/posts\/6493\/revisions"}],"predecessor-version":[{"id":6515,"href":"http:\/\/spp3.slawno.pl\/index.php?rest_route=\/wp\/v2\/posts\/6493\/revisions\/6515"}],"wp:featuredmedia":[{"embeddable":true,"href":"http:\/\/spp3.slawno.pl\/index.php?rest_route=\/wp\/v2\/media\/6495"}],"wp:attachment":[{"href":"http:\/\/spp3.slawno.pl\/index.php?rest_route=%2Fwp%2Fv2%2Fmedia&parent=6493"}],"wp:term":[{"taxonomy":"category","embeddable":true,"href":"http:\/\/spp3.slawno.pl\/index.php?rest_route=%2Fwp%2Fv2%2Fcategories&post=6493"},{"taxonomy":"post_tag","embeddable":true,"href":"http:\/\/spp3.slawno.pl\/index.php?rest_route=%2Fwp%2Fv2%2Ftags&post=6493"}],"curies":[{"name":"wp","href":"https:\/\/api.w.org\/{rel}","templated":true}]}}