{"id":6513,"date":"2021-03-15T21:37:30","date_gmt":"2021-03-15T20:37:30","guid":{"rendered":"http:\/\/spp3.slawno.pl\/?p=6513"},"modified":"2021-05-30T17:59:27","modified_gmt":"2021-05-30T15:59:27","slug":"dzien-motyla-u-pierwszakow","status":"publish","type":"post","link":"http:\/\/spp3.slawno.pl\/?p=6513","title":{"rendered":"Dzie\u0144 Motyla u pierwszak\u00f3w"},"content":{"rendered":"<p>Dzisiaj nasze pierwszaki to pi\u0119kne motyle&#8230;<img loading=\"lazy\" decoding=\"async\" class=\"alignnone size-full wp-image-6511\" src=\"http:\/\/spp3.slawno.pl\/wp-content\/uploads\/2021\/03\/Dzie\u0144-Motyla16.jpg\" alt=\"Uczniowie z ich pracami-motylami\" width=\"960\" height=\"540\" srcset=\"http:\/\/spp3.slawno.pl\/wp-content\/uploads\/2021\/03\/Dzie\u0144-Motyla16.jpg 960w, http:\/\/spp3.slawno.pl\/wp-content\/uploads\/2021\/03\/Dzie\u0144-Motyla16-300x169.jpg 300w, http:\/\/spp3.slawno.pl\/wp-content\/uploads\/2021\/03\/Dzie\u0144-Motyla16-768x432.jpg 768w, http:\/\/spp3.slawno.pl\/wp-content\/uploads\/2021\/03\/Dzie\u0144-Motyla16-678x381.jpg 678w\" sizes=\"(max-width: 960px) 100vw, 960px\" \/> <img loading=\"lazy\" decoding=\"async\" class=\"alignnone size-full wp-image-6510\" src=\"http:\/\/spp3.slawno.pl\/wp-content\/uploads\/2021\/03\/Dzie\u0144-Motyla15.jpg\" alt=\"Uczniowie z ich pracami-motylami\" width=\"960\" height=\"540\" srcset=\"http:\/\/spp3.slawno.pl\/wp-content\/uploads\/2021\/03\/Dzie\u0144-Motyla15.jpg 960w, http:\/\/spp3.slawno.pl\/wp-content\/uploads\/2021\/03\/Dzie\u0144-Motyla15-300x169.jpg 300w, http:\/\/spp3.slawno.pl\/wp-content\/uploads\/2021\/03\/Dzie\u0144-Motyla15-768x432.jpg 768w, http:\/\/spp3.slawno.pl\/wp-content\/uploads\/2021\/03\/Dzie\u0144-Motyla15-678x381.jpg 678w\" sizes=\"(max-width: 960px) 100vw, 960px\" \/> <img loading=\"lazy\" decoding=\"async\" class=\"alignnone size-full wp-image-6509\" src=\"http:\/\/spp3.slawno.pl\/wp-content\/uploads\/2021\/03\/Dzie\u0144-Motyla14.jpg\" alt=\"Uczniowie z ich pracami-motylami\" width=\"960\" height=\"540\" srcset=\"http:\/\/spp3.slawno.pl\/wp-content\/uploads\/2021\/03\/Dzie\u0144-Motyla14.jpg 960w, http:\/\/spp3.slawno.pl\/wp-content\/uploads\/2021\/03\/Dzie\u0144-Motyla14-300x169.jpg 300w, http:\/\/spp3.slawno.pl\/wp-content\/uploads\/2021\/03\/Dzie\u0144-Motyla14-768x432.jpg 768w, http:\/\/spp3.slawno.pl\/wp-content\/uploads\/2021\/03\/Dzie\u0144-Motyla14-678x381.jpg 678w\" sizes=\"(max-width: 960px) 100vw, 960px\" \/> <img loading=\"lazy\" decoding=\"async\" class=\"alignnone size-full wp-image-6508\" src=\"http:\/\/spp3.slawno.pl\/wp-content\/uploads\/2021\/03\/Dzie\u0144-Motyla13.jpg\" alt=\"Uczniowie z ich pracami-motylami\" width=\"960\" height=\"540\" srcset=\"http:\/\/spp3.slawno.pl\/wp-content\/uploads\/2021\/03\/Dzie\u0144-Motyla13.jpg 960w, http:\/\/spp3.slawno.pl\/wp-content\/uploads\/2021\/03\/Dzie\u0144-Motyla13-300x169.jpg 300w, http:\/\/spp3.slawno.pl\/wp-content\/uploads\/2021\/03\/Dzie\u0144-Motyla13-768x432.jpg 768w, http:\/\/spp3.slawno.pl\/wp-content\/uploads\/2021\/03\/Dzie\u0144-Motyla13-678x381.jpg 678w\" sizes=\"(max-width: 960px) 100vw, 960px\" \/> <img loading=\"lazy\" decoding=\"async\" class=\"alignnone size-full wp-image-6507\" src=\"http:\/\/spp3.slawno.pl\/wp-content\/uploads\/2021\/03\/Dzie\u0144-Motyla12.jpg\" alt=\"Uczniowie z ich pracami-motylami\" width=\"960\" height=\"540\" srcset=\"http:\/\/spp3.slawno.pl\/wp-content\/uploads\/2021\/03\/Dzie\u0144-Motyla12.jpg 960w, http:\/\/spp3.slawno.pl\/wp-content\/uploads\/2021\/03\/Dzie\u0144-Motyla12-300x169.jpg 300w, http:\/\/spp3.slawno.pl\/wp-content\/uploads\/2021\/03\/Dzie\u0144-Motyla12-768x432.jpg 768w, http:\/\/spp3.slawno.pl\/wp-content\/uploads\/2021\/03\/Dzie\u0144-Motyla12-678x381.jpg 678w\" sizes=\"(max-width: 960px) 100vw, 960px\" \/> <img loading=\"lazy\" decoding=\"async\" class=\"alignnone size-full wp-image-6506\" src=\"http:\/\/spp3.slawno.pl\/wp-content\/uploads\/2021\/03\/Dzie\u0144-Motyla11.jpg\" alt=\"Uczniowie z ich pracami-motylami\" width=\"960\" height=\"540\" srcset=\"http:\/\/spp3.slawno.pl\/wp-content\/uploads\/2021\/03\/Dzie\u0144-Motyla11.jpg 960w, http:\/\/spp3.slawno.pl\/wp-content\/uploads\/2021\/03\/Dzie\u0144-Motyla11-300x169.jpg 300w, http:\/\/spp3.slawno.pl\/wp-content\/uploads\/2021\/03\/Dzie\u0144-Motyla11-768x432.jpg 768w, http:\/\/spp3.slawno.pl\/wp-content\/uploads\/2021\/03\/Dzie\u0144-Motyla11-678x381.jpg 678w\" sizes=\"(max-width: 960px) 100vw, 960px\" \/> <img loading=\"lazy\" decoding=\"async\" class=\"alignnone size-full wp-image-6505\" src=\"http:\/\/spp3.slawno.pl\/wp-content\/uploads\/2021\/03\/Dzie\u0144-Motyla10.jpg\" alt=\"Uczniowie z ich pracami-motylami\" width=\"960\" height=\"540\" srcset=\"http:\/\/spp3.slawno.pl\/wp-content\/uploads\/2021\/03\/Dzie\u0144-Motyla10.jpg 960w, http:\/\/spp3.slawno.pl\/wp-content\/uploads\/2021\/03\/Dzie\u0144-Motyla10-300x169.jpg 300w, http:\/\/spp3.slawno.pl\/wp-content\/uploads\/2021\/03\/Dzie\u0144-Motyla10-768x432.jpg 768w, http:\/\/spp3.slawno.pl\/wp-content\/uploads\/2021\/03\/Dzie\u0144-Motyla10-678x381.jpg 678w\" sizes=\"(max-width: 960px) 100vw, 960px\" \/> <img loading=\"lazy\" decoding=\"async\" class=\"alignnone size-full wp-image-6504\" src=\"http:\/\/spp3.slawno.pl\/wp-content\/uploads\/2021\/03\/Dzie\u0144-Motyla9.jpg\" alt=\"Uczniowie z ich pracami-motylami\" width=\"960\" height=\"540\" srcset=\"http:\/\/spp3.slawno.pl\/wp-content\/uploads\/2021\/03\/Dzie\u0144-Motyla9.jpg 960w, http:\/\/spp3.slawno.pl\/wp-content\/uploads\/2021\/03\/Dzie\u0144-Motyla9-300x169.jpg 300w, http:\/\/spp3.slawno.pl\/wp-content\/uploads\/2021\/03\/Dzie\u0144-Motyla9-768x432.jpg 768w, http:\/\/spp3.slawno.pl\/wp-content\/uploads\/2021\/03\/Dzie\u0144-Motyla9-678x381.jpg 678w\" sizes=\"(max-width: 960px) 100vw, 960px\" \/><\/p>\n<p>Wi\u0119cej zdj\u0119\u0107 na <a href=\"https:\/\/www.facebook.com\/Szko%C5%82a-Podstawowa-nr-3-w-S%C5%82awnie-1735795480042431\/\">fb SP3<\/a><\/p>\n","protected":false},"excerpt":{"rendered":"<div class=\"mh-excerpt\"><p>Dzisiaj nasze pierwszaki to pi\u0119kne motyle&#8230; Wi\u0119cej zdj\u0119\u0107 na fb SP3<\/p>\n<\/div>","protected":false},"author":2,"featured_media":6511,"comment_status":"closed","ping_status":"open","sticky":false,"template":"","format":"standard","meta":{"footnotes":""},"categories":[32,22,8],"tags":[],"class_list":["post-6513","post","type-post","status-publish","format-standard","has-post-thumbnail","hentry","category-akcje","category-lekcje-w-naszej-szkole-nie-sa-nudne","category-wydarzenia"],"_links":{"self":[{"href":"http:\/\/spp3.slawno.pl\/index.php?rest_route=\/wp\/v2\/posts\/6513"}],"collection":[{"href":"http:\/\/spp3.slawno.pl\/index.php?rest_route=\/wp\/v2\/posts"}],"about":[{"href":"http:\/\/spp3.slawno.pl\/index.php?rest_route=\/wp\/v2\/types\/post"}],"author":[{"embeddable":true,"href":"http:\/\/spp3.slawno.pl\/index.php?rest_route=\/wp\/v2\/users\/2"}],"replies":[{"embeddable":true,"href":"http:\/\/spp3.slawno.pl\/index.php?rest_route=%2Fwp%2Fv2%2Fcomments&post=6513"}],"version-history":[{"count":1,"href":"http:\/\/spp3.slawno.pl\/index.php?rest_route=\/wp\/v2\/posts\/6513\/revisions"}],"predecessor-version":[{"id":6514,"href":"http:\/\/spp3.slawno.pl\/index.php?rest_route=\/wp\/v2\/posts\/6513\/revisions\/6514"}],"wp:featuredmedia":[{"embeddable":true,"href":"http:\/\/spp3.slawno.pl\/index.php?rest_route=\/wp\/v2\/media\/6511"}],"wp:attachment":[{"href":"http:\/\/spp3.slawno.pl\/index.php?rest_route=%2Fwp%2Fv2%2Fmedia&parent=6513"}],"wp:term":[{"taxonomy":"category","embeddable":true,"href":"http:\/\/spp3.slawno.pl\/index.php?rest_route=%2Fwp%2Fv2%2Fcategories&post=6513"},{"taxonomy":"post_tag","embeddable":true,"href":"http:\/\/spp3.slawno.pl\/index.php?rest_route=%2Fwp%2Fv2%2Ftags&post=6513"}],"curies":[{"name":"wp","href":"https:\/\/api.w.org\/{rel}","templated":true}]}}