{"id":6537,"date":"2021-03-17T19:38:49","date_gmt":"2021-03-17T18:38:49","guid":{"rendered":"http:\/\/spp3.slawno.pl\/?p=6537"},"modified":"2021-05-30T17:59:06","modified_gmt":"2021-05-30T15:59:06","slug":"6537","status":"publish","type":"post","link":"http:\/\/spp3.slawno.pl\/?p=6537","title":{"rendered":"Dzie\u0144 \u015awi\u0119tego Patryka"},"content":{"rendered":"<p>Obchody Dnia \u015aw. Patryka w wersji zdalnej&#8230;W rolach g\u0142\u00f3wnych uczniowie klad VI-VIII<\/p>\n<p><a href=\"https:\/\/view.genial.ly\/6051b8650027980d0bd4450e\/social-horizontal-post-saint-patrick-slawno?fbclid=IwAR2vv_CotDkKrf6YOLJnbJJpwuXQIncsunxNWY9vybKGzxTHncCgxJoD2Xs\"><img loading=\"lazy\" decoding=\"async\" class=\"alignnone wp-image-6538\" src=\"http:\/\/spp3.slawno.pl\/wp-content\/uploads\/2021\/03\/\u015awPatryk-1024x563.png\" alt=\"Strona tytu\u0142owa prezentacji o \u015bw Patryku\" width=\"804\" height=\"442\" srcset=\"http:\/\/spp3.slawno.pl\/wp-content\/uploads\/2021\/03\/\u015awPatryk-1024x563.png 1024w, http:\/\/spp3.slawno.pl\/wp-content\/uploads\/2021\/03\/\u015awPatryk-300x165.png 300w, http:\/\/spp3.slawno.pl\/wp-content\/uploads\/2021\/03\/\u015awPatryk-768x422.png 768w, http:\/\/spp3.slawno.pl\/wp-content\/uploads\/2021\/03\/\u015awPatryk.png 1157w\" sizes=\"(max-width: 804px) 100vw, 804px\" \/><\/a><\/p>\n","protected":false},"excerpt":{"rendered":"<div class=\"mh-excerpt\"><p>Obchody Dnia \u015aw. Patryka w wersji zdalnej&#8230;W rolach g\u0142\u00f3wnych uczniowie klad VI-VIII<\/p>\n<\/div>","protected":false},"author":2,"featured_media":6549,"comment_status":"closed","ping_status":"open","sticky":false,"template":"","format":"standard","meta":{"footnotes":""},"categories":[32,22,8],"tags":[],"class_list":["post-6537","post","type-post","status-publish","format-standard","has-post-thumbnail","hentry","category-akcje","category-lekcje-w-naszej-szkole-nie-sa-nudne","category-wydarzenia"],"_links":{"self":[{"href":"http:\/\/spp3.slawno.pl\/index.php?rest_route=\/wp\/v2\/posts\/6537"}],"collection":[{"href":"http:\/\/spp3.slawno.pl\/index.php?rest_route=\/wp\/v2\/posts"}],"about":[{"href":"http:\/\/spp3.slawno.pl\/index.php?rest_route=\/wp\/v2\/types\/post"}],"author":[{"embeddable":true,"href":"http:\/\/spp3.slawno.pl\/index.php?rest_route=\/wp\/v2\/users\/2"}],"replies":[{"embeddable":true,"href":"http:\/\/spp3.slawno.pl\/index.php?rest_route=%2Fwp%2Fv2%2Fcomments&post=6537"}],"version-history":[{"count":5,"href":"http:\/\/spp3.slawno.pl\/index.php?rest_route=\/wp\/v2\/posts\/6537\/revisions"}],"predecessor-version":[{"id":6551,"href":"http:\/\/spp3.slawno.pl\/index.php?rest_route=\/wp\/v2\/posts\/6537\/revisions\/6551"}],"wp:featuredmedia":[{"embeddable":true,"href":"http:\/\/spp3.slawno.pl\/index.php?rest_route=\/wp\/v2\/media\/6549"}],"wp:attachment":[{"href":"http:\/\/spp3.slawno.pl\/index.php?rest_route=%2Fwp%2Fv2%2Fmedia&parent=6537"}],"wp:term":[{"taxonomy":"category","embeddable":true,"href":"http:\/\/spp3.slawno.pl\/index.php?rest_route=%2Fwp%2Fv2%2Fcategories&post=6537"},{"taxonomy":"post_tag","embeddable":true,"href":"http:\/\/spp3.slawno.pl\/index.php?rest_route=%2Fwp%2Fv2%2Ftags&post=6537"}],"curies":[{"name":"wp","href":"https:\/\/api.w.org\/{rel}","templated":true}]}}