{"id":6541,"date":"2021-03-17T19:48:50","date_gmt":"2021-03-17T18:48:50","guid":{"rendered":"http:\/\/spp3.slawno.pl\/?p=6541"},"modified":"2021-03-17T19:48:50","modified_gmt":"2021-03-17T18:48:50","slug":"egzamin-probny-osmoklasistow","status":"publish","type":"post","link":"http:\/\/spp3.slawno.pl\/?p=6541","title":{"rendered":"Egzamin pr\u00f3bny \u00f3smoklasist\u00f3w"},"content":{"rendered":"<div>W dniu dzisiejszym nasi uczniowie z klas 8 a,b,c i d rozpocz\u0119li pr\u00f3bne egzaminy z j.polskiego. Przy okazji rozwi\u0105zywania testu mogli znowu<\/div>\n<div>zobaczy\u0107 mury szko\u0142y, a tak\u017ce porozmawia\u0107 chwil\u0119 z przyjaci\u00f3\u0142mi. Oczywi\u015bcie wszystko z zachowaniem zasad dystansu spo\u0142ecznego. Jutro<\/div>\n<div>oczekiwana przez wszystkich matematyka, w pi\u0105tek natomiast j.angielski i niemiecki. \u017byczymy wszystkim jak najlepszych wynik\u00f3w i po\u0142amania pi\u00f3r.<\/div>\n<div>Trzymajcie si\u0119 !<\/div>\n<div><img loading=\"lazy\" decoding=\"async\" class=\"alignnone  wp-image-6542\" src=\"http:\/\/spp3.slawno.pl\/wp-content\/uploads\/2021\/03\/Egzamin-pr\u00f3ba-1.jpg\" alt=\"Uczniowie czekaj\u0105cy w \u0142awkach na pr\u00f3bny egzamin\" width=\"812\" height=\"609\" srcset=\"http:\/\/spp3.slawno.pl\/wp-content\/uploads\/2021\/03\/Egzamin-pr\u00f3ba-1.jpg 600w, http:\/\/spp3.slawno.pl\/wp-content\/uploads\/2021\/03\/Egzamin-pr\u00f3ba-1-300x225.jpg 300w, http:\/\/spp3.slawno.pl\/wp-content\/uploads\/2021\/03\/Egzamin-pr\u00f3ba-1-326x245.jpg 326w, http:\/\/spp3.slawno.pl\/wp-content\/uploads\/2021\/03\/Egzamin-pr\u00f3ba-1-80x60.jpg 80w\" sizes=\"(max-width: 812px) 100vw, 812px\" \/> <img loading=\"lazy\" decoding=\"async\" class=\"alignnone  wp-image-6543\" src=\"http:\/\/spp3.slawno.pl\/wp-content\/uploads\/2021\/03\/Egzaminpr\u00f3ba-2.jpg\" alt=\"Uczniowie czekaj\u0105cy w \u0142awkach na pr\u00f3bny egzamin\" width=\"811\" height=\"608\" srcset=\"http:\/\/spp3.slawno.pl\/wp-content\/uploads\/2021\/03\/Egzaminpr\u00f3ba-2.jpg 600w, http:\/\/spp3.slawno.pl\/wp-content\/uploads\/2021\/03\/Egzaminpr\u00f3ba-2-300x225.jpg 300w, http:\/\/spp3.slawno.pl\/wp-content\/uploads\/2021\/03\/Egzaminpr\u00f3ba-2-326x245.jpg 326w, http:\/\/spp3.slawno.pl\/wp-content\/uploads\/2021\/03\/Egzaminpr\u00f3ba-2-80x60.jpg 80w\" sizes=\"(max-width: 811px) 100vw, 811px\" \/> <img loading=\"lazy\" decoding=\"async\" class=\"alignnone  wp-image-6544\" src=\"http:\/\/spp3.slawno.pl\/wp-content\/uploads\/2021\/03\/Egzaminpr\u00f3ba-4.jpg\" alt=\"Uczniowie czekaj\u0105cy w \u0142awkach na pr\u00f3bny egzamin\" width=\"815\" height=\"611\" srcset=\"http:\/\/spp3.slawno.pl\/wp-content\/uploads\/2021\/03\/Egzaminpr\u00f3ba-4.jpg 600w, http:\/\/spp3.slawno.pl\/wp-content\/uploads\/2021\/03\/Egzaminpr\u00f3ba-4-300x225.jpg 300w, http:\/\/spp3.slawno.pl\/wp-content\/uploads\/2021\/03\/Egzaminpr\u00f3ba-4-326x245.jpg 326w, http:\/\/spp3.slawno.pl\/wp-content\/uploads\/2021\/03\/Egzaminpr\u00f3ba-4-80x60.jpg 80w\" sizes=\"(max-width: 815px) 100vw, 815px\" \/> <img loading=\"lazy\" decoding=\"async\" class=\"alignnone  wp-image-6546\" src=\"http:\/\/spp3.slawno.pl\/wp-content\/uploads\/2021\/03\/Egzaminpr\u00f3ba3.jpg\" alt=\"Uczniowie czekaj\u0105cy w \u0142awkach na pr\u00f3bny egzamin\" width=\"811\" height=\"608\" srcset=\"http:\/\/spp3.slawno.pl\/wp-content\/uploads\/2021\/03\/Egzaminpr\u00f3ba3.jpg 600w, http:\/\/spp3.slawno.pl\/wp-content\/uploads\/2021\/03\/Egzaminpr\u00f3ba3-300x225.jpg 300w, http:\/\/spp3.slawno.pl\/wp-content\/uploads\/2021\/03\/Egzaminpr\u00f3ba3-326x245.jpg 326w, http:\/\/spp3.slawno.pl\/wp-content\/uploads\/2021\/03\/Egzaminpr\u00f3ba3-80x60.jpg 80w\" sizes=\"(max-width: 811px) 100vw, 811px\" \/><\/div>\n<div><img loading=\"lazy\" decoding=\"async\" class=\"alignnone  wp-image-6545\" src=\"http:\/\/spp3.slawno.pl\/wp-content\/uploads\/2021\/03\/Egzaminpr\u00f3ba.jpg\" alt=\"Uczniowie czekaj\u0105cy w \u0142awkach na pr\u00f3bny egzamin\" width=\"817\" height=\"613\" srcset=\"http:\/\/spp3.slawno.pl\/wp-content\/uploads\/2021\/03\/Egzaminpr\u00f3ba.jpg 600w, http:\/\/spp3.slawno.pl\/wp-content\/uploads\/2021\/03\/Egzaminpr\u00f3ba-300x225.jpg 300w, http:\/\/spp3.slawno.pl\/wp-content\/uploads\/2021\/03\/Egzaminpr\u00f3ba-326x245.jpg 326w, http:\/\/spp3.slawno.pl\/wp-content\/uploads\/2021\/03\/Egzaminpr\u00f3ba-80x60.jpg 80w\" sizes=\"(max-width: 817px) 100vw, 817px\" \/><\/div>\n<div><\/div>\n","protected":false},"excerpt":{"rendered":"<div class=\"mh-excerpt\"><p>W dniu dzisiejszym nasi uczniowie z klas 8 a,b,c i d rozpocz\u0119li pr\u00f3bne egzaminy z j.polskiego. Przy okazji rozwi\u0105zywania testu mogli znowu zobaczy\u0107 mury szko\u0142y, <a class=\"mh-excerpt-more\" href=\"http:\/\/spp3.slawno.pl\/?p=6541\" title=\"Egzamin pr\u00f3bny \u00f3smoklasist\u00f3w\">[&#8230;]<\/a><\/p>\n<\/div>","protected":false},"author":2,"featured_media":6546,"comment_status":"closed","ping_status":"open","sticky":false,"template":"","format":"standard","meta":{"footnotes":""},"categories":[8],"tags":[],"class_list":["post-6541","post","type-post","status-publish","format-standard","has-post-thumbnail","hentry","category-wydarzenia"],"_links":{"self":[{"href":"http:\/\/spp3.slawno.pl\/index.php?rest_route=\/wp\/v2\/posts\/6541"}],"collection":[{"href":"http:\/\/spp3.slawno.pl\/index.php?rest_route=\/wp\/v2\/posts"}],"about":[{"href":"http:\/\/spp3.slawno.pl\/index.php?rest_route=\/wp\/v2\/types\/post"}],"author":[{"embeddable":true,"href":"http:\/\/spp3.slawno.pl\/index.php?rest_route=\/wp\/v2\/users\/2"}],"replies":[{"embeddable":true,"href":"http:\/\/spp3.slawno.pl\/index.php?rest_route=%2Fwp%2Fv2%2Fcomments&post=6541"}],"version-history":[{"count":1,"href":"http:\/\/spp3.slawno.pl\/index.php?rest_route=\/wp\/v2\/posts\/6541\/revisions"}],"predecessor-version":[{"id":6547,"href":"http:\/\/spp3.slawno.pl\/index.php?rest_route=\/wp\/v2\/posts\/6541\/revisions\/6547"}],"wp:featuredmedia":[{"embeddable":true,"href":"http:\/\/spp3.slawno.pl\/index.php?rest_route=\/wp\/v2\/media\/6546"}],"wp:attachment":[{"href":"http:\/\/spp3.slawno.pl\/index.php?rest_route=%2Fwp%2Fv2%2Fmedia&parent=6541"}],"wp:term":[{"taxonomy":"category","embeddable":true,"href":"http:\/\/spp3.slawno.pl\/index.php?rest_route=%2Fwp%2Fv2%2Fcategories&post=6541"},{"taxonomy":"post_tag","embeddable":true,"href":"http:\/\/spp3.slawno.pl\/index.php?rest_route=%2Fwp%2Fv2%2Ftags&post=6541"}],"curies":[{"name":"wp","href":"https:\/\/api.w.org\/{rel}","templated":true}]}}