{"id":6556,"date":"2021-03-18T18:30:46","date_gmt":"2021-03-18T17:30:46","guid":{"rendered":"http:\/\/spp3.slawno.pl\/?p=6556"},"modified":"2021-03-18T18:30:46","modified_gmt":"2021-03-18T17:30:46","slug":"rozszerzenie-obostrzen-na-cala-polske","status":"publish","type":"post","link":"http:\/\/spp3.slawno.pl\/?p=6556","title":{"rendered":"Rozszerzenie obostrze\u0144 na ca\u0142\u0105 Polsk\u0119"},"content":{"rendered":"<p>Od 20 marca do 9 kwietnia nauka w klasach I-III wy\u0142\u0105cznie zdalna.<\/p>\n<p><img loading=\"lazy\" decoding=\"async\" class=\"alignnone size-large wp-image-6557\" src=\"http:\/\/spp3.slawno.pl\/wp-content\/uploads\/2021\/03\/Zdalna-nauka-1024x575.jpg\" alt=\"\" width=\"1024\" height=\"575\" srcset=\"http:\/\/spp3.slawno.pl\/wp-content\/uploads\/2021\/03\/Zdalna-nauka-1024x575.jpg 1024w, http:\/\/spp3.slawno.pl\/wp-content\/uploads\/2021\/03\/Zdalna-nauka-300x169.jpg 300w, http:\/\/spp3.slawno.pl\/wp-content\/uploads\/2021\/03\/Zdalna-nauka-768x431.jpg 768w, http:\/\/spp3.slawno.pl\/wp-content\/uploads\/2021\/03\/Zdalna-nauka-678x381.jpg 678w, http:\/\/spp3.slawno.pl\/wp-content\/uploads\/2021\/03\/Zdalna-nauka.jpg 1440w\" sizes=\"(max-width: 1024px) 100vw, 1024px\" \/><\/p>\n","protected":false},"excerpt":{"rendered":"<div class=\"mh-excerpt\"><p>Od 20 marca do 9 kwietnia nauka w klasach I-III wy\u0142\u0105cznie zdalna.<\/p>\n<\/div>","protected":false},"author":2,"featured_media":6557,"comment_status":"closed","ping_status":"open","sticky":false,"template":"","format":"standard","meta":{"footnotes":""},"categories":[8],"tags":[],"class_list":["post-6556","post","type-post","status-publish","format-standard","has-post-thumbnail","hentry","category-wydarzenia"],"_links":{"self":[{"href":"http:\/\/spp3.slawno.pl\/index.php?rest_route=\/wp\/v2\/posts\/6556"}],"collection":[{"href":"http:\/\/spp3.slawno.pl\/index.php?rest_route=\/wp\/v2\/posts"}],"about":[{"href":"http:\/\/spp3.slawno.pl\/index.php?rest_route=\/wp\/v2\/types\/post"}],"author":[{"embeddable":true,"href":"http:\/\/spp3.slawno.pl\/index.php?rest_route=\/wp\/v2\/users\/2"}],"replies":[{"embeddable":true,"href":"http:\/\/spp3.slawno.pl\/index.php?rest_route=%2Fwp%2Fv2%2Fcomments&post=6556"}],"version-history":[{"count":1,"href":"http:\/\/spp3.slawno.pl\/index.php?rest_route=\/wp\/v2\/posts\/6556\/revisions"}],"predecessor-version":[{"id":6558,"href":"http:\/\/spp3.slawno.pl\/index.php?rest_route=\/wp\/v2\/posts\/6556\/revisions\/6558"}],"wp:featuredmedia":[{"embeddable":true,"href":"http:\/\/spp3.slawno.pl\/index.php?rest_route=\/wp\/v2\/media\/6557"}],"wp:attachment":[{"href":"http:\/\/spp3.slawno.pl\/index.php?rest_route=%2Fwp%2Fv2%2Fmedia&parent=6556"}],"wp:term":[{"taxonomy":"category","embeddable":true,"href":"http:\/\/spp3.slawno.pl\/index.php?rest_route=%2Fwp%2Fv2%2Fcategories&post=6556"},{"taxonomy":"post_tag","embeddable":true,"href":"http:\/\/spp3.slawno.pl\/index.php?rest_route=%2Fwp%2Fv2%2Ftags&post=6556"}],"curies":[{"name":"wp","href":"https:\/\/api.w.org\/{rel}","templated":true}]}}