{"id":6559,"date":"2021-03-18T18:36:16","date_gmt":"2021-03-18T17:36:16","guid":{"rendered":"http:\/\/spp3.slawno.pl\/?p=6559"},"modified":"2021-05-30T17:58:22","modified_gmt":"2021-05-30T15:58:22","slug":"%f0%9f%8d%80dzien-sw-patryka-w-klasie-1a%f0%9f%8d%80","status":"publish","type":"post","link":"http:\/\/spp3.slawno.pl\/?p=6559","title":{"rendered":"Dzie\u0144 \u015bw.Patryka w klasie 1a"},"content":{"rendered":"<p>Wi\u0119cej zdj\u0119\u0107 na<a href=\"https:\/\/www.facebook.com\/profile.php?id=100057090535208\"> fb SP3<\/a><\/p>\n<p><img loading=\"lazy\" decoding=\"async\" class=\"alignnone size-full wp-image-6561\" src=\"http:\/\/spp3.slawno.pl\/wp-content\/uploads\/2021\/03\/\u015awPatryk2.jpg\" alt=\"Dzieci przebrane na zielono, na tle prac z okazji Dnia \u015aw. Patryka\" width=\"960\" height=\"720\" srcset=\"http:\/\/spp3.slawno.pl\/wp-content\/uploads\/2021\/03\/\u015awPatryk2.jpg 960w, http:\/\/spp3.slawno.pl\/wp-content\/uploads\/2021\/03\/\u015awPatryk2-300x225.jpg 300w, http:\/\/spp3.slawno.pl\/wp-content\/uploads\/2021\/03\/\u015awPatryk2-768x576.jpg 768w, http:\/\/spp3.slawno.pl\/wp-content\/uploads\/2021\/03\/\u015awPatryk2-678x509.jpg 678w, http:\/\/spp3.slawno.pl\/wp-content\/uploads\/2021\/03\/\u015awPatryk2-326x245.jpg 326w, http:\/\/spp3.slawno.pl\/wp-content\/uploads\/2021\/03\/\u015awPatryk2-80x60.jpg 80w\" sizes=\"(max-width: 960px) 100vw, 960px\" \/> <img loading=\"lazy\" decoding=\"async\" class=\"alignnone size-full wp-image-6562\" src=\"http:\/\/spp3.slawno.pl\/wp-content\/uploads\/2021\/03\/\u015awPatryk3.jpg\" alt=\"Dzieci przebrane na zielono, na tle prac z okazji Dnia \u015aw. Patryka\" width=\"960\" height=\"720\" srcset=\"http:\/\/spp3.slawno.pl\/wp-content\/uploads\/2021\/03\/\u015awPatryk3.jpg 960w, http:\/\/spp3.slawno.pl\/wp-content\/uploads\/2021\/03\/\u015awPatryk3-300x225.jpg 300w, http:\/\/spp3.slawno.pl\/wp-content\/uploads\/2021\/03\/\u015awPatryk3-768x576.jpg 768w, http:\/\/spp3.slawno.pl\/wp-content\/uploads\/2021\/03\/\u015awPatryk3-678x509.jpg 678w, http:\/\/spp3.slawno.pl\/wp-content\/uploads\/2021\/03\/\u015awPatryk3-326x245.jpg 326w, http:\/\/spp3.slawno.pl\/wp-content\/uploads\/2021\/03\/\u015awPatryk3-80x60.jpg 80w\" sizes=\"(max-width: 960px) 100vw, 960px\" \/> <img loading=\"lazy\" decoding=\"async\" class=\"alignnone size-full wp-image-6563\" src=\"http:\/\/spp3.slawno.pl\/wp-content\/uploads\/2021\/03\/\u015awPatryk4.jpg\" alt=\"Dzieci przebrane na zielono, na tle prac z okazji Dnia \u015aw. Patryka\" width=\"720\" height=\"960\" srcset=\"http:\/\/spp3.slawno.pl\/wp-content\/uploads\/2021\/03\/\u015awPatryk4.jpg 720w, http:\/\/spp3.slawno.pl\/wp-content\/uploads\/2021\/03\/\u015awPatryk4-225x300.jpg 225w\" sizes=\"(max-width: 720px) 100vw, 720px\" \/> <img loading=\"lazy\" decoding=\"async\" class=\"alignnone size-full wp-image-6564\" src=\"http:\/\/spp3.slawno.pl\/wp-content\/uploads\/2021\/03\/\u015awPatryk5.jpg\" alt=\"Dzieci przebrane na zielono, na tle prac z okazji Dnia \u015aw. Patryka\" width=\"960\" height=\"720\" srcset=\"http:\/\/spp3.slawno.pl\/wp-content\/uploads\/2021\/03\/\u015awPatryk5.jpg 960w, http:\/\/spp3.slawno.pl\/wp-content\/uploads\/2021\/03\/\u015awPatryk5-300x225.jpg 300w, http:\/\/spp3.slawno.pl\/wp-content\/uploads\/2021\/03\/\u015awPatryk5-768x576.jpg 768w, http:\/\/spp3.slawno.pl\/wp-content\/uploads\/2021\/03\/\u015awPatryk5-678x509.jpg 678w, http:\/\/spp3.slawno.pl\/wp-content\/uploads\/2021\/03\/\u015awPatryk5-326x245.jpg 326w, http:\/\/spp3.slawno.pl\/wp-content\/uploads\/2021\/03\/\u015awPatryk5-80x60.jpg 80w\" sizes=\"(max-width: 960px) 100vw, 960px\" \/> <img loading=\"lazy\" decoding=\"async\" class=\"alignnone size-full wp-image-6565\" src=\"http:\/\/spp3.slawno.pl\/wp-content\/uploads\/2021\/03\/\u015awPatryk6.jpg\" alt=\"Dzieci przebrane na zielono, na tle prac z okazji Dnia \u015aw. Patryka\" width=\"960\" height=\"720\" srcset=\"http:\/\/spp3.slawno.pl\/wp-content\/uploads\/2021\/03\/\u015awPatryk6.jpg 960w, http:\/\/spp3.slawno.pl\/wp-content\/uploads\/2021\/03\/\u015awPatryk6-300x225.jpg 300w, http:\/\/spp3.slawno.pl\/wp-content\/uploads\/2021\/03\/\u015awPatryk6-768x576.jpg 768w, http:\/\/spp3.slawno.pl\/wp-content\/uploads\/2021\/03\/\u015awPatryk6-678x509.jpg 678w, http:\/\/spp3.slawno.pl\/wp-content\/uploads\/2021\/03\/\u015awPatryk6-326x245.jpg 326w, http:\/\/spp3.slawno.pl\/wp-content\/uploads\/2021\/03\/\u015awPatryk6-80x60.jpg 80w\" sizes=\"(max-width: 960px) 100vw, 960px\" \/><\/p>\n","protected":false},"excerpt":{"rendered":"<div class=\"mh-excerpt\"><p>Wi\u0119cej zdj\u0119\u0107 na fb SP3<\/p>\n<\/div>","protected":false},"author":2,"featured_media":6565,"comment_status":"closed","ping_status":"open","sticky":false,"template":"","format":"standard","meta":{"footnotes":""},"categories":[32,22,8],"tags":[],"class_list":["post-6559","post","type-post","status-publish","format-standard","has-post-thumbnail","hentry","category-akcje","category-lekcje-w-naszej-szkole-nie-sa-nudne","category-wydarzenia"],"_links":{"self":[{"href":"http:\/\/spp3.slawno.pl\/index.php?rest_route=\/wp\/v2\/posts\/6559"}],"collection":[{"href":"http:\/\/spp3.slawno.pl\/index.php?rest_route=\/wp\/v2\/posts"}],"about":[{"href":"http:\/\/spp3.slawno.pl\/index.php?rest_route=\/wp\/v2\/types\/post"}],"author":[{"embeddable":true,"href":"http:\/\/spp3.slawno.pl\/index.php?rest_route=\/wp\/v2\/users\/2"}],"replies":[{"embeddable":true,"href":"http:\/\/spp3.slawno.pl\/index.php?rest_route=%2Fwp%2Fv2%2Fcomments&post=6559"}],"version-history":[{"count":3,"href":"http:\/\/spp3.slawno.pl\/index.php?rest_route=\/wp\/v2\/posts\/6559\/revisions"}],"predecessor-version":[{"id":7635,"href":"http:\/\/spp3.slawno.pl\/index.php?rest_route=\/wp\/v2\/posts\/6559\/revisions\/7635"}],"wp:featuredmedia":[{"embeddable":true,"href":"http:\/\/spp3.slawno.pl\/index.php?rest_route=\/wp\/v2\/media\/6565"}],"wp:attachment":[{"href":"http:\/\/spp3.slawno.pl\/index.php?rest_route=%2Fwp%2Fv2%2Fmedia&parent=6559"}],"wp:term":[{"taxonomy":"category","embeddable":true,"href":"http:\/\/spp3.slawno.pl\/index.php?rest_route=%2Fwp%2Fv2%2Fcategories&post=6559"},{"taxonomy":"post_tag","embeddable":true,"href":"http:\/\/spp3.slawno.pl\/index.php?rest_route=%2Fwp%2Fv2%2Ftags&post=6559"}],"curies":[{"name":"wp","href":"https:\/\/api.w.org\/{rel}","templated":true}]}}