{"id":6568,"date":"2021-03-18T18:45:45","date_gmt":"2021-03-18T17:45:45","guid":{"rendered":"http:\/\/spp3.slawno.pl\/?p=6568"},"modified":"2021-03-18T18:45:45","modified_gmt":"2021-03-18T17:45:45","slug":"proba-z-matematyki","status":"publish","type":"post","link":"http:\/\/spp3.slawno.pl\/?p=6568","title":{"rendered":"Pr\u00f3ba z matematyki"},"content":{"rendered":"<p>W dniu dzisiejszym uczniowie klas \u00f3smych zmagali si\u0119 na egzaminie pr\u00f3bnym z zadaniami matematycznymi.<\/p>\n<p><img loading=\"lazy\" decoding=\"async\" class=\"alignnone size-full wp-image-6570\" src=\"http:\/\/spp3.slawno.pl\/wp-content\/uploads\/2021\/03\/Egzamin-pr\u00f3ba-mat..jpg\" alt=\"Uczniowie w \u0142awkach czekaj\u0105 na egzamin pr\u00f3bny z matematyki\" width=\"720\" height=\"960\" srcset=\"http:\/\/spp3.slawno.pl\/wp-content\/uploads\/2021\/03\/Egzamin-pr\u00f3ba-mat..jpg 720w, http:\/\/spp3.slawno.pl\/wp-content\/uploads\/2021\/03\/Egzamin-pr\u00f3ba-mat.-225x300.jpg 225w\" sizes=\"(max-width: 720px) 100vw, 720px\" \/> <img loading=\"lazy\" decoding=\"async\" class=\"alignnone size-full wp-image-6571\" src=\"http:\/\/spp3.slawno.pl\/wp-content\/uploads\/2021\/03\/Egzamin-pr\u00f3ba-mat.1.jpg\" alt=\"Uczniowie w \u0142awkach czekaj\u0105 na egzamin pr\u00f3bny z matematyki\" width=\"720\" height=\"960\" srcset=\"http:\/\/spp3.slawno.pl\/wp-content\/uploads\/2021\/03\/Egzamin-pr\u00f3ba-mat.1.jpg 720w, http:\/\/spp3.slawno.pl\/wp-content\/uploads\/2021\/03\/Egzamin-pr\u00f3ba-mat.1-225x300.jpg 225w\" sizes=\"(max-width: 720px) 100vw, 720px\" \/> <img loading=\"lazy\" decoding=\"async\" class=\"alignnone size-full wp-image-6572\" src=\"http:\/\/spp3.slawno.pl\/wp-content\/uploads\/2021\/03\/Egzamin-pr\u00f3ba-mat.2.jpg\" alt=\"Uczniowie w \u0142awkach czekaj\u0105 na egzamin pr\u00f3bny z matematyki\" width=\"720\" height=\"960\" srcset=\"http:\/\/spp3.slawno.pl\/wp-content\/uploads\/2021\/03\/Egzamin-pr\u00f3ba-mat.2.jpg 720w, http:\/\/spp3.slawno.pl\/wp-content\/uploads\/2021\/03\/Egzamin-pr\u00f3ba-mat.2-225x300.jpg 225w\" sizes=\"(max-width: 720px) 100vw, 720px\" \/> <img loading=\"lazy\" decoding=\"async\" class=\"alignnone size-full wp-image-6573\" src=\"http:\/\/spp3.slawno.pl\/wp-content\/uploads\/2021\/03\/Egzamin-pr\u00f3ba-mat.3.jpg\" alt=\"Uczniowie w \u0142awkach czekaj\u0105 na egzamin pr\u00f3bny z matematyki\" width=\"720\" height=\"960\" srcset=\"http:\/\/spp3.slawno.pl\/wp-content\/uploads\/2021\/03\/Egzamin-pr\u00f3ba-mat.3.jpg 720w, http:\/\/spp3.slawno.pl\/wp-content\/uploads\/2021\/03\/Egzamin-pr\u00f3ba-mat.3-225x300.jpg 225w\" sizes=\"(max-width: 720px) 100vw, 720px\" \/> <img loading=\"lazy\" decoding=\"async\" class=\"alignnone size-full wp-image-6574\" src=\"http:\/\/spp3.slawno.pl\/wp-content\/uploads\/2021\/03\/Egzamin-pr\u00f3ba-mat.4.jpg\" alt=\"Uczniowie w \u0142awkach czekaj\u0105 na egzamin pr\u00f3bny z matematyki\" width=\"720\" height=\"960\" srcset=\"http:\/\/spp3.slawno.pl\/wp-content\/uploads\/2021\/03\/Egzamin-pr\u00f3ba-mat.4.jpg 720w, http:\/\/spp3.slawno.pl\/wp-content\/uploads\/2021\/03\/Egzamin-pr\u00f3ba-mat.4-225x300.jpg 225w\" sizes=\"(max-width: 720px) 100vw, 720px\" \/> <img loading=\"lazy\" decoding=\"async\" class=\"alignnone size-full wp-image-6575\" src=\"http:\/\/spp3.slawno.pl\/wp-content\/uploads\/2021\/03\/Egzamin-pr\u00f3ba-mat.5.jpg\" alt=\"Uczniowie w \u0142awkach czekaj\u0105 na egzamin pr\u00f3bny z matematyki\" width=\"720\" height=\"960\" srcset=\"http:\/\/spp3.slawno.pl\/wp-content\/uploads\/2021\/03\/Egzamin-pr\u00f3ba-mat.5.jpg 720w, http:\/\/spp3.slawno.pl\/wp-content\/uploads\/2021\/03\/Egzamin-pr\u00f3ba-mat.5-225x300.jpg 225w\" sizes=\"(max-width: 720px) 100vw, 720px\" \/> <img loading=\"lazy\" decoding=\"async\" class=\"alignnone size-full wp-image-6576\" src=\"http:\/\/spp3.slawno.pl\/wp-content\/uploads\/2021\/03\/Egzamin-pr\u00f3ba-mat.6.jpg\" alt=\"Uczniowie w \u0142awkach czekaj\u0105 na egzamin pr\u00f3bny z matematyki\" width=\"720\" height=\"960\" srcset=\"http:\/\/spp3.slawno.pl\/wp-content\/uploads\/2021\/03\/Egzamin-pr\u00f3ba-mat.6.jpg 720w, http:\/\/spp3.slawno.pl\/wp-content\/uploads\/2021\/03\/Egzamin-pr\u00f3ba-mat.6-225x300.jpg 225w\" sizes=\"(max-width: 720px) 100vw, 720px\" \/> <img loading=\"lazy\" decoding=\"async\" class=\"alignnone size-full wp-image-6577\" src=\"http:\/\/spp3.slawno.pl\/wp-content\/uploads\/2021\/03\/Egzamin-pr\u00f3ba-mat.7.jpg\" alt=\"Uczniowie w \u0142awkach czekaj\u0105 na egzamin pr\u00f3bny z matematyki\" width=\"720\" height=\"960\" srcset=\"http:\/\/spp3.slawno.pl\/wp-content\/uploads\/2021\/03\/Egzamin-pr\u00f3ba-mat.7.jpg 720w, http:\/\/spp3.slawno.pl\/wp-content\/uploads\/2021\/03\/Egzamin-pr\u00f3ba-mat.7-225x300.jpg 225w\" sizes=\"(max-width: 720px) 100vw, 720px\" \/><\/p>\n","protected":false},"excerpt":{"rendered":"<div class=\"mh-excerpt\"><p>W dniu dzisiejszym uczniowie klas \u00f3smych zmagali si\u0119 na egzaminie pr\u00f3bnym z zadaniami matematycznymi.<\/p>\n<\/div>","protected":false},"author":2,"featured_media":6572,"comment_status":"closed","ping_status":"open","sticky":false,"template":"","format":"standard","meta":{"footnotes":""},"categories":[8],"tags":[],"class_list":["post-6568","post","type-post","status-publish","format-standard","has-post-thumbnail","hentry","category-wydarzenia"],"_links":{"self":[{"href":"http:\/\/spp3.slawno.pl\/index.php?rest_route=\/wp\/v2\/posts\/6568"}],"collection":[{"href":"http:\/\/spp3.slawno.pl\/index.php?rest_route=\/wp\/v2\/posts"}],"about":[{"href":"http:\/\/spp3.slawno.pl\/index.php?rest_route=\/wp\/v2\/types\/post"}],"author":[{"embeddable":true,"href":"http:\/\/spp3.slawno.pl\/index.php?rest_route=\/wp\/v2\/users\/2"}],"replies":[{"embeddable":true,"href":"http:\/\/spp3.slawno.pl\/index.php?rest_route=%2Fwp%2Fv2%2Fcomments&post=6568"}],"version-history":[{"count":1,"href":"http:\/\/spp3.slawno.pl\/index.php?rest_route=\/wp\/v2\/posts\/6568\/revisions"}],"predecessor-version":[{"id":6578,"href":"http:\/\/spp3.slawno.pl\/index.php?rest_route=\/wp\/v2\/posts\/6568\/revisions\/6578"}],"wp:featuredmedia":[{"embeddable":true,"href":"http:\/\/spp3.slawno.pl\/index.php?rest_route=\/wp\/v2\/media\/6572"}],"wp:attachment":[{"href":"http:\/\/spp3.slawno.pl\/index.php?rest_route=%2Fwp%2Fv2%2Fmedia&parent=6568"}],"wp:term":[{"taxonomy":"category","embeddable":true,"href":"http:\/\/spp3.slawno.pl\/index.php?rest_route=%2Fwp%2Fv2%2Fcategories&post=6568"},{"taxonomy":"post_tag","embeddable":true,"href":"http:\/\/spp3.slawno.pl\/index.php?rest_route=%2Fwp%2Fv2%2Ftags&post=6568"}],"curies":[{"name":"wp","href":"https:\/\/api.w.org\/{rel}","templated":true}]}}