{"id":6579,"date":"2021-03-20T17:33:53","date_gmt":"2021-03-20T16:33:53","guid":{"rendered":"http:\/\/spp3.slawno.pl\/?p=6579"},"modified":"2021-03-20T17:33:53","modified_gmt":"2021-03-20T16:33:53","slug":"zajecia-plastyczne-w-iiia","status":"publish","type":"post","link":"http:\/\/spp3.slawno.pl\/?p=6579","title":{"rendered":"Zaj\u0119cia plastyczne w IIIa"},"content":{"rendered":"<p>Ostatni dzie\u0144 w szkole przed czekaj\u0105c\u0105 nas nauk\u0105 zdaln\u0105 up\u0142yn\u0105\u0142 klasie III a na dzia\u0142ach plastyczno &#8211; technicznych. <span class=\"pq6dq46d tbxw36s4 knj5qynh kvgmc6g5 ditlmg2l oygrvhab nvdbi5me sf5mxxl7 gl3lb2sf hhz5lgdu\"><img loading=\"lazy\" decoding=\"async\" src=\"https:\/\/static.xx.fbcdn.net\/images\/emoji.php\/v9\/t37\/1.5\/16\/2702.png\" alt=\"\u2702\ufe0f\" width=\"16\" height=\"16\" \/><\/span><span class=\"pq6dq46d tbxw36s4 knj5qynh kvgmc6g5 ditlmg2l oygrvhab nvdbi5me sf5mxxl7 gl3lb2sf hhz5lgdu\"><img loading=\"lazy\" decoding=\"async\" src=\"https:\/\/static.xx.fbcdn.net\/images\/emoji.php\/v9\/t91\/1.5\/16\/1f58c.png\" alt=\"\ud83d\udd8c\" width=\"16\" height=\"16\" \/><\/span><span class=\"pq6dq46d tbxw36s4 knj5qynh kvgmc6g5 ditlmg2l oygrvhab nvdbi5me sf5mxxl7 gl3lb2sf hhz5lgdu\"><img loading=\"lazy\" decoding=\"async\" src=\"https:\/\/static.xx.fbcdn.net\/images\/emoji.php\/v9\/tdb\/1.5\/16\/1f3a8.png\" alt=\"\ud83c\udfa8\" width=\"16\" height=\"16\" \/><\/span> Powsta\u0142y kolorowe skarpety <span class=\"pq6dq46d tbxw36s4 knj5qynh kvgmc6g5 ditlmg2l oygrvhab nvdbi5me sf5mxxl7 gl3lb2sf hhz5lgdu\"><img loading=\"lazy\" decoding=\"async\" src=\"https:\/\/static.xx.fbcdn.net\/images\/emoji.php\/v9\/tdb\/1.5\/16\/1f9e6.png\" alt=\"\ud83e\udde6\" width=\"16\" height=\"16\" \/><\/span>, jako symbol solidaryzowania si\u0119 z chorymi na Zesp\u00f3\u0142 Downa oraz drewniane zaj\u0105czki <span class=\"pq6dq46d tbxw36s4 knj5qynh kvgmc6g5 ditlmg2l oygrvhab nvdbi5me sf5mxxl7 gl3lb2sf hhz5lgdu\"><img loading=\"lazy\" decoding=\"async\" src=\"https:\/\/static.xx.fbcdn.net\/images\/emoji.php\/v9\/t2c\/1.5\/16\/1f407.png\" alt=\"\ud83d\udc07\" width=\"16\" height=\"16\" \/><\/span> na warsztatach stolarskich, a tak\u017ce barwne kartki wielkanocne.<span class=\"pq6dq46d tbxw36s4 knj5qynh kvgmc6g5 ditlmg2l oygrvhab nvdbi5me sf5mxxl7 gl3lb2sf hhz5lgdu\"><img loading=\"lazy\" decoding=\"async\" src=\"https:\/\/static.xx.fbcdn.net\/images\/emoji.php\/v9\/t66\/1.5\/16\/1f423.png\" alt=\"\ud83d\udc23\" width=\"16\" height=\"16\" \/><\/span> Trzecioklasi\u015bci pragn\u0119li na zapas nacieszy\u0107 si\u0119 wsp\u00f3\u0142prac\u0105 w grupie! <span class=\"pq6dq46d tbxw36s4 knj5qynh kvgmc6g5 ditlmg2l oygrvhab nvdbi5me sf5mxxl7 gl3lb2sf hhz5lgdu\"><img loading=\"lazy\" decoding=\"async\" src=\"https:\/\/static.xx.fbcdn.net\/images\/emoji.php\/v9\/tbd\/1.5\/16\/1f91d.png\" alt=\"\ud83e\udd1d\" width=\"16\" height=\"16\" \/><\/span><\/p>\n<p><img loading=\"lazy\" decoding=\"async\" class=\"alignnone size-full wp-image-6580\" src=\"http:\/\/spp3.slawno.pl\/wp-content\/uploads\/2021\/03\/Prace-plastyczne.jpg\" alt=\"Prace plastyczne w 3a\" width=\"960\" height=\"698\" srcset=\"http:\/\/spp3.slawno.pl\/wp-content\/uploads\/2021\/03\/Prace-plastyczne.jpg 960w, http:\/\/spp3.slawno.pl\/wp-content\/uploads\/2021\/03\/Prace-plastyczne-300x218.jpg 300w, http:\/\/spp3.slawno.pl\/wp-content\/uploads\/2021\/03\/Prace-plastyczne-768x558.jpg 768w\" sizes=\"(max-width: 960px) 100vw, 960px\" \/> <img loading=\"lazy\" decoding=\"async\" class=\"alignnone size-large wp-image-6581\" src=\"http:\/\/spp3.slawno.pl\/wp-content\/uploads\/2021\/03\/Prace-plastyczne1-1024x462.jpg\" alt=\"Prace plastyczne w 3a\" width=\"1024\" height=\"462\" srcset=\"http:\/\/spp3.slawno.pl\/wp-content\/uploads\/2021\/03\/Prace-plastyczne1-1024x462.jpg 1024w, http:\/\/spp3.slawno.pl\/wp-content\/uploads\/2021\/03\/Prace-plastyczne1-300x135.jpg 300w, http:\/\/spp3.slawno.pl\/wp-content\/uploads\/2021\/03\/Prace-plastyczne1-768x346.jpg 768w, http:\/\/spp3.slawno.pl\/wp-content\/uploads\/2021\/03\/Prace-plastyczne1.jpg 1420w\" sizes=\"(max-width: 1024px) 100vw, 1024px\" \/> <img loading=\"lazy\" decoding=\"async\" class=\"alignnone size-full wp-image-6582\" src=\"http:\/\/spp3.slawno.pl\/wp-content\/uploads\/2021\/03\/Prace-plastyczne2.jpg\" alt=\"Uczniowie z pracami wilkanocnymi\" width=\"960\" height=\"590\" srcset=\"http:\/\/spp3.slawno.pl\/wp-content\/uploads\/2021\/03\/Prace-plastyczne2.jpg 960w, http:\/\/spp3.slawno.pl\/wp-content\/uploads\/2021\/03\/Prace-plastyczne2-300x184.jpg 300w, http:\/\/spp3.slawno.pl\/wp-content\/uploads\/2021\/03\/Prace-plastyczne2-768x472.jpg 768w\" sizes=\"(max-width: 960px) 100vw, 960px\" \/> <img loading=\"lazy\" decoding=\"async\" class=\"alignnone size-full wp-image-6583\" src=\"http:\/\/spp3.slawno.pl\/wp-content\/uploads\/2021\/03\/Prace-plastyczne3.jpg\" alt=\"Uczniowie z pracami wilkanocnymi\" width=\"960\" height=\"756\" srcset=\"http:\/\/spp3.slawno.pl\/wp-content\/uploads\/2021\/03\/Prace-plastyczne3.jpg 960w, http:\/\/spp3.slawno.pl\/wp-content\/uploads\/2021\/03\/Prace-plastyczne3-300x236.jpg 300w, http:\/\/spp3.slawno.pl\/wp-content\/uploads\/2021\/03\/Prace-plastyczne3-768x605.jpg 768w\" sizes=\"(max-width: 960px) 100vw, 960px\" \/> <img loading=\"lazy\" decoding=\"async\" class=\"alignnone size-full wp-image-6584\" src=\"http:\/\/spp3.slawno.pl\/wp-content\/uploads\/2021\/03\/Prace-plastyczne4.jpg\" alt=\"Uczniowie z pracami wilkanocnymi\" width=\"960\" height=\"732\" srcset=\"http:\/\/spp3.slawno.pl\/wp-content\/uploads\/2021\/03\/Prace-plastyczne4.jpg 960w, http:\/\/spp3.slawno.pl\/wp-content\/uploads\/2021\/03\/Prace-plastyczne4-300x229.jpg 300w, http:\/\/spp3.slawno.pl\/wp-content\/uploads\/2021\/03\/Prace-plastyczne4-768x586.jpg 768w, http:\/\/spp3.slawno.pl\/wp-content\/uploads\/2021\/03\/Prace-plastyczne4-80x60.jpg 80w\" sizes=\"(max-width: 960px) 100vw, 960px\" \/> <img loading=\"lazy\" decoding=\"async\" class=\"alignnone size-full wp-image-6585\" src=\"http:\/\/spp3.slawno.pl\/wp-content\/uploads\/2021\/03\/Prace-plastyczne5.jpg\" alt=\"Uczniowie z pracami wilkanocnymi\" width=\"960\" height=\"492\" srcset=\"http:\/\/spp3.slawno.pl\/wp-content\/uploads\/2021\/03\/Prace-plastyczne5.jpg 960w, http:\/\/spp3.slawno.pl\/wp-content\/uploads\/2021\/03\/Prace-plastyczne5-300x154.jpg 300w, http:\/\/spp3.slawno.pl\/wp-content\/uploads\/2021\/03\/Prace-plastyczne5-768x394.jpg 768w\" sizes=\"(max-width: 960px) 100vw, 960px\" \/> <img loading=\"lazy\" decoding=\"async\" class=\"alignnone size-full wp-image-6586\" src=\"http:\/\/spp3.slawno.pl\/wp-content\/uploads\/2021\/03\/Prace-plastyczne6.jpg\" alt=\"Uczniowie z pracami wilkanocnymi\" width=\"960\" height=\"552\" srcset=\"http:\/\/spp3.slawno.pl\/wp-content\/uploads\/2021\/03\/Prace-plastyczne6.jpg 960w, http:\/\/spp3.slawno.pl\/wp-content\/uploads\/2021\/03\/Prace-plastyczne6-300x173.jpg 300w, http:\/\/spp3.slawno.pl\/wp-content\/uploads\/2021\/03\/Prace-plastyczne6-768x442.jpg 768w\" sizes=\"(max-width: 960px) 100vw, 960px\" \/> <img loading=\"lazy\" decoding=\"async\" class=\"alignnone size-full wp-image-6587\" src=\"http:\/\/spp3.slawno.pl\/wp-content\/uploads\/2021\/03\/Prace-plastyczne7.jpg\" alt=\"Uczniowie z pracami wilkanocnymi\" width=\"960\" height=\"716\" srcset=\"http:\/\/spp3.slawno.pl\/wp-content\/uploads\/2021\/03\/Prace-plastyczne7.jpg 960w, http:\/\/spp3.slawno.pl\/wp-content\/uploads\/2021\/03\/Prace-plastyczne7-300x224.jpg 300w, http:\/\/spp3.slawno.pl\/wp-content\/uploads\/2021\/03\/Prace-plastyczne7-768x573.jpg 768w, http:\/\/spp3.slawno.pl\/wp-content\/uploads\/2021\/03\/Prace-plastyczne7-80x60.jpg 80w\" sizes=\"(max-width: 960px) 100vw, 960px\" \/> <img loading=\"lazy\" decoding=\"async\" class=\"alignnone size-full wp-image-6588\" src=\"http:\/\/spp3.slawno.pl\/wp-content\/uploads\/2021\/03\/Prace-plastyczne8.jpg\" alt=\"Uczniowie z pracami wilkanocnymi\" width=\"960\" height=\"500\" srcset=\"http:\/\/spp3.slawno.pl\/wp-content\/uploads\/2021\/03\/Prace-plastyczne8.jpg 960w, http:\/\/spp3.slawno.pl\/wp-content\/uploads\/2021\/03\/Prace-plastyczne8-300x156.jpg 300w, http:\/\/spp3.slawno.pl\/wp-content\/uploads\/2021\/03\/Prace-plastyczne8-768x400.jpg 768w\" sizes=\"(max-width: 960px) 100vw, 960px\" \/> <img loading=\"lazy\" decoding=\"async\" class=\"alignnone size-full wp-image-6589\" src=\"http:\/\/spp3.slawno.pl\/wp-content\/uploads\/2021\/03\/Prace-plastyczne9.jpg\" alt=\"Uczniowie z pracami wilkanocnymi\" width=\"960\" height=\"742\" srcset=\"http:\/\/spp3.slawno.pl\/wp-content\/uploads\/2021\/03\/Prace-plastyczne9.jpg 960w, http:\/\/spp3.slawno.pl\/wp-content\/uploads\/2021\/03\/Prace-plastyczne9-300x232.jpg 300w, http:\/\/spp3.slawno.pl\/wp-content\/uploads\/2021\/03\/Prace-plastyczne9-768x594.jpg 768w\" sizes=\"(max-width: 960px) 100vw, 960px\" \/> <img loading=\"lazy\" decoding=\"async\" class=\"alignnone size-full wp-image-6590\" src=\"http:\/\/spp3.slawno.pl\/wp-content\/uploads\/2021\/03\/Prace-plastyczne10.jpg\" alt=\"Uczniowie z pracami wilkanocnymi\" width=\"960\" height=\"540\" srcset=\"http:\/\/spp3.slawno.pl\/wp-content\/uploads\/2021\/03\/Prace-plastyczne10.jpg 960w, http:\/\/spp3.slawno.pl\/wp-content\/uploads\/2021\/03\/Prace-plastyczne10-300x169.jpg 300w, http:\/\/spp3.slawno.pl\/wp-content\/uploads\/2021\/03\/Prace-plastyczne10-768x432.jpg 768w, http:\/\/spp3.slawno.pl\/wp-content\/uploads\/2021\/03\/Prace-plastyczne10-678x381.jpg 678w\" sizes=\"(max-width: 960px) 100vw, 960px\" \/> <img loading=\"lazy\" decoding=\"async\" class=\"alignnone size-full wp-image-6591\" src=\"http:\/\/spp3.slawno.pl\/wp-content\/uploads\/2021\/03\/Prace-plastyczne11.jpg\" alt=\"Prace plastyczne w 3a\" width=\"960\" height=\"708\" srcset=\"http:\/\/spp3.slawno.pl\/wp-content\/uploads\/2021\/03\/Prace-plastyczne11.jpg 960w, http:\/\/spp3.slawno.pl\/wp-content\/uploads\/2021\/03\/Prace-plastyczne11-300x221.jpg 300w, http:\/\/spp3.slawno.pl\/wp-content\/uploads\/2021\/03\/Prace-plastyczne11-768x566.jpg 768w, http:\/\/spp3.slawno.pl\/wp-content\/uploads\/2021\/03\/Prace-plastyczne11-80x60.jpg 80w\" sizes=\"(max-width: 960px) 100vw, 960px\" \/> <img loading=\"lazy\" decoding=\"async\" class=\"alignnone size-full wp-image-6592\" src=\"http:\/\/spp3.slawno.pl\/wp-content\/uploads\/2021\/03\/Prace-plastyczne12.jpg\" alt=\"Uczniowie z pracami wilkanocnymi\" width=\"960\" height=\"540\" srcset=\"http:\/\/spp3.slawno.pl\/wp-content\/uploads\/2021\/03\/Prace-plastyczne12.jpg 960w, http:\/\/spp3.slawno.pl\/wp-content\/uploads\/2021\/03\/Prace-plastyczne12-300x169.jpg 300w, http:\/\/spp3.slawno.pl\/wp-content\/uploads\/2021\/03\/Prace-plastyczne12-768x432.jpg 768w, http:\/\/spp3.slawno.pl\/wp-content\/uploads\/2021\/03\/Prace-plastyczne12-678x381.jpg 678w\" sizes=\"(max-width: 960px) 100vw, 960px\" \/> <img loading=\"lazy\" decoding=\"async\" class=\"alignnone size-full wp-image-6593\" src=\"http:\/\/spp3.slawno.pl\/wp-content\/uploads\/2021\/03\/Prace-plastyczne13.jpg\" alt=\"Prace plastyczne w 3a\" width=\"960\" height=\"604\" srcset=\"http:\/\/spp3.slawno.pl\/wp-content\/uploads\/2021\/03\/Prace-plastyczne13.jpg 960w, http:\/\/spp3.slawno.pl\/wp-content\/uploads\/2021\/03\/Prace-plastyczne13-300x189.jpg 300w, http:\/\/spp3.slawno.pl\/wp-content\/uploads\/2021\/03\/Prace-plastyczne13-768x483.jpg 768w\" sizes=\"(max-width: 960px) 100vw, 960px\" \/> <img loading=\"lazy\" decoding=\"async\" class=\"alignnone size-full wp-image-6594\" src=\"http:\/\/spp3.slawno.pl\/wp-content\/uploads\/2021\/03\/Prace-plastyczne14.jpg\" alt=\"Prace plastyczne w 3a\" width=\"960\" height=\"490\" srcset=\"http:\/\/spp3.slawno.pl\/wp-content\/uploads\/2021\/03\/Prace-plastyczne14.jpg 960w, http:\/\/spp3.slawno.pl\/wp-content\/uploads\/2021\/03\/Prace-plastyczne14-300x153.jpg 300w, http:\/\/spp3.slawno.pl\/wp-content\/uploads\/2021\/03\/Prace-plastyczne14-768x392.jpg 768w\" sizes=\"(max-width: 960px) 100vw, 960px\" \/> <img loading=\"lazy\" decoding=\"async\" class=\"alignnone size-large wp-image-6595\" src=\"http:\/\/spp3.slawno.pl\/wp-content\/uploads\/2021\/03\/Prace-plastyczne15-1024x453.jpg\" alt=\"Prace plastyczne w 3a\" width=\"1024\" height=\"453\" srcset=\"http:\/\/spp3.slawno.pl\/wp-content\/uploads\/2021\/03\/Prace-plastyczne15-1024x453.jpg 1024w, http:\/\/spp3.slawno.pl\/wp-content\/uploads\/2021\/03\/Prace-plastyczne15-300x133.jpg 300w, http:\/\/spp3.slawno.pl\/wp-content\/uploads\/2021\/03\/Prace-plastyczne15-768x339.jpg 768w, http:\/\/spp3.slawno.pl\/wp-content\/uploads\/2021\/03\/Prace-plastyczne15.jpg 1448w\" sizes=\"(max-width: 1024px) 100vw, 1024px\" \/><\/p>\n","protected":false},"excerpt":{"rendered":"<div class=\"mh-excerpt\"><p>Ostatni dzie\u0144 w szkole przed czekaj\u0105c\u0105 nas nauk\u0105 zdaln\u0105 up\u0142yn\u0105\u0142 klasie III a na dzia\u0142ach plastyczno &#8211; technicznych. Powsta\u0142y kolorowe skarpety , jako symbol solidaryzowania <a class=\"mh-excerpt-more\" href=\"http:\/\/spp3.slawno.pl\/?p=6579\" title=\"Zaj\u0119cia plastyczne w IIIa\">[&#8230;]<\/a><\/p>\n<\/div>","protected":false},"author":2,"featured_media":6582,"comment_status":"closed","ping_status":"open","sticky":false,"template":"","format":"standard","meta":{"footnotes":""},"categories":[22,8],"tags":[],"class_list":["post-6579","post","type-post","status-publish","format-standard","has-post-thumbnail","hentry","category-lekcje-w-naszej-szkole-nie-sa-nudne","category-wydarzenia"],"_links":{"self":[{"href":"http:\/\/spp3.slawno.pl\/index.php?rest_route=\/wp\/v2\/posts\/6579"}],"collection":[{"href":"http:\/\/spp3.slawno.pl\/index.php?rest_route=\/wp\/v2\/posts"}],"about":[{"href":"http:\/\/spp3.slawno.pl\/index.php?rest_route=\/wp\/v2\/types\/post"}],"author":[{"embeddable":true,"href":"http:\/\/spp3.slawno.pl\/index.php?rest_route=\/wp\/v2\/users\/2"}],"replies":[{"embeddable":true,"href":"http:\/\/spp3.slawno.pl\/index.php?rest_route=%2Fwp%2Fv2%2Fcomments&post=6579"}],"version-history":[{"count":1,"href":"http:\/\/spp3.slawno.pl\/index.php?rest_route=\/wp\/v2\/posts\/6579\/revisions"}],"predecessor-version":[{"id":6596,"href":"http:\/\/spp3.slawno.pl\/index.php?rest_route=\/wp\/v2\/posts\/6579\/revisions\/6596"}],"wp:featuredmedia":[{"embeddable":true,"href":"http:\/\/spp3.slawno.pl\/index.php?rest_route=\/wp\/v2\/media\/6582"}],"wp:attachment":[{"href":"http:\/\/spp3.slawno.pl\/index.php?rest_route=%2Fwp%2Fv2%2Fmedia&parent=6579"}],"wp:term":[{"taxonomy":"category","embeddable":true,"href":"http:\/\/spp3.slawno.pl\/index.php?rest_route=%2Fwp%2Fv2%2Fcategories&post=6579"},{"taxonomy":"post_tag","embeddable":true,"href":"http:\/\/spp3.slawno.pl\/index.php?rest_route=%2Fwp%2Fv2%2Ftags&post=6579"}],"curies":[{"name":"wp","href":"https:\/\/api.w.org\/{rel}","templated":true}]}}