{"id":6597,"date":"2021-03-20T17:38:07","date_gmt":"2021-03-20T16:38:07","guid":{"rendered":"http:\/\/spp3.slawno.pl\/?p=6597"},"modified":"2021-05-30T17:58:08","modified_gmt":"2021-05-30T15:58:08","slug":"solidarni-z-dziecmi-z-zespolem-downa-klasa-2a","status":"publish","type":"post","link":"http:\/\/spp3.slawno.pl\/?p=6597","title":{"rendered":"Solidarni z dzie\u0107mi z zespo\u0142em Downa- klasa 2a"},"content":{"rendered":"<p>Wi\u0119cej zdj\u0119\u0107 na <a href=\"https:\/\/www.facebook.com\/profile.php?id=100057090535208\">fb SP3<\/a><\/p>\n<p><img loading=\"lazy\" decoding=\"async\" class=\"alignnone size-full wp-image-6598\" src=\"http:\/\/spp3.slawno.pl\/wp-content\/uploads\/2021\/03\/Solidarni-z-dzie\u0107mi-Downa.jpg\" alt=\"Dzieci podczas zaj\u0119\u0107 o Zespole Downa\" width=\"960\" height=\"720\" srcset=\"http:\/\/spp3.slawno.pl\/wp-content\/uploads\/2021\/03\/Solidarni-z-dzie\u0107mi-Downa.jpg 960w, http:\/\/spp3.slawno.pl\/wp-content\/uploads\/2021\/03\/Solidarni-z-dzie\u0107mi-Downa-300x225.jpg 300w, http:\/\/spp3.slawno.pl\/wp-content\/uploads\/2021\/03\/Solidarni-z-dzie\u0107mi-Downa-768x576.jpg 768w, http:\/\/spp3.slawno.pl\/wp-content\/uploads\/2021\/03\/Solidarni-z-dzie\u0107mi-Downa-678x509.jpg 678w, http:\/\/spp3.slawno.pl\/wp-content\/uploads\/2021\/03\/Solidarni-z-dzie\u0107mi-Downa-326x245.jpg 326w, http:\/\/spp3.slawno.pl\/wp-content\/uploads\/2021\/03\/Solidarni-z-dzie\u0107mi-Downa-80x60.jpg 80w\" sizes=\"(max-width: 960px) 100vw, 960px\" \/> <img loading=\"lazy\" decoding=\"async\" class=\"alignnone size-full wp-image-6600\" src=\"http:\/\/spp3.slawno.pl\/wp-content\/uploads\/2021\/03\/Solidarni-z-dzie\u0107mi-Downa2.jpg\" alt=\"Dzieci podczas zaj\u0119\u0107 o Zespole Downa\" width=\"960\" height=\"720\" srcset=\"http:\/\/spp3.slawno.pl\/wp-content\/uploads\/2021\/03\/Solidarni-z-dzie\u0107mi-Downa2.jpg 960w, http:\/\/spp3.slawno.pl\/wp-content\/uploads\/2021\/03\/Solidarni-z-dzie\u0107mi-Downa2-300x225.jpg 300w, http:\/\/spp3.slawno.pl\/wp-content\/uploads\/2021\/03\/Solidarni-z-dzie\u0107mi-Downa2-768x576.jpg 768w, http:\/\/spp3.slawno.pl\/wp-content\/uploads\/2021\/03\/Solidarni-z-dzie\u0107mi-Downa2-678x509.jpg 678w, http:\/\/spp3.slawno.pl\/wp-content\/uploads\/2021\/03\/Solidarni-z-dzie\u0107mi-Downa2-326x245.jpg 326w, http:\/\/spp3.slawno.pl\/wp-content\/uploads\/2021\/03\/Solidarni-z-dzie\u0107mi-Downa2-80x60.jpg 80w\" sizes=\"(max-width: 960px) 100vw, 960px\" \/> <img loading=\"lazy\" decoding=\"async\" class=\"alignnone size-full wp-image-6601\" src=\"http:\/\/spp3.slawno.pl\/wp-content\/uploads\/2021\/03\/Solidarni-z-dzie\u0107mi-Downa3.jpg\" alt=\"Dzieci podczas zaj\u0119\u0107 o Zespole Downa\" width=\"960\" height=\"720\" srcset=\"http:\/\/spp3.slawno.pl\/wp-content\/uploads\/2021\/03\/Solidarni-z-dzie\u0107mi-Downa3.jpg 960w, http:\/\/spp3.slawno.pl\/wp-content\/uploads\/2021\/03\/Solidarni-z-dzie\u0107mi-Downa3-300x225.jpg 300w, http:\/\/spp3.slawno.pl\/wp-content\/uploads\/2021\/03\/Solidarni-z-dzie\u0107mi-Downa3-768x576.jpg 768w, http:\/\/spp3.slawno.pl\/wp-content\/uploads\/2021\/03\/Solidarni-z-dzie\u0107mi-Downa3-678x509.jpg 678w, http:\/\/spp3.slawno.pl\/wp-content\/uploads\/2021\/03\/Solidarni-z-dzie\u0107mi-Downa3-326x245.jpg 326w, http:\/\/spp3.slawno.pl\/wp-content\/uploads\/2021\/03\/Solidarni-z-dzie\u0107mi-Downa3-80x60.jpg 80w\" sizes=\"(max-width: 960px) 100vw, 960px\" \/> <img loading=\"lazy\" decoding=\"async\" class=\"alignnone size-full wp-image-6602\" src=\"http:\/\/spp3.slawno.pl\/wp-content\/uploads\/2021\/03\/Solidarni-z-dzie\u0107mi-Downa4.jpg\" alt=\"Dzieci podczas zaj\u0119\u0107 o Zespole Downa\" width=\"720\" height=\"960\" srcset=\"http:\/\/spp3.slawno.pl\/wp-content\/uploads\/2021\/03\/Solidarni-z-dzie\u0107mi-Downa4.jpg 720w, http:\/\/spp3.slawno.pl\/wp-content\/uploads\/2021\/03\/Solidarni-z-dzie\u0107mi-Downa4-225x300.jpg 225w\" sizes=\"(max-width: 720px) 100vw, 720px\" \/> <img loading=\"lazy\" decoding=\"async\" class=\"alignnone size-full wp-image-6603\" src=\"http:\/\/spp3.slawno.pl\/wp-content\/uploads\/2021\/03\/Solidarni-z-dzie\u0107mi-Downa5.jpg\" alt=\"Dzieci podczas zaj\u0119\u0107 o Zespole Downa\" width=\"720\" height=\"960\" srcset=\"http:\/\/spp3.slawno.pl\/wp-content\/uploads\/2021\/03\/Solidarni-z-dzie\u0107mi-Downa5.jpg 720w, http:\/\/spp3.slawno.pl\/wp-content\/uploads\/2021\/03\/Solidarni-z-dzie\u0107mi-Downa5-225x300.jpg 225w\" sizes=\"(max-width: 720px) 100vw, 720px\" \/> <img loading=\"lazy\" decoding=\"async\" class=\"alignnone size-full wp-image-6599\" src=\"http:\/\/spp3.slawno.pl\/wp-content\/uploads\/2021\/03\/Solidarni-z-dzie\u0107mi-Downa1.jpg\" alt=\"Dzieci podczas zaj\u0119\u0107 o Zespole Downa\" width=\"960\" height=\"720\" srcset=\"http:\/\/spp3.slawno.pl\/wp-content\/uploads\/2021\/03\/Solidarni-z-dzie\u0107mi-Downa1.jpg 960w, http:\/\/spp3.slawno.pl\/wp-content\/uploads\/2021\/03\/Solidarni-z-dzie\u0107mi-Downa1-300x225.jpg 300w, http:\/\/spp3.slawno.pl\/wp-content\/uploads\/2021\/03\/Solidarni-z-dzie\u0107mi-Downa1-768x576.jpg 768w, http:\/\/spp3.slawno.pl\/wp-content\/uploads\/2021\/03\/Solidarni-z-dzie\u0107mi-Downa1-678x509.jpg 678w, http:\/\/spp3.slawno.pl\/wp-content\/uploads\/2021\/03\/Solidarni-z-dzie\u0107mi-Downa1-326x245.jpg 326w, http:\/\/spp3.slawno.pl\/wp-content\/uploads\/2021\/03\/Solidarni-z-dzie\u0107mi-Downa1-80x60.jpg 80w\" sizes=\"(max-width: 960px) 100vw, 960px\" \/><\/p>\n","protected":false},"excerpt":{"rendered":"<div class=\"mh-excerpt\"><p>Wi\u0119cej zdj\u0119\u0107 na fb SP3<\/p>\n<\/div>","protected":false},"author":2,"featured_media":6598,"comment_status":"closed","ping_status":"open","sticky":false,"template":"","format":"standard","meta":{"footnotes":""},"categories":[32,22,8],"tags":[],"class_list":["post-6597","post","type-post","status-publish","format-standard","has-post-thumbnail","hentry","category-akcje","category-lekcje-w-naszej-szkole-nie-sa-nudne","category-wydarzenia"],"_links":{"self":[{"href":"http:\/\/spp3.slawno.pl\/index.php?rest_route=\/wp\/v2\/posts\/6597"}],"collection":[{"href":"http:\/\/spp3.slawno.pl\/index.php?rest_route=\/wp\/v2\/posts"}],"about":[{"href":"http:\/\/spp3.slawno.pl\/index.php?rest_route=\/wp\/v2\/types\/post"}],"author":[{"embeddable":true,"href":"http:\/\/spp3.slawno.pl\/index.php?rest_route=\/wp\/v2\/users\/2"}],"replies":[{"embeddable":true,"href":"http:\/\/spp3.slawno.pl\/index.php?rest_route=%2Fwp%2Fv2%2Fcomments&post=6597"}],"version-history":[{"count":2,"href":"http:\/\/spp3.slawno.pl\/index.php?rest_route=\/wp\/v2\/posts\/6597\/revisions"}],"predecessor-version":[{"id":6617,"href":"http:\/\/spp3.slawno.pl\/index.php?rest_route=\/wp\/v2\/posts\/6597\/revisions\/6617"}],"wp:featuredmedia":[{"embeddable":true,"href":"http:\/\/spp3.slawno.pl\/index.php?rest_route=\/wp\/v2\/media\/6598"}],"wp:attachment":[{"href":"http:\/\/spp3.slawno.pl\/index.php?rest_route=%2Fwp%2Fv2%2Fmedia&parent=6597"}],"wp:term":[{"taxonomy":"category","embeddable":true,"href":"http:\/\/spp3.slawno.pl\/index.php?rest_route=%2Fwp%2Fv2%2Fcategories&post=6597"},{"taxonomy":"post_tag","embeddable":true,"href":"http:\/\/spp3.slawno.pl\/index.php?rest_route=%2Fwp%2Fv2%2Ftags&post=6597"}],"curies":[{"name":"wp","href":"https:\/\/api.w.org\/{rel}","templated":true}]}}