{"id":6605,"date":"2021-03-20T17:43:02","date_gmt":"2021-03-20T16:43:02","guid":{"rendered":"http:\/\/spp3.slawno.pl\/?p=6605"},"modified":"2021-03-20T17:44:01","modified_gmt":"2021-03-20T16:44:01","slug":"warsztaty-stolarskie-w-klasie-2a","status":"publish","type":"post","link":"http:\/\/spp3.slawno.pl\/?p=6605","title":{"rendered":"Warsztaty stolarskie w klasie 2A&#8230;"},"content":{"rendered":"<p>Wi\u0119cej zdj\u0119\u0107 na <a href=\"https:\/\/www.facebook.com\/profile.php?id=100057090535208\">fb SP3<\/a><\/p>\n<p><img loading=\"lazy\" decoding=\"async\" class=\"alignnone size-full wp-image-6606\" src=\"http:\/\/spp3.slawno.pl\/wp-content\/uploads\/2021\/03\/Warsztaty-stolarskie.jpg\" alt=\"Dzieci podczas malowania drewnianych zaj\u0105czk\u00f3w\" width=\"960\" height=\"720\" srcset=\"http:\/\/spp3.slawno.pl\/wp-content\/uploads\/2021\/03\/Warsztaty-stolarskie.jpg 960w, http:\/\/spp3.slawno.pl\/wp-content\/uploads\/2021\/03\/Warsztaty-stolarskie-300x225.jpg 300w, http:\/\/spp3.slawno.pl\/wp-content\/uploads\/2021\/03\/Warsztaty-stolarskie-768x576.jpg 768w, http:\/\/spp3.slawno.pl\/wp-content\/uploads\/2021\/03\/Warsztaty-stolarskie-678x509.jpg 678w, http:\/\/spp3.slawno.pl\/wp-content\/uploads\/2021\/03\/Warsztaty-stolarskie-326x245.jpg 326w, http:\/\/spp3.slawno.pl\/wp-content\/uploads\/2021\/03\/Warsztaty-stolarskie-80x60.jpg 80w\" sizes=\"(max-width: 960px) 100vw, 960px\" \/> <img loading=\"lazy\" decoding=\"async\" class=\"alignnone size-full wp-image-6607\" src=\"http:\/\/spp3.slawno.pl\/wp-content\/uploads\/2021\/03\/Warsztaty-stolarskie1.jpg\" alt=\"Dzieci podczas malowania drewnianych zaj\u0105czk\u00f3w\" width=\"960\" height=\"720\" srcset=\"http:\/\/spp3.slawno.pl\/wp-content\/uploads\/2021\/03\/Warsztaty-stolarskie1.jpg 960w, http:\/\/spp3.slawno.pl\/wp-content\/uploads\/2021\/03\/Warsztaty-stolarskie1-300x225.jpg 300w, http:\/\/spp3.slawno.pl\/wp-content\/uploads\/2021\/03\/Warsztaty-stolarskie1-768x576.jpg 768w, http:\/\/spp3.slawno.pl\/wp-content\/uploads\/2021\/03\/Warsztaty-stolarskie1-678x509.jpg 678w, http:\/\/spp3.slawno.pl\/wp-content\/uploads\/2021\/03\/Warsztaty-stolarskie1-326x245.jpg 326w, http:\/\/spp3.slawno.pl\/wp-content\/uploads\/2021\/03\/Warsztaty-stolarskie1-80x60.jpg 80w\" sizes=\"(max-width: 960px) 100vw, 960px\" \/> <img loading=\"lazy\" decoding=\"async\" class=\"alignnone size-full wp-image-6608\" src=\"http:\/\/spp3.slawno.pl\/wp-content\/uploads\/2021\/03\/Warsztaty-stolarskie2.jpg\" alt=\"Dzieci podczas malowania drewnianych zaj\u0105czk\u00f3w\" width=\"720\" height=\"960\" srcset=\"http:\/\/spp3.slawno.pl\/wp-content\/uploads\/2021\/03\/Warsztaty-stolarskie2.jpg 720w, http:\/\/spp3.slawno.pl\/wp-content\/uploads\/2021\/03\/Warsztaty-stolarskie2-225x300.jpg 225w\" sizes=\"(max-width: 720px) 100vw, 720px\" \/> <img loading=\"lazy\" decoding=\"async\" class=\"alignnone size-full wp-image-6609\" src=\"http:\/\/spp3.slawno.pl\/wp-content\/uploads\/2021\/03\/Warsztaty-stolarskie3.jpg\" alt=\"Dzieci podczas malowania drewnianych zaj\u0105czk\u00f3w\" width=\"720\" height=\"960\" srcset=\"http:\/\/spp3.slawno.pl\/wp-content\/uploads\/2021\/03\/Warsztaty-stolarskie3.jpg 720w, http:\/\/spp3.slawno.pl\/wp-content\/uploads\/2021\/03\/Warsztaty-stolarskie3-225x300.jpg 225w\" sizes=\"(max-width: 720px) 100vw, 720px\" \/> <img loading=\"lazy\" decoding=\"async\" class=\"alignnone size-full wp-image-6610\" src=\"http:\/\/spp3.slawno.pl\/wp-content\/uploads\/2021\/03\/Warsztaty-stolarskie4.jpg\" alt=\"Dzieci podczas malowania drewnianych zaj\u0105czk\u00f3w\" width=\"720\" height=\"960\" srcset=\"http:\/\/spp3.slawno.pl\/wp-content\/uploads\/2021\/03\/Warsztaty-stolarskie4.jpg 720w, http:\/\/spp3.slawno.pl\/wp-content\/uploads\/2021\/03\/Warsztaty-stolarskie4-225x300.jpg 225w\" sizes=\"(max-width: 720px) 100vw, 720px\" \/> <img loading=\"lazy\" decoding=\"async\" class=\"alignnone size-full wp-image-6611\" src=\"http:\/\/spp3.slawno.pl\/wp-content\/uploads\/2021\/03\/Warsztaty-stolarskie5.jpg\" alt=\"Dzieci podczas malowania drewnianych zaj\u0105czk\u00f3w\" width=\"720\" height=\"960\" srcset=\"http:\/\/spp3.slawno.pl\/wp-content\/uploads\/2021\/03\/Warsztaty-stolarskie5.jpg 720w, http:\/\/spp3.slawno.pl\/wp-content\/uploads\/2021\/03\/Warsztaty-stolarskie5-225x300.jpg 225w\" sizes=\"(max-width: 720px) 100vw, 720px\" \/> <img loading=\"lazy\" decoding=\"async\" class=\"alignnone size-full wp-image-6612\" src=\"http:\/\/spp3.slawno.pl\/wp-content\/uploads\/2021\/03\/Warsztaty-stolarskie6.jpg\" alt=\"Dzieci podczas malowania drewnianych zaj\u0105czk\u00f3w\" width=\"720\" height=\"960\" srcset=\"http:\/\/spp3.slawno.pl\/wp-content\/uploads\/2021\/03\/Warsztaty-stolarskie6.jpg 720w, http:\/\/spp3.slawno.pl\/wp-content\/uploads\/2021\/03\/Warsztaty-stolarskie6-225x300.jpg 225w\" sizes=\"(max-width: 720px) 100vw, 720px\" \/> <img loading=\"lazy\" decoding=\"async\" class=\"alignnone size-full wp-image-6613\" src=\"http:\/\/spp3.slawno.pl\/wp-content\/uploads\/2021\/03\/Warsztaty-stolarskie7.jpg\" alt=\"Dzieci podczas malowania drewnianych zaj\u0105czk\u00f3w\" width=\"720\" height=\"960\" srcset=\"http:\/\/spp3.slawno.pl\/wp-content\/uploads\/2021\/03\/Warsztaty-stolarskie7.jpg 720w, http:\/\/spp3.slawno.pl\/wp-content\/uploads\/2021\/03\/Warsztaty-stolarskie7-225x300.jpg 225w\" sizes=\"(max-width: 720px) 100vw, 720px\" \/> <img loading=\"lazy\" decoding=\"async\" class=\"alignnone size-full wp-image-6614\" src=\"http:\/\/spp3.slawno.pl\/wp-content\/uploads\/2021\/03\/Warsztaty-stolarskie8.jpg\" alt=\"Dzieci podczas malowania drewnianych zaj\u0105czk\u00f3w\" width=\"960\" height=\"720\" srcset=\"http:\/\/spp3.slawno.pl\/wp-content\/uploads\/2021\/03\/Warsztaty-stolarskie8.jpg 960w, http:\/\/spp3.slawno.pl\/wp-content\/uploads\/2021\/03\/Warsztaty-stolarskie8-300x225.jpg 300w, http:\/\/spp3.slawno.pl\/wp-content\/uploads\/2021\/03\/Warsztaty-stolarskie8-768x576.jpg 768w, http:\/\/spp3.slawno.pl\/wp-content\/uploads\/2021\/03\/Warsztaty-stolarskie8-678x509.jpg 678w, http:\/\/spp3.slawno.pl\/wp-content\/uploads\/2021\/03\/Warsztaty-stolarskie8-326x245.jpg 326w, http:\/\/spp3.slawno.pl\/wp-content\/uploads\/2021\/03\/Warsztaty-stolarskie8-80x60.jpg 80w\" sizes=\"(max-width: 960px) 100vw, 960px\" \/><\/p>\n","protected":false},"excerpt":{"rendered":"<div class=\"mh-excerpt\"><p>Wi\u0119cej zdj\u0119\u0107 na fb SP3<\/p>\n<\/div>","protected":false},"author":2,"featured_media":6610,"comment_status":"closed","ping_status":"open","sticky":false,"template":"","format":"standard","meta":{"footnotes":""},"categories":[22,8],"tags":[],"class_list":["post-6605","post","type-post","status-publish","format-standard","has-post-thumbnail","hentry","category-lekcje-w-naszej-szkole-nie-sa-nudne","category-wydarzenia"],"_links":{"self":[{"href":"http:\/\/spp3.slawno.pl\/index.php?rest_route=\/wp\/v2\/posts\/6605"}],"collection":[{"href":"http:\/\/spp3.slawno.pl\/index.php?rest_route=\/wp\/v2\/posts"}],"about":[{"href":"http:\/\/spp3.slawno.pl\/index.php?rest_route=\/wp\/v2\/types\/post"}],"author":[{"embeddable":true,"href":"http:\/\/spp3.slawno.pl\/index.php?rest_route=\/wp\/v2\/users\/2"}],"replies":[{"embeddable":true,"href":"http:\/\/spp3.slawno.pl\/index.php?rest_route=%2Fwp%2Fv2%2Fcomments&post=6605"}],"version-history":[{"count":2,"href":"http:\/\/spp3.slawno.pl\/index.php?rest_route=\/wp\/v2\/posts\/6605\/revisions"}],"predecessor-version":[{"id":6616,"href":"http:\/\/spp3.slawno.pl\/index.php?rest_route=\/wp\/v2\/posts\/6605\/revisions\/6616"}],"wp:featuredmedia":[{"embeddable":true,"href":"http:\/\/spp3.slawno.pl\/index.php?rest_route=\/wp\/v2\/media\/6610"}],"wp:attachment":[{"href":"http:\/\/spp3.slawno.pl\/index.php?rest_route=%2Fwp%2Fv2%2Fmedia&parent=6605"}],"wp:term":[{"taxonomy":"category","embeddable":true,"href":"http:\/\/spp3.slawno.pl\/index.php?rest_route=%2Fwp%2Fv2%2Fcategories&post=6605"},{"taxonomy":"post_tag","embeddable":true,"href":"http:\/\/spp3.slawno.pl\/index.php?rest_route=%2Fwp%2Fv2%2Ftags&post=6605"}],"curies":[{"name":"wp","href":"https:\/\/api.w.org\/{rel}","templated":true}]}}