{"id":6634,"date":"2021-03-21T19:29:31","date_gmt":"2021-03-21T18:29:31","guid":{"rendered":"http:\/\/spp3.slawno.pl\/?p=6634"},"modified":"2021-05-30T17:57:56","modified_gmt":"2021-05-30T15:57:56","slug":"swiatowy-dzien-osob-z-zespolem-downa","status":"publish","type":"post","link":"http:\/\/spp3.slawno.pl\/?p=6634","title":{"rendered":"\u015awiatowy Dzie\u0144 Os\u00f3b z Zespo\u0142em Downa"},"content":{"rendered":"<p><span class=\"pq6dq46d tbxw36s4 knj5qynh kvgmc6g5 ditlmg2l oygrvhab nvdbi5me sf5mxxl7 gl3lb2sf hhz5lgdu\"><img loading=\"lazy\" decoding=\"async\" src=\"https:\/\/static.xx.fbcdn.net\/images\/emoji.php\/v9\/t82\/1\/16\/1f9e6.png\" alt=\"\ud83e\udde6\" width=\"16\" height=\"16\" \/><\/span><span class=\"pq6dq46d tbxw36s4 knj5qynh kvgmc6g5 ditlmg2l oygrvhab nvdbi5me sf5mxxl7 gl3lb2sf hhz5lgdu\"><img loading=\"lazy\" decoding=\"async\" src=\"https:\/\/static.xx.fbcdn.net\/images\/emoji.php\/v9\/t82\/1\/16\/1f9e6.png\" alt=\"\ud83e\udde6\" width=\"16\" height=\"16\" \/><\/span><span class=\"pq6dq46d tbxw36s4 knj5qynh kvgmc6g5 ditlmg2l oygrvhab nvdbi5me sf5mxxl7 gl3lb2sf hhz5lgdu\"><img loading=\"lazy\" decoding=\"async\" src=\"https:\/\/static.xx.fbcdn.net\/images\/emoji.php\/v9\/t82\/1\/16\/1f9e6.png\" alt=\"\ud83e\udde6\" width=\"16\" height=\"16\" \/><\/span>Nadej\u015bcie wiosny to nie jedyna okazja do \u015bwi\u0119towania. Tego dnia obchodzimy r\u00f3wnie\u017c \u015awiatowy Dzie\u0144 Os\u00f3b z Zespo\u0142em Downa. My te\u017c okazali\u015bmy im swoje wsparcie, w\u0142\u0105czaj\u0105c si\u0119 w kampani\u0119 edukacyjn\u0105 <a class=\"oajrlxb2 g5ia77u1 qu0x051f esr5mh6w e9989ue4 r7d6kgcz rq0escxv nhd2j8a9 nc684nl6 p7hjln8o kvgmc6g5 cxmmr5t8 oygrvhab hcukyx3x jb3vyjys rz4wbd8a qt6c0cv9 a8nywdso i1ao9s8h esuyzwwr f1sip0of lzcic4wl q66pz984 gpro0wi8 b1v8xokw\" tabindex=\"0\" role=\"link\" href=\"https:\/\/www.facebook.com\/hashtag\/mi%C4%99dzynarodowyprojektedukacyjnyemocje?__eep__=6&amp;__cft__[0]=AZVyog5z5zampwcuh7AZJj3vZO1G35tHPxds-oqLBckBTrURWW7gq_SD6puy47J9UB7Th0WlyaUPmLJ3uyhDIlWZesAtFuuPohECe-voqMUi6daw1yWNyc05c9JkHn9DrfUh7dxfQWwgF2NL0OT4THer&amp;__tn__=*NK-R\">#Mi\u0119dzynarodowyProjektEdukacyjnyEmocje<\/a>. Za\u0142o\u017cyli\u015bmy dwie kolorowe skarpetki nie do pary. Dzi\u0119ki temu pokazali\u015bmy swoje pozytywne nastawienie by pom\u00f3c zmienia\u0107 spo\u0142eczne stereotypy. W ramach akcji wykonali\u015bmy te\u017c pacynki skarpetkowe<span class=\"pq6dq46d tbxw36s4 knj5qynh kvgmc6g5 ditlmg2l oygrvhab nvdbi5me sf5mxxl7 gl3lb2sf hhz5lgdu\"><img loading=\"lazy\" decoding=\"async\" src=\"https:\/\/static.xx.fbcdn.net\/images\/emoji.php\/v9\/t82\/1\/16\/1f9e6.png\" alt=\"\ud83e\udde6\" width=\"16\" height=\"16\" \/><\/span><span class=\"pq6dq46d tbxw36s4 knj5qynh kvgmc6g5 ditlmg2l oygrvhab nvdbi5me sf5mxxl7 gl3lb2sf hhz5lgdu\"><img loading=\"lazy\" decoding=\"async\" src=\"https:\/\/static.xx.fbcdn.net\/images\/emoji.php\/v9\/t82\/1\/16\/1f9e6.png\" alt=\"\ud83e\udde6\" width=\"16\" height=\"16\" \/><\/span><span class=\"pq6dq46d tbxw36s4 knj5qynh kvgmc6g5 ditlmg2l oygrvhab nvdbi5me sf5mxxl7 gl3lb2sf hhz5lgdu\"><img loading=\"lazy\" decoding=\"async\" src=\"https:\/\/static.xx.fbcdn.net\/images\/emoji.php\/v9\/t82\/1\/16\/1f9e6.png\" alt=\"\ud83e\udde6\" width=\"16\" height=\"16\" \/><\/span><\/p>\n<p>Wi\u0119cej zdj\u0119\u0107 na <a href=\"https:\/\/www.facebook.com\/profile.php?id=100057090535208\">fb SP3<\/a><\/p>\n<p><img loading=\"lazy\" decoding=\"async\" class=\"alignnone size-full wp-image-6635\" src=\"http:\/\/spp3.slawno.pl\/wp-content\/uploads\/2021\/03\/Dzie\u0144-Os\u00f3b-z-Zespo\u0142em-Downa.jpg\" alt=\"Dzieci w kolorowych , r\u00f3\u017cnych skarpetkach-symbolem os\u00f3b chorych na Zesp\u00f3\u0142 Downa\" width=\"960\" height=\"720\" srcset=\"http:\/\/spp3.slawno.pl\/wp-content\/uploads\/2021\/03\/Dzie\u0144-Os\u00f3b-z-Zespo\u0142em-Downa.jpg 960w, http:\/\/spp3.slawno.pl\/wp-content\/uploads\/2021\/03\/Dzie\u0144-Os\u00f3b-z-Zespo\u0142em-Downa-300x225.jpg 300w, http:\/\/spp3.slawno.pl\/wp-content\/uploads\/2021\/03\/Dzie\u0144-Os\u00f3b-z-Zespo\u0142em-Downa-768x576.jpg 768w, http:\/\/spp3.slawno.pl\/wp-content\/uploads\/2021\/03\/Dzie\u0144-Os\u00f3b-z-Zespo\u0142em-Downa-678x509.jpg 678w, http:\/\/spp3.slawno.pl\/wp-content\/uploads\/2021\/03\/Dzie\u0144-Os\u00f3b-z-Zespo\u0142em-Downa-326x245.jpg 326w, http:\/\/spp3.slawno.pl\/wp-content\/uploads\/2021\/03\/Dzie\u0144-Os\u00f3b-z-Zespo\u0142em-Downa-80x60.jpg 80w\" sizes=\"(max-width: 960px) 100vw, 960px\" \/> <img loading=\"lazy\" decoding=\"async\" class=\"alignnone size-full wp-image-6637\" src=\"http:\/\/spp3.slawno.pl\/wp-content\/uploads\/2021\/03\/Dzie\u0144-Os\u00f3b-z-Zespo\u0142em-Downa2.jpg\" alt=\"Dzieci w kolorowych , r\u00f3\u017cnych skarpetkach-symbolem os\u00f3b chorych na Zesp\u00f3\u0142 Downa\" width=\"960\" height=\"720\" srcset=\"http:\/\/spp3.slawno.pl\/wp-content\/uploads\/2021\/03\/Dzie\u0144-Os\u00f3b-z-Zespo\u0142em-Downa2.jpg 960w, http:\/\/spp3.slawno.pl\/wp-content\/uploads\/2021\/03\/Dzie\u0144-Os\u00f3b-z-Zespo\u0142em-Downa2-300x225.jpg 300w, http:\/\/spp3.slawno.pl\/wp-content\/uploads\/2021\/03\/Dzie\u0144-Os\u00f3b-z-Zespo\u0142em-Downa2-768x576.jpg 768w, http:\/\/spp3.slawno.pl\/wp-content\/uploads\/2021\/03\/Dzie\u0144-Os\u00f3b-z-Zespo\u0142em-Downa2-678x509.jpg 678w, http:\/\/spp3.slawno.pl\/wp-content\/uploads\/2021\/03\/Dzie\u0144-Os\u00f3b-z-Zespo\u0142em-Downa2-326x245.jpg 326w, http:\/\/spp3.slawno.pl\/wp-content\/uploads\/2021\/03\/Dzie\u0144-Os\u00f3b-z-Zespo\u0142em-Downa2-80x60.jpg 80w\" sizes=\"(max-width: 960px) 100vw, 960px\" \/> <img loading=\"lazy\" decoding=\"async\" class=\"alignnone size-full wp-image-6636\" src=\"http:\/\/spp3.slawno.pl\/wp-content\/uploads\/2021\/03\/Dzie\u0144-Os\u00f3b-z-Zespo\u0142em-Downa1.jpg\" alt=\"Dzieci w kolorowych , r\u00f3\u017cnych skarpetkach-symbolem os\u00f3b chorych na Zesp\u00f3\u0142 Downa\" width=\"960\" height=\"720\" srcset=\"http:\/\/spp3.slawno.pl\/wp-content\/uploads\/2021\/03\/Dzie\u0144-Os\u00f3b-z-Zespo\u0142em-Downa1.jpg 960w, http:\/\/spp3.slawno.pl\/wp-content\/uploads\/2021\/03\/Dzie\u0144-Os\u00f3b-z-Zespo\u0142em-Downa1-300x225.jpg 300w, http:\/\/spp3.slawno.pl\/wp-content\/uploads\/2021\/03\/Dzie\u0144-Os\u00f3b-z-Zespo\u0142em-Downa1-768x576.jpg 768w, http:\/\/spp3.slawno.pl\/wp-content\/uploads\/2021\/03\/Dzie\u0144-Os\u00f3b-z-Zespo\u0142em-Downa1-678x509.jpg 678w, http:\/\/spp3.slawno.pl\/wp-content\/uploads\/2021\/03\/Dzie\u0144-Os\u00f3b-z-Zespo\u0142em-Downa1-326x245.jpg 326w, http:\/\/spp3.slawno.pl\/wp-content\/uploads\/2021\/03\/Dzie\u0144-Os\u00f3b-z-Zespo\u0142em-Downa1-80x60.jpg 80w\" sizes=\"(max-width: 960px) 100vw, 960px\" \/><\/p>\n","protected":false},"excerpt":{"rendered":"<div class=\"mh-excerpt\"><p>Nadej\u015bcie wiosny to nie jedyna okazja do \u015bwi\u0119towania. Tego dnia obchodzimy r\u00f3wnie\u017c \u015awiatowy Dzie\u0144 Os\u00f3b z Zespo\u0142em Downa. My te\u017c okazali\u015bmy im swoje wsparcie, w\u0142\u0105czaj\u0105c <a class=\"mh-excerpt-more\" href=\"http:\/\/spp3.slawno.pl\/?p=6634\" title=\"\u015awiatowy Dzie\u0144 Os\u00f3b z Zespo\u0142em Downa\">[&#8230;]<\/a><\/p>\n<\/div>","protected":false},"author":2,"featured_media":6637,"comment_status":"closed","ping_status":"open","sticky":false,"template":"","format":"standard","meta":{"footnotes":""},"categories":[32,22,8],"tags":[],"class_list":["post-6634","post","type-post","status-publish","format-standard","has-post-thumbnail","hentry","category-akcje","category-lekcje-w-naszej-szkole-nie-sa-nudne","category-wydarzenia"],"_links":{"self":[{"href":"http:\/\/spp3.slawno.pl\/index.php?rest_route=\/wp\/v2\/posts\/6634"}],"collection":[{"href":"http:\/\/spp3.slawno.pl\/index.php?rest_route=\/wp\/v2\/posts"}],"about":[{"href":"http:\/\/spp3.slawno.pl\/index.php?rest_route=\/wp\/v2\/types\/post"}],"author":[{"embeddable":true,"href":"http:\/\/spp3.slawno.pl\/index.php?rest_route=\/wp\/v2\/users\/2"}],"replies":[{"embeddable":true,"href":"http:\/\/spp3.slawno.pl\/index.php?rest_route=%2Fwp%2Fv2%2Fcomments&post=6634"}],"version-history":[{"count":2,"href":"http:\/\/spp3.slawno.pl\/index.php?rest_route=\/wp\/v2\/posts\/6634\/revisions"}],"predecessor-version":[{"id":6665,"href":"http:\/\/spp3.slawno.pl\/index.php?rest_route=\/wp\/v2\/posts\/6634\/revisions\/6665"}],"wp:featuredmedia":[{"embeddable":true,"href":"http:\/\/spp3.slawno.pl\/index.php?rest_route=\/wp\/v2\/media\/6637"}],"wp:attachment":[{"href":"http:\/\/spp3.slawno.pl\/index.php?rest_route=%2Fwp%2Fv2%2Fmedia&parent=6634"}],"wp:term":[{"taxonomy":"category","embeddable":true,"href":"http:\/\/spp3.slawno.pl\/index.php?rest_route=%2Fwp%2Fv2%2Fcategories&post=6634"},{"taxonomy":"post_tag","embeddable":true,"href":"http:\/\/spp3.slawno.pl\/index.php?rest_route=%2Fwp%2Fv2%2Ftags&post=6634"}],"curies":[{"name":"wp","href":"https:\/\/api.w.org\/{rel}","templated":true}]}}